{"id":572846,"date":"2024-11-07T22:42:38","date_gmt":"2024-11-08T02:42:38","guid":{"rendered":"https:\/\/diariodominicano.com\/?p=572846"},"modified":"2024-11-08T09:44:14","modified_gmt":"2024-11-08T13:44:14","slug":"trump-nombra-a-susie-wiles-como-futura-jefa-de-gabinete-en-la-casa-blanca","status":"publish","type":"post","link":"https:\/\/diariodominicano.com\/?p=572846","title":{"rendered":"Trump nombra a Susie Wiles como futura jefa de Gabinete en la Casa Blanca"},"content":{"rendered":"\n<p>diariodominicano.com<\/p>\n\n\n\n<p>WASHINGTON, 7 nov (Xinhua) &#8212; El presidente electo de Estados Unidos, Donald Trump, nombr\u00f3 el jueves a la directora de su campa\u00f1a electoral, Susie Wiles, como su jefa de Gabinete en la Casa Blanca. \u00abSusie Wiles acaba de ayudarme a lograr una de las mayores victorias pol\u00edticas en la historia de Estados Unidos, y fue parte integral de mis exitosas campa\u00f1as de 2016 y 2020\u00bb, dijo Trump en un comunicado. Wiles, una experimentada estratega republicana, es ampliamente reconocida por supervisar la campa\u00f1a m\u00e1s organizada y eficaz de Trump. El presidente electo dio las gracias personalmente a Wiles en su discurso de victoria en su cuartel general electoral de West Palm Beach (Florida). \u00abSusie es dura, inteligente, innovadora, y es universalmente admirada y respetada. Susie seguir\u00e1 trabajando incansablemente para hacer que Estados Unidos vuelva a ser grande\u00bb, declar\u00f3 Trump. \u00abEs un honor bien merecido tener a Susie como la primera mujer jefa de Gabinete en la historia de Estados Unidos. No tengo ninguna duda de que har\u00e1 que nuestro pa\u00eds se sienta orgulloso\u00bb, a\u00f1adi\u00f3. El nombramiento provisional se produjo menos de dos d\u00edas despu\u00e9s de que Trump venciera en las urnas a su oponente dem\u00f3crata y vicepresidenta del pa\u00eds, Kamala Harris, ganando por goleada en temas como la inflaci\u00f3n, la inmigraci\u00f3n y los conflictos en el Oriente Medio.<\/p>\n\n\n\n<p>#Trump nombra a Susie Wiles\u2003\u2003\u2003 #Susie Wiles\u2003#Trump<\/p>\n","protected":false},"excerpt":{"rendered":"<p>diariodominicano.com WASHINGTON, 7 nov (Xinhua) &#8212; El presidente electo de Estados Unidos, Donald Trump, nombr\u00f3 el jueves a la directora de su campa\u00f1a electoral, Susie Wiles, como su jefa de Gabinete en la Casa Blanca. \u00abSusie Wiles acaba de ayudarme a lograr una de las mayores victorias pol\u00edticas en la historia de Estados Unidos, y [&hellip;]<\/p>\n","protected":false},"author":5,"featured_media":572847,"comment_status":"closed","ping_status":"closed","sticky":true,"template":"","format":"standard","meta":{"footnotes":""},"categories":[23,27],"tags":[],"class_list":["post-572846","post","type-post","status-publish","format-standard","has-post-thumbnail","hentry","category-internacional","category-portada"],"_links":{"self":[{"href":"https:\/\/diariodominicano.com\/index.php?rest_route=\/wp\/v2\/posts\/572846","targetHints":{"allow":["GET"]}}],"collection":[{"href":"https:\/\/diariodominicano.com\/index.php?rest_route=\/wp\/v2\/posts"}],"about":[{"href":"https:\/\/diariodominicano.com\/index.php?rest_route=\/wp\/v2\/types\/post"}],"author":[{"embeddable":true,"href":"https:\/\/diariodominicano.com\/index.php?rest_route=\/wp\/v2\/users\/5"}],"replies":[{"embeddable":true,"href":"https:\/\/diariodominicano.com\/index.php?rest_route=%2Fwp%2Fv2%2Fcomments&post=572846"}],"version-history":[{"count":2,"href":"https:\/\/diariodominicano.com\/index.php?rest_route=\/wp\/v2\/posts\/572846\/revisions"}],"predecessor-version":[{"id":572914,"href":"https:\/\/diariodominicano.com\/index.php?rest_route=\/wp\/v2\/posts\/572846\/revisions\/572914"}],"wp:featuredmedia":[{"embeddable":true,"href":"https:\/\/diariodominicano.com\/index.php?rest_route=\/wp\/v2\/media\/572847"}],"wp:attachment":[{"href":"https:\/\/diariodominicano.com\/index.php?rest_route=%2Fwp%2Fv2%2Fmedia&parent=572846"}],"wp:term":[{"taxonomy":"category","embeddable":true,"href":"https:\/\/diariodominicano.com\/index.php?rest_route=%2Fwp%2Fv2%2Fcategories&post=572846"},{"taxonomy":"post_tag","embeddable":true,"href":"https:\/\/diariodominicano.com\/index.php?rest_route=%2Fwp%2Fv2%2Ftags&post=572846"}],"curies":[{"name":"wp","href":"https:\/\/api.w.org\/{rel}","templated":true}]}}