{"id":572829,"date":"2024-11-07T20:48:54","date_gmt":"2024-11-08T00:48:54","guid":{"rendered":"https:\/\/diariodominicano.com\/?p=572829"},"modified":"2024-11-07T20:49:02","modified_gmt":"2024-11-08T00:49:02","slug":"reserva-federal-de-eeuu-recorta-tasas-de-interes-en-25-puntos-base","status":"publish","type":"post","link":"https:\/\/diariodominicano.com\/?p=572829","title":{"rendered":"Reserva Federal de EEUU recorta tasas de inter\u00e9s en 25 puntos base"},"content":{"rendered":"\n<p>diariodominicano.com<\/p>\n\n\n\n<p>WASHINGTON, 7 nov (Xinhua) &#8212; La Reserva Federal de Estados Unidos recort\u00f3 hoy las tasas de inter\u00e9s en 25 puntos base, en medio de un enfriamiento de la inflaci\u00f3n y del debilitamiento del mercado laboral, lo que representa la segunda reducci\u00f3n de las tasas. en este ciclo de flexibilizaci\u00f3n. \u00abDesde inicios de este a\u00f1o, las condiciones del mercado laboral en general se han distendido y la tasa de desempleo se ha elevado, pero sigue siendo baja. La inflaci\u00f3n ha avanzado hacia el objetivo de dos por ciento del comit\u00e9, pero sigue siendo elevada en cierta medida\u00bb, indic\u00f3 en una declaraci\u00f3n el Comit\u00e9 Federal Abierto de Mercado, el \u00f3rgano de elaboraci\u00f3n de pol\u00edticas del banco central. En apoyo de sus objetivos, el comit\u00e9 decidi\u00f3 reducir el rango objetivo de las tasas de los fondos federales en 0,25 puntos porcentuales para llegar a entre 4,5 y 4,75 por ciento, a\u00f1adi\u00f3 la declaraci\u00f3n. La m\u00e1s reciente decisi\u00f3n de la Reserva Federal se produjo luego de un d\u00e9bil informe de empleo que mostr\u00f3 que los patrones estadounidenses s\u00f3lo a\u00f1adieron 12.000 trabajos en octubre, en medio de un enfriamiento del mercado laboral. Esta desaceleraci\u00f3n fue exacerbada por una huelga y por el impacto de los huracanes recientes. El informe m\u00e1s reciente tambi\u00e9n revis\u00f3 a la baja el empleo para agosto y septiembre, para una ganancia de 78.000 y 223.000, respectivamente. Con estas revisiones, el n\u00famero de empleos agregados en los dos meses combinados fue de 112.000 menos de lo que se hab\u00eda informado anteriormente. Despu\u00e9s de su reuni\u00f3n del 17 y 18 de septiembre, el banco central redujo el rango objetivo de las tasas de fondos federales en 50 puntos base, lo que represent\u00f3 el primer recorte en m\u00e1s de cuatro a\u00f1os y marc\u00f3 el inicio de un ciclo de flexibilizaci\u00f3n. En una conferencia de prensa ofrecida despu\u00e9s de la reuni\u00f3n de dos d\u00edas de la Fed sobre pol\u00edticas, el presidente de la Fed, Jerome Powell, dijo que la inflaci\u00f3n ha disminuido significativamente en los \u00faltimos dos a\u00f1os, pero que la inflaci\u00f3n subyacente sigue un tanto elevada. . Los precios del Gasto de Consumo Personal (PCE, por sus siglas en ingl\u00e9s), el indicador preferido de la Fed para la inflaci\u00f3n, subieron 2,1 por ciento en los 12 meses transcurridos hasta finales de septiembre. Sin incluir las categor\u00edas vol\u00e1tiles de alimentos y energ\u00eda, los precios subyacentes del PCE subieron el 2,7 por ciento. \u00abEl trabajo no ha concluido en materia de inflaci\u00f3n\u00bb, dijo Powell El presidente de la Fed dijo que el comit\u00e9 est\u00e1 en proceso de \u00abrecalibrar\u00bb desde \u00abun nivel bastante restrictivo\u00bb y dijo que el rango objetivo de la tasa sobre fondos federales ha sido reducido en 75 puntos base despu\u00e9s de dos recortes consecutivos. Powell reconoci\u00f3 que a pesar de que la econom\u00eda est\u00e1 funcionando bien, los estadounidenses siguen sintiendo el efecto de los precios elevados. \u00abSe requieren algunos a\u00f1os de verdaderas ganancias salariales para que la gente se sienta mejor\u00bb, dijo.La m\u00e1s reciente reuni\u00f3n del FOMC se produjo poco despu\u00e9s de la elecci\u00f3n presidencial de 2024 en Estados Unidos en la que el expresidente Donald Trump, candidato republicano, obtuvo una mayor\u00eda arrolladora en temas como inflaci\u00f3n, inmigraci\u00f3n y conflictos en Medio Oriente. Powell dijo que en el corto plazo, la elecci\u00f3n no tendr\u00e1 ning\u00fan efecto sobre las decisiones sobre pol\u00edticas de la Fed. \u00abEspec\u00edficamente, si esas (nuevas) pol\u00edticas importar\u00e1n o no o en qu\u00e9 medida lo har\u00e1n para el logro de nuestras variables objetivo, m\u00e1ximo empleo y estabilidad de precios, nosotros no adivinamos, no especulamos y no suponemos\u00bb, dijo. Cuando se le pregunt\u00f3 si dejar\u00eda el cargo si el presidente electo Donald Trump pide su renuncia, Powell respondi\u00f3 con un firme \u00abno\u00bb. Cuando se le pregunt\u00f3 si en su opini\u00f3n el futuro presidente tiene el poder para despedirlo, el presidente de la Fed respondi\u00f3 que \u00abla ley no lo permite\u00bb.<\/p>\n","protected":false},"excerpt":{"rendered":"<p>diariodominicano.com WASHINGTON, 7 nov (Xinhua) &#8212; La Reserva Federal de Estados Unidos recort\u00f3 hoy las tasas de inter\u00e9s en 25 puntos base, en medio de un enfriamiento de la inflaci\u00f3n y del debilitamiento del mercado laboral, lo que representa la segunda reducci\u00f3n de las tasas. en este ciclo de flexibilizaci\u00f3n. \u00abDesde inicios de este a\u00f1o, [&hellip;]<\/p>\n","protected":false},"author":5,"featured_media":458323,"comment_status":"closed","ping_status":"closed","sticky":true,"template":"","format":"standard","meta":{"footnotes":""},"categories":[23,27],"tags":[],"class_list":["post-572829","post","type-post","status-publish","format-standard","has-post-thumbnail","hentry","category-internacional","category-portada"],"_links":{"self":[{"href":"https:\/\/diariodominicano.com\/index.php?rest_route=\/wp\/v2\/posts\/572829","targetHints":{"allow":["GET"]}}],"collection":[{"href":"https:\/\/diariodominicano.com\/index.php?rest_route=\/wp\/v2\/posts"}],"about":[{"href":"https:\/\/diariodominicano.com\/index.php?rest_route=\/wp\/v2\/types\/post"}],"author":[{"embeddable":true,"href":"https:\/\/diariodominicano.com\/index.php?rest_route=\/wp\/v2\/users\/5"}],"replies":[{"embeddable":true,"href":"https:\/\/diariodominicano.com\/index.php?rest_route=%2Fwp%2Fv2%2Fcomments&post=572829"}],"version-history":[{"count":1,"href":"https:\/\/diariodominicano.com\/index.php?rest_route=\/wp\/v2\/posts\/572829\/revisions"}],"predecessor-version":[{"id":572830,"href":"https:\/\/diariodominicano.com\/index.php?rest_route=\/wp\/v2\/posts\/572829\/revisions\/572830"}],"wp:featuredmedia":[{"embeddable":true,"href":"https:\/\/diariodominicano.com\/index.php?rest_route=\/wp\/v2\/media\/458323"}],"wp:attachment":[{"href":"https:\/\/diariodominicano.com\/index.php?rest_route=%2Fwp%2Fv2%2Fmedia&parent=572829"}],"wp:term":[{"taxonomy":"category","embeddable":true,"href":"https:\/\/diariodominicano.com\/index.php?rest_route=%2Fwp%2Fv2%2Fcategories&post=572829"},{"taxonomy":"post_tag","embeddable":true,"href":"https:\/\/diariodominicano.com\/index.php?rest_route=%2Fwp%2Fv2%2Ftags&post=572829"}],"curies":[{"name":"wp","href":"https:\/\/api.w.org\/{rel}","templated":true}]}}