{"id":572808,"date":"2024-11-08T14:49:33","date_gmt":"2024-11-08T18:49:33","guid":{"rendered":"https:\/\/diariodominicano.com\/?p=572808"},"modified":"2024-11-08T22:40:59","modified_gmt":"2024-11-09T02:40:59","slug":"inefi-construira-un-polideportivo-en-el-centro-educativo-doctor-fabio-a-mota","status":"publish","type":"post","link":"https:\/\/diariodominicano.com\/?p=572808","title":{"rendered":"INEFI anuncia construir\u00e1 un polideportivo en el Centro Educativo Doctor Fabio A. Mota"},"content":{"rendered":"\n<p><em>La obra, pautada por el Ministerio de Educaci\u00f3n (MINERD), forma parte del programa de edificaci\u00f3n de obras deportivas del gobierno en todo el pa\u00eds<\/em><em><br><\/em><em>&nbsp;<\/em><\/p>\n\n\n\n<p>SANTO DOMINGO, RD.- Dentro del marco de los festejos del \u201cD\u00eda Nacional del Deporte\u201d, el director ejecutivo del Instituto Nacional de Educaci\u00f3n F\u00edsica (INEFI), Alberto Rodr\u00edguez Mella, anunci\u00f3 el  jueves la construcci\u00f3n de un polideportivo en el Centro Educativo Doctor Fabio Amable Mota, ubicado en la avenida Venezuela, del sector Los Mina.<\/p>\n\n\n\n<p>Rodr\u00edguez Mella, acompa\u00f1ado por un equipo de ingenieros y t\u00e9cnicos a cargo de la obra, convers\u00f3 con la directora, profesores y estudiantes del centro escolar, destacando que el objetivo primordial de la edificaci\u00f3n es que los alumnos, atletas y residentes en dicho sector puedan aprovechar las facilidades que ofrecer\u00e1 este tipo de instalaci\u00f3n\u201d.<\/p>\n\n\n\n<figure class=\"wp-block-image\"><img decoding=\"async\" src=\"https:\/\/diariodominicano.com\/wp-content\/uploads\/2024\/11\/Perspectiva-de-la-cancha-de-baloncesto-y-voleibol-del-Centro-Educativo-Doctor-Fabio-Amable-Mota-ubicado-en-el-sector-Los-Mina-1024x576.jpeg\" alt=\"\"\/><\/figure>\n\n\n\n<p>\u00abPor la historia y el tiempo que tiene este centro educativo se merec\u00eda la construcci\u00f3n de un polideportivo escolar como los que ha venido haciendo el presidente Luis Abinader en todo el territorio nacional\u00bb, resalt\u00f3 Rodr\u00edguez Mella a la directora Noris Rodr\u00edguez Leyva, a quien exhort\u00f3 les informara a los alumnos sobre la construcci\u00f3n del techado.<\/p>\n\n\n\n<p>Estim\u00f3 que la obra estar\u00eda lista para dentro de seis u ocho meses, y el mismo ser\u00e1 de gran importancia no s\u00f3lo para ese centro educativo, sino tambi\u00e9n para toda la comunidad del municipio Santo Domingo Este, ya que en la misma se podr\u00e1n celebrar actividades recreativas y familiares.<\/p>\n\n\n\n<p>\u00abNosotros somos apenas una herramienta para hacer realidad este proyecto que va en favor de todos los comunitarios de aqu\u00ed, y estamos conscientes de que el techado no es s\u00f3lo un espacio para practicar deporte, sino tambi\u00e9n que sea abierto a la comunidad para que puedan realizar graduaciones, cumplea\u00f1os, reuniones de junta de vecinos, fiestas, entre otros tipos de actividades\u00bb, apostill\u00f3 Rodr\u00edguez Mella.<\/p>\n","protected":false},"excerpt":{"rendered":"<p>La obra, pautada por el Ministerio de Educaci\u00f3n (MINERD), forma parte del programa de edificaci\u00f3n de obras deportivas del gobierno en todo el pa\u00eds&nbsp; SANTO DOMINGO, RD.- Dentro del marco de los festejos del \u201cD\u00eda Nacional del Deporte\u201d, el director ejecutivo del Instituto Nacional de Educaci\u00f3n F\u00edsica (INEFI), Alberto Rodr\u00edguez Mella, anunci\u00f3 el jueves la [&hellip;]<\/p>\n","protected":false},"author":7,"featured_media":573060,"comment_status":"closed","ping_status":"closed","sticky":true,"template":"","format":"standard","meta":{"footnotes":""},"categories":[17],"tags":[775,491],"class_list":["post-572808","post","type-post","status-publish","format-standard","has-post-thumbnail","hentry","category-deportes","tag-centro-educativo-doctor-fabio-a-mota","tag-inefi"],"_links":{"self":[{"href":"https:\/\/diariodominicano.com\/index.php?rest_route=\/wp\/v2\/posts\/572808","targetHints":{"allow":["GET"]}}],"collection":[{"href":"https:\/\/diariodominicano.com\/index.php?rest_route=\/wp\/v2\/posts"}],"about":[{"href":"https:\/\/diariodominicano.com\/index.php?rest_route=\/wp\/v2\/types\/post"}],"author":[{"embeddable":true,"href":"https:\/\/diariodominicano.com\/index.php?rest_route=\/wp\/v2\/users\/7"}],"replies":[{"embeddable":true,"href":"https:\/\/diariodominicano.com\/index.php?rest_route=%2Fwp%2Fv2%2Fcomments&post=572808"}],"version-history":[{"count":2,"href":"https:\/\/diariodominicano.com\/index.php?rest_route=\/wp\/v2\/posts\/572808\/revisions"}],"predecessor-version":[{"id":573067,"href":"https:\/\/diariodominicano.com\/index.php?rest_route=\/wp\/v2\/posts\/572808\/revisions\/573067"}],"wp:featuredmedia":[{"embeddable":true,"href":"https:\/\/diariodominicano.com\/index.php?rest_route=\/wp\/v2\/media\/573060"}],"wp:attachment":[{"href":"https:\/\/diariodominicano.com\/index.php?rest_route=%2Fwp%2Fv2%2Fmedia&parent=572808"}],"wp:term":[{"taxonomy":"category","embeddable":true,"href":"https:\/\/diariodominicano.com\/index.php?rest_route=%2Fwp%2Fv2%2Fcategories&post=572808"},{"taxonomy":"post_tag","embeddable":true,"href":"https:\/\/diariodominicano.com\/index.php?rest_route=%2Fwp%2Fv2%2Ftags&post=572808"}],"curies":[{"name":"wp","href":"https:\/\/api.w.org\/{rel}","templated":true}]}}