{"id":572807,"date":"2024-11-07T19:02:18","date_gmt":"2024-11-07T23:02:18","guid":{"rendered":"https:\/\/diariodominicano.com\/?p=572807"},"modified":"2024-11-08T01:13:03","modified_gmt":"2024-11-08T05:13:03","slug":"la-ue-y-sus-socios-defienden-una-digitalizacion-centrada-en-el-ser-humano-en-america-latina-y-el-caribe","status":"publish","type":"post","link":"https:\/\/diariodominicano.com\/?p=572807","title":{"rendered":"La UE y sus socios defienden una digitalizaci\u00f3n centrada en el ser humano en Am\u00e9rica Latina y el Caribe"},"content":{"rendered":"\n<p><strong>Art\u00edculo escrito por:<\/strong><\/p>\n\n\n\n<ul class=\"wp-block-list\">\n<li><strong><em>Jutta Urpilainen, Comisaria de Asociaciones Internacionales de la Comisi\u00f3n Europea<\/em><\/strong><\/li>\n<\/ul>\n\n\n\n<p>Incluso si aceptamos que las tecnolog\u00edas son herramientas neutras, su despliegue en el mundo real siempre implica valores e intereses, a veces contrapuestos. Uno de los sectores m\u00e1s disputados es sin duda la infraestructura digital: un sector con potencial para empoderar a las personas, pero tambi\u00e9n para oprimir, exacerbar los riesgos para la seguridad y aumentar las desigualdades. Debemos ser proactivos para velar por que la digitalizaci\u00f3n defienda los derechos humanos y aporte beneficios a todos, no solo a unos pocos. En Am\u00e9rica Latina y el Caribe, la Uni\u00f3n Europea est\u00e1 llevando a cabo una labor pionera con sus socios en pro de ese futuro digital centrado en el ser humano.<\/p>\n\n\n\n<p>El enfoque de la UE se deriva de la Declaraci\u00f3n Europea sobre los Derechos y Principios Digitales, que sit\u00faa los derechos humanos en el centro de las transformaciones digitales. En los \u00faltimos a\u00f1os, hemos adoptado legislaci\u00f3n a escala europea que establece normativa en materia de gobernanza de datos, mercados digitales, servicios digitales e inteligencia artificial. Apoyamos firmemente un enfoque centrado en los derechos humanos tambi\u00e9n a escala internacional, como en el caso del Pacto Digital Mundial, adoptado en la Cumbre del Futuro de las Naciones Unidas en septiembre de 2024.<\/p>\n\n\n\n<p>La transici\u00f3n digital es uno de los principales motores del crecimiento econ\u00f3mico. Las tecnolog\u00edas digitales pueden utilizarse para conectar a comunidades, generar oportunidades econ\u00f3micas y mejorar el acceso a servicios b\u00e1sicos como la educaci\u00f3n y la asistencia sanitaria.<\/p>\n\n\n\n<p>A pesar de ello, hoy en d\u00eda estas promesas de digitalizaci\u00f3n siguen sin cumplirse para gran parte de la poblaci\u00f3n: en todo el mundo, aproximadamente 2&nbsp;600 millones de personas carecen de acceso a internet. En Am\u00e9rica Latina y el Caribe, los elevados precios de las conexiones a internet y la falta de conectividad de \u00faltimo tramo ampl\u00edan la brecha digital. Si no se hace frente a esto, el desarrollo digital corre el riesgo de convertirse en otra fuente permanente de desigualdad. La inversi\u00f3n en conectividad es claramente necesaria para reducir la brecha y alcanzar los Objetivos de Desarrollo Sostenible.<\/p>\n\n\n\n<p>Con la puesta en marcha de la Alianza Digital UE-ALC en 2023, la UE emprendi\u00f3 un notable viaje con nuestros socios de Am\u00e9rica Latina y el Caribe. Esta iniciativa pionera es nuestra primera asociaci\u00f3n digital birregional y atestigua nuestro respaldo com\u00fan a un futuro digital centrado en el ser humano. A trav\u00e9s de la estrategia de inversi\u00f3n de Global Gateway de la UE, estimulamos las inversiones p\u00fablicas y privadas e incorporamos a las empresas europeas, al tiempo que desarrollamos conjuntamente marcos reglamentarios sostenibles y aunamos fuerzas para defender un orden internacional basado en normas. Nuestro enfoque hol\u00edstico abarca tambi\u00e9n los servicios p\u00fablicos digitales y las capacidades digitales.<\/p>\n\n\n\n<p>La Alianza ya ha dado resultados notables que reflejan su potencial. En la Cumbre UE-CELAC de julio de 2023, adoptamos una Declaraci\u00f3n conjunta con dirigentes de veinte pa\u00edses de Am\u00e9rica Latina y el Caribe en la que presentamos nuestra visi\u00f3n en materia de cooperaci\u00f3n en sectores digitales vitales. Desde entonces, la UE ha organizado seis di\u00e1logos birregionales sobre pol\u00edtica digital conjuntamente con Colombia, la Rep\u00fablica Dominicana, Costa Rica, Uruguay y Chile, que han congregado a m\u00e1s de ochocientos responsables pol\u00edticos y representantes del sector privado y de la sociedad civil.<\/p>\n\n\n\n<p>Hemos sentado las bases para reforzar la resiliencia en materia de ciberseguridad, mejorar los servicios y la interoperabilidad de la administraci\u00f3n electr\u00f3nica, mejorar la gobernanza de los datos y reforzar la seguridad de la conectividad y de los sistemas de inteligencia artificial. Hemos puesto en marcha un paquete de econom\u00eda digital de Global Gateway a medida con Colombia, mientras que el Centro de Digitalizaci\u00f3n para el Desarrollo refuerza la colaboraci\u00f3n entre los Estados miembros de la UE y los pa\u00edses socios.<\/p>\n\n\n\n<p>Hasta la fecha, el punto \u00e1lgido de nuestra asociaci\u00f3n digital con la regi\u00f3n es el programa de cable BELLA y el primer cable submarino de fibra \u00f3ptica entre nuestras dos regiones. BELLA ha sido fundamental para ampliar la conectividad y reducir la brecha digital mediante el establecimiento de redes regionales seguras para m\u00e1s de 12&nbsp;000 instituciones de investigaci\u00f3n y educaci\u00f3n en Brasil, Argentina, Chile, Ecuador y Panam\u00e1. Tambi\u00e9n hemos creado dos centros regionales Copernicus para servicios y formaci\u00f3n espec\u00edficos en materia de observaci\u00f3n de la Tierra, as\u00ed como un Acelerador Digital, que re\u00fane a empresas emergentes y empresas establecidas de ambas regiones para estimular la innovaci\u00f3n y el esp\u00edritu empresarial. Esta plataforma ha dado lugar a cincuenta empresas conjuntas, lo que demuestra los beneficios tangibles de nuestra asociaci\u00f3n.<\/p>\n\n\n\n<p>De cara al futuro, seguimos resueltos a trabajar por una transformaci\u00f3n digital inclusiva y sostenible. La Alianza Digital UE-ALC no est\u00e1 pensada solamente para la tecnolog\u00eda; tambi\u00e9n lo est\u00e1 para las personas, es decir, nuestra ciudadan\u00eda, que se beneficiar\u00e1 de mejores servicios, una mayor conectividad y mayores oportunidades. A medida que preparamos la pr\u00f3xima Cumbre UE-CELAC de 2025, siento un profundo optimismo sobre lo que podemos lograr juntos. El viaje acaba de comenzar e invito a todas las partes interesadas \u2014gobiernos, empresas, mundo acad\u00e9mico y sociedad civil\u2014 a unirse a nosotros en este prop\u00f3sito transformador.<\/p>\n\n\n\n<p><strong>Prensa-MGPR<\/strong>\u00a0&lt;prensa@mgpr.com.do> <\/p>\n","protected":false},"excerpt":{"rendered":"<p>Art\u00edculo escrito por: Incluso si aceptamos que las tecnolog\u00edas son herramientas neutras, su despliegue en el mundo real siempre implica valores e intereses, a veces contrapuestos. Uno de los sectores m\u00e1s disputados es sin duda la infraestructura digital: un sector con potencial para empoderar a las personas, pero tambi\u00e9n para oprimir, exacerbar los riesgos para [&hellip;]<\/p>\n","protected":false},"author":7,"featured_media":572827,"comment_status":"closed","ping_status":"closed","sticky":true,"template":"","format":"standard","meta":{"footnotes":""},"categories":[21,25],"tags":[771],"class_list":["post-572807","post","type-post","status-publish","format-standard","has-post-thumbnail","hentry","category-cultura","category-gente","tag-jutta-urpilainen"],"_links":{"self":[{"href":"https:\/\/diariodominicano.com\/index.php?rest_route=\/wp\/v2\/posts\/572807","targetHints":{"allow":["GET"]}}],"collection":[{"href":"https:\/\/diariodominicano.com\/index.php?rest_route=\/wp\/v2\/posts"}],"about":[{"href":"https:\/\/diariodominicano.com\/index.php?rest_route=\/wp\/v2\/types\/post"}],"author":[{"embeddable":true,"href":"https:\/\/diariodominicano.com\/index.php?rest_route=\/wp\/v2\/users\/7"}],"replies":[{"embeddable":true,"href":"https:\/\/diariodominicano.com\/index.php?rest_route=%2Fwp%2Fv2%2Fcomments&post=572807"}],"version-history":[{"count":1,"href":"https:\/\/diariodominicano.com\/index.php?rest_route=\/wp\/v2\/posts\/572807\/revisions"}],"predecessor-version":[{"id":572828,"href":"https:\/\/diariodominicano.com\/index.php?rest_route=\/wp\/v2\/posts\/572807\/revisions\/572828"}],"wp:featuredmedia":[{"embeddable":true,"href":"https:\/\/diariodominicano.com\/index.php?rest_route=\/wp\/v2\/media\/572827"}],"wp:attachment":[{"href":"https:\/\/diariodominicano.com\/index.php?rest_route=%2Fwp%2Fv2%2Fmedia&parent=572807"}],"wp:term":[{"taxonomy":"category","embeddable":true,"href":"https:\/\/diariodominicano.com\/index.php?rest_route=%2Fwp%2Fv2%2Fcategories&post=572807"},{"taxonomy":"post_tag","embeddable":true,"href":"https:\/\/diariodominicano.com\/index.php?rest_route=%2Fwp%2Fv2%2Ftags&post=572807"}],"curies":[{"name":"wp","href":"https:\/\/api.w.org\/{rel}","templated":true}]}}