{"id":572783,"date":"2024-11-07T15:48:36","date_gmt":"2024-11-07T19:48:36","guid":{"rendered":"https:\/\/diariodominicano.com\/?p=572783"},"modified":"2024-11-07T15:58:45","modified_gmt":"2024-11-07T19:58:45","slug":"llego-el-dia-hoy-se-abre-la-feria-del-libro","status":"publish","type":"post","link":"https:\/\/diariodominicano.com\/?p=572783","title":{"rendered":"Llego el d\u00eda: hoy se abre La Feria del Libro"},"content":{"rendered":"\n<p><strong>Catalina Castro Blanchet, presenta el libro biogr\u00e1fico, Mi padre, Germ\u00e1n Castro Caycedo,&nbsp;(con quien aparece en la foto)&nbsp;&nbsp;el s\u00e1bado 9 &nbsp;en el Colegio Dominicano de Periodistas y el &nbsp;Museo de Arte Moderno.<\/strong><\/p>\n\n\n\n<p>Catalina Castro Blanchet, presenta el libro biogr\u00e1fico, Mi padre, Germ\u00e1n Castro Caycedo,&nbsp;(con quien aparece en la foto)&nbsp;&nbsp;el s\u00e1bado 9 &nbsp;en el Colegio Dominicano de Periodistas y el &nbsp;Museo de Arte Moderno.<\/p>\n\n\n\n<p>Intervienen el fin de semana: Xiomara Fortuna,&nbsp;Jos\u00e9 Garc\u00eda Cordero, Huchi Lora, Alfonso Qui\u00f1ones, M\u00e9dar de la Cruz&nbsp;(Premio Pullitzer), Carmen Imbert Brugal, Amalia Le\u00f3n,&nbsp;Natalia Toledo (M\u00e9xico) y Danilo Manera.(Italia)<\/p>\n\n\n\n<p>Jos\u00e9 Rafael Sosa<\/p>\n\n\n\n<p>Hoy &nbsp;es la apertura de la XXVI Feria del Libro 2024, a las 7 de la noche en el Teatro Nacional y de ah\u00ed en adelante queda abierta su &nbsp;oferta al p\u00fablico durante diez d\u00edas, desde hoy jueves 7 hasta el domingo 17 de noviembre. Se monta en homenaje al poeta y gestor literario Mateo Morrison y se dedica a Washington Heights.<\/p>\n\n\n\n<figure class=\"wp-block-image size-full\"><img loading=\"lazy\" decoding=\"async\" width=\"462\" height=\"526\" src=\"https:\/\/diariodominicano.com\/wp-content\/uploads\/2024\/11\/Huchi-Lora-1.jpg\" alt=\"\" class=\"wp-image-572786\" srcset=\"https:\/\/diariodominicano.com\/wp-content\/uploads\/2024\/11\/Huchi-Lora-1.jpg 462w, https:\/\/diariodominicano.com\/wp-content\/uploads\/2024\/11\/Huchi-Lora-1-263x300.jpg 263w\" sizes=\"auto, (max-width: 462px) 100vw, 462px\" \/><\/figure>\n\n\n\n<p><strong>Huchi Lora hablar\u00e1 el s\u00e1bado 9 sobre Juan Antonio Alix como periodista en la Sala Aida Bonelly del Teatro Nacional.<\/strong><\/p>\n\n\n\n<p>Para llegar a este punto han tenido que transcurrir, durante m\u00e1s de un a\u00f1o, muchas jornadas de trabajo haciendo contactos, coordinaciones, edici\u00f3n de libros y convocatorias, para dar con el montaje de un evento cultural, el m\u00e1s importante del pa\u00eds.<\/p>\n\n\n\n<p>La inauguraci\u00f3n tiene un espect\u00e1culo con la producci\u00f3n de Adita Selman, &nbsp;luego del discurso de la Ministra de Cultura, Milagros Germ\u00e1n.&nbsp; El gobierno central estar\u00e1 representado por la vicepresidenta Raquel Pena y la Ministra Milagros Germ\u00e1n.<\/p>\n\n\n\n<p>El programa tiene 613 actividades, llegan 61 escritores internacionales invitados y &nbsp;la Editora Nacional pone a circular&nbsp; doce&nbsp; publicaciones, adem\u00e1s 130 nuevos t\u00edtulos de autores dominicanos.<\/p>\n\n\n\n<p>El programa de la Feria <a href=\"https:\/\/cultura.gob.do\/phocadownload\/Actividades\/Pdf\/Programa_FIL24_Digital_0E1_compressed.pdf\" target=\"_blank\" rel=\"noreferrer noopener\">https:\/\/cultura.gob.do\/phocadownload\/Actividades\/Pdf\/Programa_FIL24_Digital_0E1_compressed.pdf<\/a><\/p>\n\n\n\n<p><strong>Eventos imperdibles<\/strong><\/p>\n\n\n\n<p><strong>Jueves 7:<\/strong><\/p>\n\n\n\n<p>7:00 pm.- Acto oficial de apertura en el Teatro Nacional.<\/p>\n\n\n\n<p>La galer\u00eda Lyle O. Reitzel Arte Contempor\u00e1neo, presenta la exposici\u00f3n&nbsp;<strong>\u201cMarem\u00e1gnum. Alborotos y otros barullos\u201d<\/strong>, del maestro dominicano Jos\u00e9 Garc\u00eda Cordero en el Museo de Arte Moderno (MAM).<\/p>\n\n\n\n<p><strong>Viernes 8&nbsp;<\/strong><\/p>\n\n\n\n<p>4:00 pm. \u2212 Conversatorio: \u201cPublicaciones de arte y cultura dominicana: actualidad y proyecciones\u201d. Coordinaci\u00f3n: Amalia Le\u00f3n, del Centro Le\u00f3n. Pabell\u00f3n de Identidad y Ciudadan\u00eda (sala A\u00edda Bonnelly, Teatro Nacional Eduardo Brito).<\/p>\n\n\n\n<p>4:00 pm-&nbsp;Xiomara Fortuna presentar\u00e1 el concierto titulado \u00abDel poema a la canci\u00f3n\u201d, en la Sala de Letras del Auditorio Juan Bosch, dentro de la Biblioteca Nacional,<\/p>\n\n\n\n<p>5:00 p. m. \u2212 Coloquio: \u201c\u00bfA d\u00f3nde pertenezco? \u00bfQu\u00e9 nos ha ense\u00f1ado la relaci\u00f3n entre la lengua, poder y libertad en el siglo XXI?\u201d. Expositores: Natalia Toledo (M\u00e9xico), Ondjaki (Angola), Medar de la Cruz (EE. UU.\/RD). Modera: Reina Rosario. Pabell\u00f3n de Identidad y Ciudadan\u00eda (Sala A\u00edda Bonnelly, Teatro Nacional Eduardo Brito).<\/p>\n\n\n\n<p>6:00 p. m. \u2212 Conferencia: \u201cLa transmedialidad en la poes\u00eda antillana contempor\u00e1nea. Casos de Rep\u00fablica Dominicana y Cuba\u201d. Expositor: Danilo Manera. Presentadora: Lisette Vega. Pabell\u00f3n de Autores y Talleres Literarios (auditorio del Museo de Arte Moderno). \u2212 Conferencia: \u201cCiencia, literatura y distop\u00edas: \u00bfun futuro peor?\u201d. Expositor: Bruno Arpaia (Italia). Presentador: Fausto Rosario. Pabell\u00f3n de Identidad y Ciudadan\u00eda (sala A\u00edda Bonnelly, Teatro Nacional Eduardo Brito).<\/p>\n\n\n\n<p>6:00 pm.&nbsp;a&nbsp;&#8211; 8:00 pm. \u2212 Panel: \u201cMujeres, libros y paz\u201d. Expositores: Dar\u00edo Villamizar Herrera (embajador de Colombia en Rep\u00fablica Dominicana), Vera Grabe Loewenherz (Colombia), Catalina Castro Blanchet (Colombia) y Gabriela Pinilla (Colombia). Moderadora: Yulissa \u00c1lvarez. Sala de Letras (Auditorio Juan Bosch, Biblioteca Nacional).<\/p>\n\n\n\n<p>8:00 p. m. \u2212 Conferencia: \u201cDescr\u00e9dito de la ficci\u00f3n; apogeo de la mentira\u201d. Expositor: Bernardo Atxaga (Espa\u00f1a). Presentador: Jit Manuel Castillo. Sala de Letras (Auditorio Juan Bosch, Biblioteca Nacional). \u2212 Recital: \u201cEl silencio en voz alta I\u201d. Participantes: Natalia Toledo (M\u00e9xico), Yolanda Casta\u00f1o (Espa\u00f1a), Frank B\u00e1ez (Rep\u00fablica Dominicana) y Daniela Cruz (Rep\u00fablica Dominicana). Pabell\u00f3n de Identidad y Ciudadan\u00eda (sala A\u00edda Bonnelly, Teatro Nacional Eduardo Brito).<\/p>\n\n\n\n<p><strong>S\u00e1bado 9<\/strong><\/p>\n\n\n\n<p>4:00 pm. &nbsp;(La Feria fuera de Casa) Conversatorio en el Colegio Dominicano de Periodistas (CDP) sobre el libro Germ\u00e1n Castro Caycedo, mi padre, con la autora Catalina Castro Blanchet, comentado por Edith Febles y Manuel Quiterio Cede\u00f1o. Coordina: Embajada de Colombia y FILSD 2024.<\/p>\n\n\n\n<p>4:00 p. m. \u2212 Coloquio: \u201cTodos migrantes. La larga memoria del desplazamiento\u201d. Participantes: Alfonso Mateo-Sagasta (Espa\u00f1a), Ondjaki (Angola) y Rey And\u00fajar (RD\/EE. UU.). Sala de Letras (Auditorio Juan Bosch, Biblioteca Nacional).<\/p>\n\n\n\n<p>5:00 p. m. \u2212 Puesta en circulaci\u00f3n del libro Nuevas aguas de dos r\u00edos, de Rhina P. Espaillat. Presentador: C\u00e9sar S\u00e1nchez Beras, compilador y prologuista. Pabell\u00f3n de Autores y Talleres Literarios (auditorio del Museo de Arte Moderno).<\/p>\n\n\n\n<figure class=\"wp-block-image size-full\"><img loading=\"lazy\" decoding=\"async\" width=\"499\" height=\"384\" src=\"https:\/\/diariodominicano.com\/wp-content\/uploads\/2024\/11\/Alfonso-quunines-1.png\" alt=\"\" class=\"wp-image-572792\" srcset=\"https:\/\/diariodominicano.com\/wp-content\/uploads\/2024\/11\/Alfonso-quunines-1.png 499w, https:\/\/diariodominicano.com\/wp-content\/uploads\/2024\/11\/Alfonso-quunines-1-300x231.png 300w\" sizes=\"auto, (max-width: 499px) 100vw, 499px\" \/><\/figure>\n\n\n\n<p>5:00 -Coloquio de periodistas y escritores. Participantes: Alfonso Qui\u00f1ones, Huchi Lora y Jos\u00e9 Rafael Sosa. Moderador: Lic. Aurelio Henr\u00edquez. Pabell\u00f3n de Identidad y Ciudadan\u00eda (sala A\u00edda Bonnelly, Teatro Nacional Eduardo Brito).<\/p>\n\n\n\n<p>5:00 &#8211; Puesta en circulaci\u00f3n de la cuarta novela de Carmen Imbert Brugal El imposible perd\u00f3n, presentada por Soledad \u00c1lvarez, Premio Nacional de Literatura 2022 y la editora espa\u00f1ola Charo Fierro. Pabell\u00f3n de Narrativa (Sala Ravelo, Teatro Nacional).<\/p>\n\n\n\n<p>6:00 pm. \u2212 Conferencia: \u201cEl Caribe como espacio de encuentros y desencuentros\u201d. Expositor: Eduardo Lalo (Puerto Rico). Presentadora: Sara Hermann. Pabell\u00f3n de Narrativa (sala Ravelo, Teatro Nacional)<\/p>\n\n\n\n<figure class=\"wp-block-image size-full\"><img loading=\"lazy\" decoding=\"async\" width=\"882\" height=\"670\" src=\"https:\/\/diariodominicano.com\/wp-content\/uploads\/2024\/11\/German-Cast-1.jpg\" alt=\"\" class=\"wp-image-572795\" srcset=\"https:\/\/diariodominicano.com\/wp-content\/uploads\/2024\/11\/German-Cast-1.jpg 882w, https:\/\/diariodominicano.com\/wp-content\/uploads\/2024\/11\/German-Cast-1-300x228.jpg 300w, https:\/\/diariodominicano.com\/wp-content\/uploads\/2024\/11\/German-Cast-1-768x583.jpg 768w, https:\/\/diariodominicano.com\/wp-content\/uploads\/2024\/11\/German-Cast-1-816x620.jpg 816w\" sizes=\"auto, (max-width: 882px) 100vw, 882px\" \/><\/figure>\n\n\n\n<p>7:00 pm.&nbsp; \u2212 Presentaci\u00f3n del libro Mi padre, Germ\u00e1n Castro Caycedo, de Catalina Castro Blanchet (Colombia) Presentador: Dar\u00edo Villamizar Herrera, embajador de Colombia en Rep\u00fablica Dominicana. Pabell\u00f3n de Autores y Talleres Literarios (auditorio del Museo de Arte Moderno). Coordina: Embajada de Colombia y FILSD 2024.<\/p>\n\n\n\n<p>7:00 pm\u2212 Encuentro con M\u00e9dar de la Cruz (Premio Pulitzer de Cr\u00edtica y Reportaje Ilustrado) y su obra. Moderadora: Estefany Then. Pabell\u00f3n del C\u00f3mic.<\/p>\n\n\n\n<p>8:00 pm.- Presentaci\u00f3n del libro Carlos Pizarro, historia a muchas voces, de Vera Grabe Loewenherz (Colombia). Presentador: Roberto Cass\u00e1. Pabell\u00f3n de Autores y Talleres Literarios (auditorio del Museo de Arte Moderno). Coordinaci\u00f3n Embajada de Colombia y FILSD 2024.<\/p>\n\n\n\n<p><strong>Exposiciones permanentes:<\/strong><\/p>\n\n\n\n<p>Exposici\u00f3n: \u201cDescubre Bulgaria\u201d. Asociaci\u00f3n Civil Los B\u00falgaros en Argentina. Galer\u00eda del auditorio del Museo Nacional de Historia y Geograf\u00eda.<\/p>\n\n\n\n<p>Exposici\u00f3n: \u201cVerouschka Freixas, 20 a\u00f1os de ilustraci\u00f3n infantil\u201d. Biblioteca Nacional Pedro Henr\u00edquez Ure\u00f1a, tercer piso.<\/p>\n\n\n\n<p>Muestra del Centro Nacional de Conservaci\u00f3n de Obras de Arte y Documentos. Ministerio de Cultura. Museo Nacional de Historia y Geograf\u00eda.<\/p>\n\n\n\n<p>Bienal Internacional de Arquitectura y Urbanismo de la Rep\u00fablica Dominicana. Sociedad de Arquitectos de la Rep\u00fablica Dominicana y Ministerio de Cultura. Museo de Arte Moderno<\/p>\n\n\n\n<p>Jose Rafael Paula Sosa<\/p>\n\n\n\n<p>Jose Rafael Paula Sosa (De tus contactos de Google)<\/p>\n\n\n\n<p><a target=\"_blank\" href=\"mailto:joserafael.sosa@gmail.com\" rel=\"noreferrer noopener\">joserafael.sosa@gmail.com<\/a><\/p>\n","protected":false},"excerpt":{"rendered":"<p>Catalina Castro Blanchet, presenta el libro biogr\u00e1fico, Mi padre, Germ\u00e1n Castro Caycedo,&nbsp;(con quien aparece en la foto)&nbsp;&nbsp;el s\u00e1bado 9 &nbsp;en el Colegio Dominicano de Periodistas y el &nbsp;Museo de Arte Moderno. Catalina Castro Blanchet, presenta el libro biogr\u00e1fico, Mi padre, Germ\u00e1n Castro Caycedo,&nbsp;(con quien aparece en la foto)&nbsp;&nbsp;el s\u00e1bado 9 &nbsp;en el Colegio Dominicano de [&hellip;]<\/p>\n","protected":false},"author":28,"featured_media":572784,"comment_status":"closed","ping_status":"closed","sticky":true,"template":"","format":"standard","meta":{"footnotes":""},"categories":[21,36,25,27],"tags":[],"class_list":["post-572783","post","type-post","status-publish","format-standard","has-post-thumbnail","hentry","category-cultura","category-hombresmujeresycosas","category-gente","category-portada"],"_links":{"self":[{"href":"https:\/\/diariodominicano.com\/index.php?rest_route=\/wp\/v2\/posts\/572783","targetHints":{"allow":["GET"]}}],"collection":[{"href":"https:\/\/diariodominicano.com\/index.php?rest_route=\/wp\/v2\/posts"}],"about":[{"href":"https:\/\/diariodominicano.com\/index.php?rest_route=\/wp\/v2\/types\/post"}],"author":[{"embeddable":true,"href":"https:\/\/diariodominicano.com\/index.php?rest_route=\/wp\/v2\/users\/28"}],"replies":[{"embeddable":true,"href":"https:\/\/diariodominicano.com\/index.php?rest_route=%2Fwp%2Fv2%2Fcomments&post=572783"}],"version-history":[{"count":4,"href":"https:\/\/diariodominicano.com\/index.php?rest_route=\/wp\/v2\/posts\/572783\/revisions"}],"predecessor-version":[{"id":572799,"href":"https:\/\/diariodominicano.com\/index.php?rest_route=\/wp\/v2\/posts\/572783\/revisions\/572799"}],"wp:featuredmedia":[{"embeddable":true,"href":"https:\/\/diariodominicano.com\/index.php?rest_route=\/wp\/v2\/media\/572784"}],"wp:attachment":[{"href":"https:\/\/diariodominicano.com\/index.php?rest_route=%2Fwp%2Fv2%2Fmedia&parent=572783"}],"wp:term":[{"taxonomy":"category","embeddable":true,"href":"https:\/\/diariodominicano.com\/index.php?rest_route=%2Fwp%2Fv2%2Fcategories&post=572783"},{"taxonomy":"post_tag","embeddable":true,"href":"https:\/\/diariodominicano.com\/index.php?rest_route=%2Fwp%2Fv2%2Ftags&post=572783"}],"curies":[{"name":"wp","href":"https:\/\/api.w.org\/{rel}","templated":true}]}}