{"id":572760,"date":"2024-11-07T15:34:07","date_gmt":"2024-11-07T19:34:07","guid":{"rendered":"https:\/\/diariodominicano.com\/?p=572760"},"modified":"2024-11-07T15:37:17","modified_gmt":"2024-11-07T19:37:17","slug":"reforma-policial-y-sociedad","status":"publish","type":"post","link":"https:\/\/diariodominicano.com\/?p=572760","title":{"rendered":"Reforma policial y sociedad"},"content":{"rendered":"\n<p>Por Ram\u00f3n Antonio Veras <\/p>\n\n\n\n<p>1.- Una humanidad con la tendencia de su voluntad inclinada a vivir en un ambiente de progreso y paz, se siente cautivada por todo mensaje que encierre convertir lo viejo en nuevo.<\/p>\n\n\n\n<p>2.- En ninguna \u00e9poca, como tampoco en pa\u00eds alguno, una instituci\u00f3n u \u00f3rgano estatal est\u00e1 al margen de la base econ\u00f3mica que sirve de sost\u00e9n a la sociedad en su conjunto. Siempre existe correspondencia; concordancia de una cosa con la otra.<\/p>\n\n\n\n<p>3.- En las comunidades dominadas por reg\u00edmenes sociales atrasados e injustos, las clases dominantes hacen uso de conceptos que motivan alegr\u00eda y falsas ilusiones para generar sentimientos gratos en la poblaci\u00f3n.<\/p>\n\n\n\n<p>4.- En un pa\u00eds como el nuestro, bajo el dominio absoluto de los grupos econ\u00f3micos y pol\u00edticos m\u00e1s conservadores, hablar de reformas motiva esperanza atractiva, pero infundada; encandila los \u00e1nimos, aunque de manera pasajera.<\/p>\n\n\n\n<p>5.- En un medio social con una estructura arcaica, ya pasada de tiempo, cae bien al o\u00eddo escuchar hablar de cambios, reformas, transformaciones y cuantas expresiones significan modificaci\u00f3n de la situaci\u00f3n actual, ya en desuso.<\/p>\n\n\n\n<p>6.- Los dominicanos, hastiados de permanecer bajo un ordenamiento social que causa tristeza, les sale del alma ponerse contentos cuando les hablan de reformas, de innovaci\u00f3n de cualquier organismo del Estado.<\/p>\n\n\n\n<p>7.- Amplios grupos humanos de nuestro pa\u00eds se han sentido vivamente ilusionados porque desde las alturas del poder pol\u00edtico les han calentado el cerebro habl\u00e1ndoles de la reforma de la Polic\u00eda Nacional. La alucinaci\u00f3n no es para menos.<\/p>\n\n\n\n<p>8.- En cualquier sociedad integrada por personas f\u00edsicas, la reforma es una innovaci\u00f3n parcial que conserva la esencia de la situaci\u00f3n existente y no afecta los fundamentos del r\u00e9gimen social u organismo.<\/p>\n\n\n\n<p>9.- La Polic\u00eda Nacional dominicana est\u00e1 compuesta por mujeres y hombres provenientes del pueblo, fundamentalmente del pueblo llano de a pie.<\/p>\n\n\n\n<p>10.- Cada integrante del cuerpo policial dominicano arrastra vicios inherentes al sistema social bajo el cual estamos viviendo y que, de una u otra forma, nos afecta.<\/p>\n\n\n\n<p>11.- El polic\u00eda y el profesional liberal, lo mismo que el que cumple con los preceptos religiosos, est\u00e1n bajo la influencia de las taras que emanan del sistema en decadencia alrededor del cual actuamos.<\/p>\n\n\n\n<p>12.- Ning\u00fan \u00f3rgano del Estado dominicano est\u00e1 al margen de la sociedad en general, como tampoco est\u00e1n liberados sus integrantes de las manchas y de las feas se\u00f1ales que de ella se desprenden.<\/p>\n\n\n\n<p>13.- Es un gran anhelo querer tener un servicio policial moralmente limpio, lo que solo es posible en una sociedad qu\u00edmicamente pura que descanse en un r\u00e9gimen econ\u00f3mico basado en el desarrollo humano integral.<\/p>\n\n\n\n<p>14.- Si queremos contar con la Polic\u00eda Nacional ideal, debemos construir la base sobre la cual ser\u00e1 erigida la sociedad humana de donde va a salir ese que velar\u00e1 por la seguridad p\u00fablica.<\/p>\n\n\n\n<p>15.- Los cambios que el pueblo dominicano precisa van m\u00e1s all\u00e1 de la Polic\u00eda Nacional y otras instituciones y \u00f3rganos del Estado. El cuerpo policial es una parte del todo que hay que arreglar por entero y acondicionar con sentido social.<\/p>\n\n\n\n<p>16.- Las reformas necesarias interesan a todos los afectados por la situaci\u00f3n actual, que es consecuencia no de los males en la Polic\u00eda Nacional, sino de la desigualdad de oportunidades de que es v\u00edctima la mayor\u00eda de la poblaci\u00f3n dominicana.<\/p>\n\n\n\n<p>Santiago de los Caballeros,<\/p>\n","protected":false},"excerpt":{"rendered":"<p>Por Ram\u00f3n Antonio Veras 1.- Una humanidad con la tendencia de su voluntad inclinada a vivir en un ambiente de progreso y paz, se siente cautivada por todo mensaje que encierre convertir lo viejo en nuevo. 2.- En ninguna \u00e9poca, como tampoco en pa\u00eds alguno, una instituci\u00f3n u \u00f3rgano estatal est\u00e1 al margen de la [&hellip;]<\/p>\n","protected":false},"author":7,"featured_media":404710,"comment_status":"closed","ping_status":"closed","sticky":false,"template":"","format":"standard","meta":{"footnotes":""},"categories":[16],"tags":[426],"class_list":["post-572760","post","type-post","status-publish","format-standard","has-post-thumbnail","hentry","category-opiniones","tag-ramon-antonio-veras"],"_links":{"self":[{"href":"https:\/\/diariodominicano.com\/index.php?rest_route=\/wp\/v2\/posts\/572760","targetHints":{"allow":["GET"]}}],"collection":[{"href":"https:\/\/diariodominicano.com\/index.php?rest_route=\/wp\/v2\/posts"}],"about":[{"href":"https:\/\/diariodominicano.com\/index.php?rest_route=\/wp\/v2\/types\/post"}],"author":[{"embeddable":true,"href":"https:\/\/diariodominicano.com\/index.php?rest_route=\/wp\/v2\/users\/7"}],"replies":[{"embeddable":true,"href":"https:\/\/diariodominicano.com\/index.php?rest_route=%2Fwp%2Fv2%2Fcomments&post=572760"}],"version-history":[{"count":1,"href":"https:\/\/diariodominicano.com\/index.php?rest_route=\/wp\/v2\/posts\/572760\/revisions"}],"predecessor-version":[{"id":572778,"href":"https:\/\/diariodominicano.com\/index.php?rest_route=\/wp\/v2\/posts\/572760\/revisions\/572778"}],"wp:featuredmedia":[{"embeddable":true,"href":"https:\/\/diariodominicano.com\/index.php?rest_route=\/wp\/v2\/media\/404710"}],"wp:attachment":[{"href":"https:\/\/diariodominicano.com\/index.php?rest_route=%2Fwp%2Fv2%2Fmedia&parent=572760"}],"wp:term":[{"taxonomy":"category","embeddable":true,"href":"https:\/\/diariodominicano.com\/index.php?rest_route=%2Fwp%2Fv2%2Fcategories&post=572760"},{"taxonomy":"post_tag","embeddable":true,"href":"https:\/\/diariodominicano.com\/index.php?rest_route=%2Fwp%2Fv2%2Ftags&post=572760"}],"curies":[{"name":"wp","href":"https:\/\/api.w.org\/{rel}","templated":true}]}}