{"id":572722,"date":"2024-11-07T15:06:04","date_gmt":"2024-11-07T19:06:04","guid":{"rendered":"https:\/\/diariodominicano.com\/?p=572722"},"modified":"2024-11-07T15:06:35","modified_gmt":"2024-11-07T19:06:35","slug":"la-13a-edicion-del-festival-de-cine-dominicano-comienza-con-exito-reuniendo-a-mas-de-3-mil-personas","status":"publish","type":"post","link":"https:\/\/diariodominicano.com\/?p=572722","title":{"rendered":"La 13\u00aa edici\u00f3n del Festival de Cine Dominicano comienza con \u00e9xito reuniendo a m\u00e1s de 3 mil personas"},"content":{"rendered":"\n<p>&#8216;Fefita la Grande&#8217; se llena de emoci\u00f3n y conmueve al p\u00fablico en el estreno mundial del largometraje que narra su vida.<\/p>\n\n\n\n<p>La 13\u00aa edici\u00f3n del Festival de Cine Dominicano en Nueva York (DFFNYC), comenz\u00f3 con \u00e9xito en el hist\u00f3rico United Palace de Washington Heights, Manhattan.<\/p>\n\n\n\n<p>El evento inaugural atrajo a una audiencia entusiasta que celebr\u00f3 el inicio de una semana dedicada al cine y la cultura dominicana.<\/p>\n\n\n\n<p>La gala de apertura incluy\u00f3 el estreno mundial de La Grande , dirigida por Tito Rodr\u00edguez y producida por Antonio Rubio, en una historia que rinde homenaje a Fefita La Grande, ic\u00f3nica acordeonista y pionera del merengue t\u00edpico dominicano. Con m\u00e1s de siete d\u00e9cadas de trayectoria, Fefita ha modernizado el g\u00e9nero, llev\u00e1ndolo a escenarios internacionales y consolid\u00e1ndose como una de las figuras m\u00e1s queridas de la cultura dominicana. El artista comparti\u00f3 su emoci\u00f3n al ver la pel\u00edcula junto a la actriz Lumy Lizardo, quien encarn\u00f3 el personaje, conmoviendo a los presentes con su alegr\u00eda y autenticidad.<\/p>\n\n\n\n<figure class=\"wp-block-image\"><img decoding=\"async\" src=\"https:\/\/diariodominicano.com\/wp-content\/uploads\/2024\/11\/Lumy-Lizardo-Antonio-Rubio-Fefita-La-Grande-Armando-Guareno-y-Marianna-Vargas-Gurilieva-1024x682.jpg\" alt=\"\"\/><\/figure>\n\n\n\n<p>El director del festival, Armando Guare\u00f1o , destac\u00f3 la diversidad de esta edici\u00f3n, describi\u00e9ndola como una de las m\u00e1s variadas y significativas. \u201cConmemorar 13 a\u00f1os de llevar nuestras historias al mundo y dar visibilidad al cine dominicano, es motivo de inmensa satisfacci\u00f3n. Iniciar este festival con una producci\u00f3n cinematogr\u00e1fica dedicada a una gran artista, como Fefita La Grande, nos llena de orgullo\u201d, expres\u00f3 Guare\u00f1o.<\/p>\n\n\n\n<p>En ese mismo orden, Antonio Rubio , productor general de Lolo Films, expres\u00f3: \u201cMe siento feliz de haber presentado la historia de nuestra Fefita La Grande a la di\u00e1spora y esperamos que el p\u00fablico de Rep\u00fablica Dominicana tenga la misma receptividad que vivieron m\u00e1s de 3 mil personas en el United Palace\u201d .<\/p>\n\n\n\n<p>La Directora General de la Direcci\u00f3n General de Cine de la Rep\u00fablica Dominicana (DGCINE), Marianna Vargas Gurilieva , destac\u00f3 en su discurso la importancia del festival como \u00abuna plataforma fundamental para llevar el cine dominicano al extranjero, visibilizando nuestro talento y diversidad en un escenario global\u00bb.<\/p>\n\n\n\n<p>Fefita La Grande expres\u00f3 su gratitud : \u201cMe siento profundamente agradecida por tantas muestras de cari\u00f1o y por ver mi historia interpretada por una actriz del calibre de Lumy Lizardo. Estoy feliz de que hayan representado mi vida de la mejor manera en este largometraje. Gracias a Antonio Rubio por darme el honor de contar mi historia. Que Dios los bendiga\u201d.<\/p>\n\n\n\n<p>Finalmente, la actriz Lumy Lizardo , agradeci\u00f3 y reconoci\u00f3 a Fefita La Grande. \u201cReconozco a esta mujer, llena de valor y coraje, merecedora del cari\u00f1o de todos los dominicanos \u201d, cit\u00f3 Lizardo.<\/p>\n\n\n\n<p>Para conocer la programaci\u00f3n completa del DFFNYC, visite www.dominicanfilmfestivalny.com o sus redes sociales en @dffnycofficial .<\/p>\n\n\n\n<p>El Festival de Cine Dominicano en Nueva York (DFFNYC), organizado por Latin Film Festival Alliance (LAFFA) y producido por Cine Art Entertainment Production y Cin\u00e9ate, cuenta con el respaldo de un destacado grupo de patrocinadores. Entre ellos, se encuentran La Consejal Carmen de la Rosa, Telemicro, Credy City, FestCineRD, Hispanic Federation, Lino Press, DGCINE, NYC Media Entertainment, Presbyterian Hospital, Catholic Charities, Columbia University Medical Center, Pix 11, Alianza Dominicana, Aaron David Hall &#8211; City College Center for Arts, United Palace, Quad Cinema, Barcel\u00f3, Caf\u00e9 Kolao, Copacabana, Dominican Study Institute CUNY, Diony Reyes, El Diario, Generating Results, Fundaci\u00f3n AIB, Manhattan Times, Miranda Family Fund, Canal Am\u00e9rica , Tertuliando con Diony, Leonard Nimoy Thalia, WD Films, Ponce Bank, Ger\u00f3nimo Show, RTVD, Mamita&#8217;s, New Solutions, Vodka, Zabala al D\u00eda, Fundaci\u00f3n Juan Pablo Duarte, DUSA y Press Media Center.<\/p>\n","protected":false},"excerpt":{"rendered":"<p>&#8216;Fefita la Grande&#8217; se llena de emoci\u00f3n y conmueve al p\u00fablico en el estreno mundial del largometraje que narra su vida. La 13\u00aa edici\u00f3n del Festival de Cine Dominicano en Nueva York (DFFNYC), comenz\u00f3 con \u00e9xito en el hist\u00f3rico United Palace de Washington Heights, Manhattan. El evento inaugural atrajo a una audiencia entusiasta que celebr\u00f3 [&hellip;]<\/p>\n","protected":false},"author":7,"featured_media":572728,"comment_status":"closed","ping_status":"closed","sticky":false,"template":"","format":"standard","meta":{"footnotes":""},"categories":[25],"tags":[],"class_list":["post-572722","post","type-post","status-publish","format-standard","has-post-thumbnail","hentry","category-gente"],"_links":{"self":[{"href":"https:\/\/diariodominicano.com\/index.php?rest_route=\/wp\/v2\/posts\/572722","targetHints":{"allow":["GET"]}}],"collection":[{"href":"https:\/\/diariodominicano.com\/index.php?rest_route=\/wp\/v2\/posts"}],"about":[{"href":"https:\/\/diariodominicano.com\/index.php?rest_route=\/wp\/v2\/types\/post"}],"author":[{"embeddable":true,"href":"https:\/\/diariodominicano.com\/index.php?rest_route=\/wp\/v2\/users\/7"}],"replies":[{"embeddable":true,"href":"https:\/\/diariodominicano.com\/index.php?rest_route=%2Fwp%2Fv2%2Fcomments&post=572722"}],"version-history":[{"count":1,"href":"https:\/\/diariodominicano.com\/index.php?rest_route=\/wp\/v2\/posts\/572722\/revisions"}],"predecessor-version":[{"id":572732,"href":"https:\/\/diariodominicano.com\/index.php?rest_route=\/wp\/v2\/posts\/572722\/revisions\/572732"}],"wp:featuredmedia":[{"embeddable":true,"href":"https:\/\/diariodominicano.com\/index.php?rest_route=\/wp\/v2\/media\/572728"}],"wp:attachment":[{"href":"https:\/\/diariodominicano.com\/index.php?rest_route=%2Fwp%2Fv2%2Fmedia&parent=572722"}],"wp:term":[{"taxonomy":"category","embeddable":true,"href":"https:\/\/diariodominicano.com\/index.php?rest_route=%2Fwp%2Fv2%2Fcategories&post=572722"},{"taxonomy":"post_tag","embeddable":true,"href":"https:\/\/diariodominicano.com\/index.php?rest_route=%2Fwp%2Fv2%2Ftags&post=572722"}],"curies":[{"name":"wp","href":"https:\/\/api.w.org\/{rel}","templated":true}]}}