{"id":572706,"date":"2024-11-07T13:25:16","date_gmt":"2024-11-07T17:25:16","guid":{"rendered":"https:\/\/diariodominicano.com\/?p=572706"},"modified":"2024-11-07T13:25:22","modified_gmt":"2024-11-07T17:25:22","slug":"fiscalia-sde-y-norte-logra-condenas-de-30-anos-de-prision-contra-dos-hermanos-por-asesinato-en-el-almirante","status":"publish","type":"post","link":"https:\/\/diariodominicano.com\/?p=572706","title":{"rendered":"Fiscal\u00eda SDE y Norte logra condenas de 30 a\u00f1os de prisi\u00f3n contra dos hermanos por asesinato en el Almirante"},"content":{"rendered":"\n<p>diariodominicano.com<\/p>\n\n\n\n<p><strong>Santo Domingo Este, R. D.,<\/strong>\u2002<strong>7 de noviembre, 2024.\u2013<\/strong>\u00a0La Fiscal\u00eda de Santo Domingo Este y Norte logr\u00f3 que un tribunal de este municipio condene a dos hermanos a la pena m\u00e1xima de 30 a\u00f1os de prisi\u00f3n, por el asesinato de un hombre y por provocar heridas a otros dos, en hechos ocurridos el pasado a\u00f1o 2023, en el sector Villa Esfuerzo de El Almirante, del municipio Santo Domingo Este.<\/p>\n\n\n\n<p>La condena le fue impuesta a los hermanos Cristofer Edwin P\u00e9rez Moquete, alias Liru, y Tommy Brayan P\u00e9rez Moquete, alias Chino, por el Segundo Tribunal Colegiado, que integran las juezas Josefina Ubiera Guerrero y los magistrados Yury Cuevas de la Cruz y Ariella Cedano N\u00fa\u00f1ez, por el asesinato de Jos\u00e9 Alberto Ortiz Jim\u00e9nez, y por provocarle heridas a Handel Alcal\u00e1 Rinc\u00f3n y Luis Adolfo Rinc\u00f3n Mercedes, quienes intentaron socorrer al hoy occiso.<\/p>\n\n\n\n<p>El expediente instrumentado por la fiscal Dahiana E. Castillo Antigua, revela que todo ocurri\u00f3 el 01 de mayo del a\u00f1o 2023, mientras, Ortiz Jim\u00e9nez se encontraba compartiendo en una discoteca, ubicada en el sector Villa Esfuerzo de este municipio, momento en el que inici\u00f3 una discusi\u00f3n con el ahora condenado Cristofer Edwin P\u00e9rez Moquete, quien atac\u00f3 a la v\u00edctima, a quien agredi\u00f3 con un casco de botella, ocasion\u00e1ndole una herida corto penetrante en el cuello lateral derecho.<\/p>\n\n\n\n<p>Tras lo ocurrido, la v\u00edctima Ortiz Jim\u00e9nez, fue socorrido por Alcal\u00e1 Rinc\u00f3n y&nbsp;&nbsp; Rinc\u00f3n Mercedes, quienes lo transportaron en una motocicleta a un centro m\u00e9dico, sin embargo, en el trayecto fueron embestidos por el veh\u00edculo que conduc\u00eda Tommy Brayan P\u00e9rez Moquete (a) Chino, quien se transportaba junto a su hermano, lo que provoc\u00f3 la muerte del hoy occiso y lesiones a las dem\u00e1s v\u00edctimas.&nbsp;<\/p>\n\n\n\n<p>Durante el juicio, el Ministerio Publico, representado por la fiscal Ana Basora, mostr\u00f3 al tribunal elementos de prueba que demuestran la responsabilidad penal de los condenados, entorno a la violaci\u00f3n de los art\u00edculos 2, 265, 266, 295, 296, 297, 298 y 302 del C\u00f3digo Penal Dominicano, que tipifican y sancionan la asociaci\u00f3n de malhechores, el asesinato y la tentativa, con relaci\u00f3n a los dos heridos.<\/p>\n\n\n\n<p>Las condenas deber\u00e1n ser cumplidas por los procesados en la Penitenciar\u00eda Nacional de La Victoria y en el Centro de Correcci\u00f3n y Rehabilitaci\u00f3n (CCR) de Monte Plata.<strong><\/strong><\/p>\n\n\n\n<p><strong>Direcci\u00f3n General de Comunicaci\u00f3n, Prensa, y RRPP<\/strong><strong><\/strong><\/p>\n\n\n\n<p>Ministerio P\u00fablico.&nbsp;R.D.<\/p>\n\n\n\n<p>Jueves, 7 de noviembre de 2024<\/p>\n\n\n\n<p><strong>COMUNICACIONES PGR<\/strong><\/p>\n","protected":false},"excerpt":{"rendered":"<p>diariodominicano.com Santo Domingo Este, R. D.,\u20027 de noviembre, 2024.\u2013\u00a0La Fiscal\u00eda de Santo Domingo Este y Norte logr\u00f3 que un tribunal de este municipio condene a dos hermanos a la pena m\u00e1xima de 30 a\u00f1os de prisi\u00f3n, por el asesinato de un hombre y por provocar heridas a otros dos, en hechos ocurridos el pasado a\u00f1o [&hellip;]<\/p>\n","protected":false},"author":5,"featured_media":368341,"comment_status":"closed","ping_status":"closed","sticky":true,"template":"","format":"standard","meta":{"footnotes":""},"categories":[24,27],"tags":[],"class_list":["post-572706","post","type-post","status-publish","format-standard","has-post-thumbnail","hentry","category-justicia-y-derecho","category-portada"],"_links":{"self":[{"href":"https:\/\/diariodominicano.com\/index.php?rest_route=\/wp\/v2\/posts\/572706","targetHints":{"allow":["GET"]}}],"collection":[{"href":"https:\/\/diariodominicano.com\/index.php?rest_route=\/wp\/v2\/posts"}],"about":[{"href":"https:\/\/diariodominicano.com\/index.php?rest_route=\/wp\/v2\/types\/post"}],"author":[{"embeddable":true,"href":"https:\/\/diariodominicano.com\/index.php?rest_route=\/wp\/v2\/users\/5"}],"replies":[{"embeddable":true,"href":"https:\/\/diariodominicano.com\/index.php?rest_route=%2Fwp%2Fv2%2Fcomments&post=572706"}],"version-history":[{"count":1,"href":"https:\/\/diariodominicano.com\/index.php?rest_route=\/wp\/v2\/posts\/572706\/revisions"}],"predecessor-version":[{"id":572707,"href":"https:\/\/diariodominicano.com\/index.php?rest_route=\/wp\/v2\/posts\/572706\/revisions\/572707"}],"wp:featuredmedia":[{"embeddable":true,"href":"https:\/\/diariodominicano.com\/index.php?rest_route=\/wp\/v2\/media\/368341"}],"wp:attachment":[{"href":"https:\/\/diariodominicano.com\/index.php?rest_route=%2Fwp%2Fv2%2Fmedia&parent=572706"}],"wp:term":[{"taxonomy":"category","embeddable":true,"href":"https:\/\/diariodominicano.com\/index.php?rest_route=%2Fwp%2Fv2%2Fcategories&post=572706"},{"taxonomy":"post_tag","embeddable":true,"href":"https:\/\/diariodominicano.com\/index.php?rest_route=%2Fwp%2Fv2%2Ftags&post=572706"}],"curies":[{"name":"wp","href":"https:\/\/api.w.org\/{rel}","templated":true}]}}