{"id":57259,"date":"2020-11-01T22:56:29","date_gmt":"2020-11-01T22:56:29","guid":{"rendered":"http:\/\/diariodominicano.ddns.net\/?p=57259"},"modified":"2020-11-01T22:56:29","modified_gmt":"2020-11-01T22:56:29","slug":"altares-del-dia-de-muertos-de-mexico-se-llenan-de-medicos","status":"publish","type":"post","link":"https:\/\/diariodominicano.com\/?p=57259","title":{"rendered":"Altares del D\u00eda de Muertos de M\u00e9xico se llenan de m\u00e9dicos"},"content":{"rendered":"<p><body><\/p>\n<p><img decoding=\"async\" src=\"img3\/cementerio mexico.jpg\" \/>  <\/p>\n<p><strong>Altares del D\u00eda de Muertos de M\u00e9xico se llenan de m\u00e9dicos<\/strong><\/p>\n<p><strong>Por LISSETTE ROMERO<\/strong><\/p>\n<p><strong>yesterday<\/strong><\/p>\n<p><strong>Un retrato de Jos\u00e9 Valencia, un enfermero que muri\u00f3 por s\u00edntomas relacionados con COVID-19, colocado en un altar del D\u00eda de Muertos hecho por su hija en su casa en la Ciudad de M\u00e9xico, el domingo 1 de noviembre de 2020. (Foto AP\/Eduardo Verdugo)<\/strong><\/p>\n<p><strong>CIUDAD DE M\u00c9XICO (AP) ?<\/strong> El esqueleto diminuto con cubrebocas y gorro azul tiene la mano sobre un paciente en una camilla. Al lado hay una calavera de az\u00facar casi tan grande como el ?muertito m\u00e9dico? y detr\u00e1s, la foto del homenajeado: un hombre de 64 a\u00f1os, con lentes y pelo blanco que sonr\u00ede a la c\u00e1mara. Debajo, un r\u00f3tulo con su nombre: doctor Jos\u00e9 Luis Linares.<\/p>\n<\/p>\n<p>Linares es uno de los m\u00e1s de 1.700 profesionales de la salud muertos por COVID-19 en M\u00e9xico y que fueron homenajeados por el gobierno, que decret\u00f3 tres d\u00edas de luto nacional que concluyen el lunes, D\u00eda de Muertos.<\/p>\n<\/p>\n<p>Puede que su deceso est\u00e9 incluido en ese registro pero no le correspondi\u00f3 la indemnizaci\u00f3n que el gobierno concede a los profesionales de la salud que mueren por el coronavirus mientras se esfuerzan por salvar la vida a otros. Este apoyo es solo para quienes laboran en los centros COVID, dice la viuda Mar\u00eda del Rosario Mart\u00ednez, tambi\u00e9n m\u00e9dica.<\/p>\n<\/p>\n<p>ADVERTISEMENT<\/p>\n<p>Linares atend\u00eda pacientes de forma privada en un barrio marginal del sur de Ciudad de M\u00e9xico a 30 pesos la consulta (d\u00f3lar y medio) que, a veces, ni cobraba, se\u00f1ala Mart\u00ednez. A la doctora no le cabe duda que su esposo se contagi\u00f3 en ese consultorio donde recib\u00eda a gente de muy bajos recursos que no se cuidaba.<\/p>\n<\/p>\n<p>El doctor ten\u00eda sus pulmones da\u00f1ados porque en la epidemia de 2009 se infect\u00f3 de Gripe A. Mart\u00ednez asegura, empero, que \u00abno fue por descuido\u00bb.<\/p>\n<\/p>\n<p>\u00abYo le dec\u00eda, ?Luis ya no vayas a trabajar? pero me dec\u00eda, ?entonces, \u00bfqui\u00e9n va a ver a esa pobre gente?, recuerda.<\/p>\n<\/p>\n<p>Las autoridades pidieron a los m\u00e9dicos en situaci\u00f3n de riesgo quedarse en casa, pero Linares se resist\u00eda.<\/p>\n<\/p>\n<p>\u00abSiempre fue igual ayudar, ayudar, ayudar\u00bb, se\u00f1ala Mart\u00ednez frente a su tradicional altar del D\u00eda de Muertos que este a\u00f1o, adem\u00e1s de flores, comidas y papel picado, ten\u00eda numerosos ?muertitos? pasando consulta, operando o poniendo inyecciones.<\/p>\n<\/p>\n<p>Otras muchas ofrendas recordaban este a\u00f1o a profesionales de la salud fallecidos. En Iztapalapa, el barrio capitalino m\u00e1s afectados por el coronavirus, Kenia Navidad, pediatra de 33 a\u00f1os, admiraba junto a sus dos gatos el primer altar que hac\u00eda en su vida y que nunca pens\u00f3 que estar\u00eda dedicado a su esposo, Daniel Silva, de la misma edad y profesi\u00f3n.<\/p>\n<\/p>\n<p>Y Karen Valencia hac\u00eda lo mismo para honrar a su padre, Jos\u00e9 Valencia, enfermero de uno de los hospitales m\u00e1s grandes de la capital. Con m\u00e1s de 20 a\u00f1os de servicio, Valencia fue uno de los primeros en fallecer, en abril. Para septiembre, Amnist\u00eda Internacional dec\u00eda que M\u00e9xico era la naci\u00f3n con m\u00e1s profesionales de la salud muertos, por delante de Estados Unidos o Brasil.<\/p>\n<\/p>\n<p>La doctora Mart\u00ednez,, que tambi\u00e9n se contagio de COVID-19, levant\u00f3 el altar en la sala contigua a la habitaci\u00f3n del departamento donde el matrimonio pasaba consulta a cualquier hora del d\u00eda aunque Linares complementaba los ingresos con el otro trabajo. Ahora, aunque recuperada, Mart\u00ednez solo atiende a enfermos de forma virtual.<\/p>\n<\/p>\n<p>Al trabajar en lo privado, eran los laboratorios los que les proporcionaban equipo, medicinas y formaci\u00f3n y ambos hab\u00edan extremado las precauciones a partir de mayo, cuando vieron que las infecciones se multiplicaban.<\/p>\n<\/p>\n<p>ADVERTISEMENT<\/p>\n<p>Linares muri\u00f3 el 25 de mayo hospitalizado y ya diagnosticado con COVID-19, uno de los momentos pico de la epidemia en Ciudad de M\u00e9xico. La v\u00edspera, Mart\u00ednez comenz\u00f3 con los s\u00edntomas. Al saber de la muerte de su esposo ella se desplom\u00f3 y al recobrar el conocimiento y ver que su \u00fanico hijo y su hermana la abrazan solo alcanz\u00f3 a gritarles \u00abno me toquen, no me toquen\u00bb.<\/p>\n<\/p>\n<p>Estaba en el momento \u00e1lgido de contagio.<\/p>\n<\/p>\n<p>Seis d\u00edas despu\u00e9s, esta mujer de 59 a\u00f1os crey\u00f3 morir peregrinando de un hospital a otro hasta que consigui\u00f3 un lugar que no estuviera saturado. \u00abMe fui deteriorando muy r\u00e1pido (&#8230;) ten\u00eda sangrados\u00bb.<\/p>\n<\/p>\n<p>Cinco meses despu\u00e9s se siente recuperada y en paz aunque no le llegara el apoyo oficial y todav\u00eda no se haya acostumbrado a la ausencia de Linares, el hombre con el que comparti\u00f3 36 a\u00f1os de matrimonio y al que conoci\u00f3 de ni\u00f1a cuando vend\u00eda chicles en la puerta de un cine para contribuir al ingreso de una familia de nueve hijos que viv\u00eda en una casa de techo de l\u00e1mina y suelo de tierra.<\/p>\n<\/p>\n<p>Linares la alent\u00f3 a estudiar medicina y ped\u00eda libros a su padre para d\u00e1rselos a ella. Parte de sus cenizas est\u00e1n en una comunidad de Tlaxcala, un peque\u00f1o estado junto a la capital, donde Mart\u00ednez hizo su servicio social como doctora y que el matrimonio frecuentaba siempre que pod\u00eda.<\/p>\n<\/p>\n<p>\u00abSiento extra\u00f1o\u00bb, reconoce casi entre l\u00e1grimas. \u00abPero me debo a los pacientes y ellos me van a ayudar a salir adelante\u00bb.<\/p>\n<\/p>\n<p>El \u00fanico cambio que prev\u00e9 es poner un horario al consultorio para trabajar menos horas.<\/p>\n<\/p>\n<p>\u00abTengo miedo porque no se sabe con cu\u00e1nta inmunidad vas a quedar, cu\u00e1nto tiempo funcione\u00bb, explica. \u00abLa enfermedad es muy dura, muy cruel (&#8230;) en todas partes del mundo vamos a tener una historia muy triste que contar\u00bb.<\/p>\n<\/p>\n<p>M\u00e9xico tiene ya m\u00e1s de 924.000 contagiados confirmados y 91.700 fallecidos, aunque las autoridades dijeron que las muertes atribuibles al coronavirus se acercan a las 140.000, seg\u00fan un estudio de exceso de mortalidad durante la pandemia dado a conocer este mes.<\/p>\n<\/p>\n<p>\u00abNo somos la excepci\u00f3n\u00bb, sentencia Mart\u00ednez. \u00abEs un virus que lleg\u00f3, que quiz\u00e1s lleg\u00f3 para quedarse y ha hecho muchos destrozos en varias familias\u00bb.<\/p>\n<\/p>\n<p>En v\u00edsperas del D\u00eda de Muertos, el 2 de noviembre, encuentra motivos para sonre\u00edr.<\/p>\n<\/p>\n<p>\u00abSeg\u00fan las tradiciones y las creencias (esta noche) va a venir aqu\u00ed, acompa\u00f1\u00e1ndonos y va a estar contento de que yo est\u00e9 pensando en \u00e9l en este momento\u00bb, dice.<\/p>\n<\/p>\n<p>??-<\/p>\n<\/p>\n<p>La periodista de The Associated Press Mar\u00eda Verza colabor\u00f3 con esta nota.<\/p>\n<h6> 2020-11-01 22:56:29 <\/h6>\n<p><!--\n<link rel=\"stylesheet\" href=\"css\/bootstrap.min.css\">\n\n\n<ul class=\"pagination\">\n\t    \n\t\n\n<li >\n\t<a href='?page_no=90'>Previous<\/a>\n\t<\/li>\n\n\n       \n    \n\n<li><a href='?page_no=1'>1<\/a><\/li>\n\n\n\n<li><a href='?page_no=2'>2<\/a><\/li>\n\n\n\n<li><a>...<\/a><\/li>\n\n\n\n<li><a href='?page_no=89'>89<\/a><\/li>\n\n\n\n<li><a href='?page_no=90'>90<\/a><\/li>\n\n\n\n<li class='active'><a>91<\/a><\/li>\n\n\n\n<li><a href='?page_no=92'>92<\/a><\/li>\n\n\n\n<li><a href='?page_no=93'>93<\/a><\/li>\n\n\n\n<li><a>...<\/a><\/li>\n\n\n\n<li><a href='?page_no=22911'>22911<\/a><\/li>\n\n\n\n<li><a href='?page_no=22912'>22912<\/a><\/li>\n\n    \n\t\n\n<li >\n\t<a href='?page_no=92'>Next<\/a>\n\t<\/li>\n\n\n    \n\n<li><a href='?page_no=22912'>Last &rsaquo;&rsaquo;<\/a><\/li>\n\n<\/ul>\n\n\n--><br \/>\n<\/body><\/p>\n","protected":false},"excerpt":{"rendered":"<p>Altares del D\u00eda de Muertos de M\u00e9xico se llenan de m\u00e9dicos Por LISSETTE ROMERO yesterday Un retrato de Jos\u00e9 Valencia, un enfermero que muri\u00f3 por s\u00edntomas relacionados con COVID-19, colocado en un altar del D\u00eda de Muertos hecho por su hija en su casa en la Ciudad de M\u00e9xico, el domingo 1 de noviembre de [&hellip;]<\/p>\n","protected":false},"author":3,"featured_media":0,"comment_status":"open","ping_status":"open","sticky":false,"template":"","format":"standard","meta":{"footnotes":""},"categories":[21],"tags":[],"class_list":["post-57259","post","type-post","status-publish","format-standard","hentry","category-cultura"],"_links":{"self":[{"href":"https:\/\/diariodominicano.com\/index.php?rest_route=\/wp\/v2\/posts\/57259","targetHints":{"allow":["GET"]}}],"collection":[{"href":"https:\/\/diariodominicano.com\/index.php?rest_route=\/wp\/v2\/posts"}],"about":[{"href":"https:\/\/diariodominicano.com\/index.php?rest_route=\/wp\/v2\/types\/post"}],"author":[{"embeddable":true,"href":"https:\/\/diariodominicano.com\/index.php?rest_route=\/wp\/v2\/users\/3"}],"replies":[{"embeddable":true,"href":"https:\/\/diariodominicano.com\/index.php?rest_route=%2Fwp%2Fv2%2Fcomments&post=57259"}],"version-history":[{"count":0,"href":"https:\/\/diariodominicano.com\/index.php?rest_route=\/wp\/v2\/posts\/57259\/revisions"}],"wp:attachment":[{"href":"https:\/\/diariodominicano.com\/index.php?rest_route=%2Fwp%2Fv2%2Fmedia&parent=57259"}],"wp:term":[{"taxonomy":"category","embeddable":true,"href":"https:\/\/diariodominicano.com\/index.php?rest_route=%2Fwp%2Fv2%2Fcategories&post=57259"},{"taxonomy":"post_tag","embeddable":true,"href":"https:\/\/diariodominicano.com\/index.php?rest_route=%2Fwp%2Fv2%2Ftags&post=57259"}],"curies":[{"name":"wp","href":"https:\/\/api.w.org\/{rel}","templated":true}]}}