{"id":572522,"date":"2024-11-06T23:38:30","date_gmt":"2024-11-07T03:38:30","guid":{"rendered":"https:\/\/diariodominicano.com\/?p=572522"},"modified":"2024-11-06T23:38:39","modified_gmt":"2024-11-07T03:38:39","slug":"ops-llama-a-paises-de-las-americas-a-ampliar-acceso-al-diagnostico-y-tratamiento-de-malaria","status":"publish","type":"post","link":"https:\/\/diariodominicano.com\/?p=572522","title":{"rendered":"OPS llama a pa\u00edses de las Am\u00e9ricas a ampliar acceso al diagn\u00f3stico y tratamiento de malaria"},"content":{"rendered":"\n<p>diariodominicano.com<\/p>\n\n\n\n<p>BUENOS AIRES, 6 nov (Xinhua) &#8212; La Organizaci\u00f3n Panamericana de la Salud (OPS) llam\u00f3 hoy mi\u00e9rcoles a los pa\u00edses de las Am\u00e9ricas para ampliar el acceso al diagn\u00f3stico y tratamiento de la malaria a fin de acelerar la eliminaci\u00f3n de esa enfermedad, al conmemorar el D\u00eda de la Malaria. En 2023, los pa\u00edses de las Am\u00e9ricas reportaron un total de 505.000 casos de malaria, un aumento del 5 por ciento en comparaci\u00f3n con 2022. Como resultado, ya pesar de los mejores esfuerzos, la regi\u00f3n sigue sin alcanzar el objetivo de 120.000 casos para 2025 , dijo la OPS a trav\u00e9s de un comunicado. El organismo panamericano dijo que el lema del D\u00eda de la Malaria en las Am\u00e9ricas 2024 es \u00abExpandir el acceso al diagn\u00f3stico y tratamiento de la malaria sin barreras\u00bb, un llamado a desarrollar acciones para que el tratamiento de la malaria est\u00e9 al alcance de las comunidades. , sin barreras geogr\u00e1ficas ni econ\u00f3micas. La malaria es una enfermedad febril aguda causada por el par\u00e1sito Plasmodium, que se transmite por la picadura de un mosquito Anopheles hembra infectado. Los s\u00edntomas incluyen fiebre, dolor de cabeza y escalofr\u00edos, que pueden ser leves. Si no se trata, la malaria puede evolucionar a una enfermedad grave e incluso la muerte. De acuerdo con la informaci\u00f3n oficial, los casos de malaria en las Am\u00e9ricas est\u00e1n impulsados \u200b\u200bprincipalmente por pa\u00edses con alta carga en Am\u00e9rica del Sur (Brasil, Colombia y Venezuela), donde las comunidades ind\u00edgenas y las poblaciones dedicadas a la miner\u00eda de oro son las m\u00e1s afectado. Guyana tambi\u00e9n registr\u00f3 un aumento significativo de casos (38 por ciento) entre 2022 y 2023. La OPS advirti\u00f3 que en los dos \u00faltimos a\u00f1os el fen\u00f3meno migratorio tambi\u00e9n ha provocado un aumento de los casos de malaria importados en algunos pa\u00edses de Mesoam\u00e9rica, entre ellos las comunidades del istmo del Dari\u00e9n, por donde transita un gran n\u00famero de migrantes diariamente. Aunque el aumento de la transmisi\u00f3n es \u00abpreocupante\u00bb, el director de la OPS, Jarbas Barbosa, subray\u00f3 que con esfuerzos acelerados, \u00abesta enfermedad puede ser eliminada en nuestra regi\u00f3n\u00bb. Para reducir la transmisi\u00f3n de la malaria, la OPS inst\u00f3 este mi\u00e9rcoles a los pa\u00edses de la regi\u00f3n para garantizar la disponibilidad de servicios de diagn\u00f3stico y tratamiento a nivel comunitario, estableciendo alianzas con las comunidades afectadas. \u00abLos Gobiernos tambi\u00e9n deben abordar las barreras regulatorias y los desaf\u00edos log\u00edsticos que impiden la implantaci\u00f3n generalizada de las pruebas de diagn\u00f3stico r\u00e1pido\u00bb, dijo la OPS.<\/p>\n","protected":false},"excerpt":{"rendered":"<p>diariodominicano.com BUENOS AIRES, 6 nov (Xinhua) &#8212; La Organizaci\u00f3n Panamericana de la Salud (OPS) llam\u00f3 hoy mi\u00e9rcoles a los pa\u00edses de las Am\u00e9ricas para ampliar el acceso al diagn\u00f3stico y tratamiento de la malaria a fin de acelerar la eliminaci\u00f3n de esa enfermedad, al conmemorar el D\u00eda de la Malaria. En 2023, los pa\u00edses de [&hellip;]<\/p>\n","protected":false},"author":5,"featured_media":445513,"comment_status":"closed","ping_status":"closed","sticky":true,"template":"","format":"standard","meta":{"footnotes":""},"categories":[23,27],"tags":[],"class_list":["post-572522","post","type-post","status-publish","format-standard","has-post-thumbnail","hentry","category-internacional","category-portada"],"_links":{"self":[{"href":"https:\/\/diariodominicano.com\/index.php?rest_route=\/wp\/v2\/posts\/572522","targetHints":{"allow":["GET"]}}],"collection":[{"href":"https:\/\/diariodominicano.com\/index.php?rest_route=\/wp\/v2\/posts"}],"about":[{"href":"https:\/\/diariodominicano.com\/index.php?rest_route=\/wp\/v2\/types\/post"}],"author":[{"embeddable":true,"href":"https:\/\/diariodominicano.com\/index.php?rest_route=\/wp\/v2\/users\/5"}],"replies":[{"embeddable":true,"href":"https:\/\/diariodominicano.com\/index.php?rest_route=%2Fwp%2Fv2%2Fcomments&post=572522"}],"version-history":[{"count":1,"href":"https:\/\/diariodominicano.com\/index.php?rest_route=\/wp\/v2\/posts\/572522\/revisions"}],"predecessor-version":[{"id":572523,"href":"https:\/\/diariodominicano.com\/index.php?rest_route=\/wp\/v2\/posts\/572522\/revisions\/572523"}],"wp:featuredmedia":[{"embeddable":true,"href":"https:\/\/diariodominicano.com\/index.php?rest_route=\/wp\/v2\/media\/445513"}],"wp:attachment":[{"href":"https:\/\/diariodominicano.com\/index.php?rest_route=%2Fwp%2Fv2%2Fmedia&parent=572522"}],"wp:term":[{"taxonomy":"category","embeddable":true,"href":"https:\/\/diariodominicano.com\/index.php?rest_route=%2Fwp%2Fv2%2Fcategories&post=572522"},{"taxonomy":"post_tag","embeddable":true,"href":"https:\/\/diariodominicano.com\/index.php?rest_route=%2Fwp%2Fv2%2Ftags&post=572522"}],"curies":[{"name":"wp","href":"https:\/\/api.w.org\/{rel}","templated":true}]}}