{"id":572503,"date":"2024-11-06T22:56:00","date_gmt":"2024-11-07T02:56:00","guid":{"rendered":"https:\/\/diariodominicano.com\/?p=572503"},"modified":"2024-11-06T22:56:07","modified_gmt":"2024-11-07T02:56:07","slug":"que-esperar-sobre-inmigracion-bajo-una-nueva-administracion-de-trump","status":"publish","type":"post","link":"https:\/\/diariodominicano.com\/?p=572503","title":{"rendered":"\u00bfQu\u00e9 esperar sobre inmigraci\u00f3n bajo una nueva administraci\u00f3n de Trump?"},"content":{"rendered":"\n<p>Migrantes caminan por la carretera Huixtla con la esperanza de llegar a la frontera norte de M\u00e9xico y finalmente a Estados Unidos, en Huehuet\u00e1n, sur de M\u00e9xico, el 6 de noviembre de 2024.<\/p>\n\n\n\n<ul class=\"wp-block-list\">\n<li><a href=\"https:\/\/www.vozdeamerica.com\/author\/aline-barros\/rvqyo\">Aline Barros<\/a><\/li>\n<\/ul>\n\n\n\n<figure class=\"wp-block-image\"><img decoding=\"async\" src=\"https:\/\/gdb.voanews.com\/710c0008-a7d4-4254-88ea-a2f979730060_w650_r1_s.jpg\" alt=\"Migrantes caminan por la carretera Huixtla con la esperanza de llegar a la frontera norte de M\u00e9xico y finalmente a Estados Unidos, en Huehuet\u00e1n, sur de M\u00e9xico, el 6 de noviembre de 2024.\"\/><figcaption class=\"wp-element-caption\">Migrantes caminan por la carretera Huixtla con la esperanza de llegar a la frontera norte de M\u00e9xico y finalmente a Estados Unidos, en Huehuet\u00e1n, sur de M\u00e9xico, el 6 de noviembre de 2024.<\/figcaption><\/figure>\n\n\n\n<ul class=\"wp-block-list\">\n<li><a href=\"https:\/\/facebook.com\/sharer.php?u=https%3a%2f%2fwww.vozdeamerica.com%2fa%2fque-esperar-sobre-inmigracion-bajo-nueva-administracion-trump-%2f7854750.html\" target=\"_blank\" rel=\"noreferrer noopener\"><\/a><\/li>\n\n\n\n<li><a href=\"https:\/\/twitter.com\/share?url=https%3a%2f%2fwww.vozdeamerica.com%2fa%2fque-esperar-sobre-inmigracion-bajo-nueva-administracion-trump-%2f7854750.html&amp;text=%c2%bfQu%c3%a9+esperar+sobre+inmigraci%c3%b3n+bajo+una+nueva+administraci%c3%b3n+de+Trump%3f\" target=\"_blank\" rel=\"noreferrer noopener\"><\/a><\/li>\n\n\n\n<li><\/li>\n\n\n\n<li><a href=\"mailto:?body=https%3a%2f%2fwww.vozdeamerica.com%2fa%2fque-esperar-sobre-inmigracion-bajo-nueva-administracion-trump-%2f7854750.html&amp;subject=%C2%BFQu%C3%A9%20esperar%20sobre%20inmigraci%C3%B3n%20bajo%20una%20nueva%20administraci%C3%B3n%20de%20Trump?\"><\/a><\/li>\n<\/ul>\n\n\n\n<p><a href=\"https:\/\/www.vozdeamerica.com\/a\/que-esperar-sobre-inmigracion-bajo-nueva-administracion-trump-\/7854750.html#comments\">&nbsp;Vea comentarios<\/a><\/p>\n\n\n\n<p>El presidente electo de EEUU, Donald Trump, ha prometido desde sus iniciales actos de campa\u00f1a una pol\u00edtica de deportaciones masivas. Sin embargo, analista consultados por la Voz de Am\u00e9rica consideran que su plan puede ser muy engorroso.<\/p>\n\n\n\n<p>WASHINGTON \u2014&nbsp;<\/p>\n\n\n\n<p>El&nbsp;<strong><em><a href=\"https:\/\/www.vozdeamerica.com\/a\/donald-trump-es-elegido-47-presidente-de-estados-unidos\/7853480.html\" target=\"_blank\" rel=\"noreferrer noopener\">presidente electo Donald Trump<\/a><\/em><\/strong>&nbsp;puso la inmigraci\u00f3n al frente de su agenda de campa\u00f1a, prometiendo traer lo que \u00e9l llama \u201corden sin precedentes\u201d a la frontera sur y lanzar la operaci\u00f3n de deportaci\u00f3n masiva m\u00e1s grande del pa\u00eds de inmigrantes indocumentados en su primer d\u00eda en el cargo.<\/p>\n\n\n\n<p>A lo largo de su campa\u00f1a, Trump calific\u00f3 la inmigraci\u00f3n como una crisis y&nbsp;<strong><em><a href=\"https:\/\/www.vozdeamerica.com\/a\/trump-promete-10-000-agentes-fronterizos-adicionales-en-su-lucha-con-harris-por-la-inmigracion\/7821448.html\" target=\"_blank\" rel=\"noreferrer noopener\">prometi\u00f3 actuar r\u00e1pidamente<\/a><\/em><\/strong>&nbsp;para implementar una serie de pol\u00edticas controvertidas para frenar la inmigraci\u00f3n ilegal y frenar las nuevas llegadas.<\/p>\n\n\n\n<p>\u201cVamos a arreglar nuestras fronteras. Queremos que la gente regrese, pero tenemos que dejarlos volver. Tienen que entrar legalmente\u201d, dijo Trump durante su discurso de victoria en Florida el martes.<\/p>\n\n\n\n<p>Sin embargo, gestionar el reingreso de posiblemente millones de personas presenta formidables desaf\u00edos legales y log\u00edsticos.<\/p>\n\n\n\n<p>\u201cExiste esta creencia de que hay una fila y la gente debe hacer fila. A menudo, no hay una fila\u201d, dijo Mark Hetfield, director ejecutivo de la Sociedad Hebrea de Ayuda a los Inmigrantes (HIAS, por sus siglas en ingl\u00e9s), a la&nbsp;<strong><em>Voz de Am\u00e9rica<\/em><\/strong>.<\/p>\n\n\n\n<p><a href=\"https:\/\/www.vozdeamerica.com\/a\/el-plan-de-deportaciones-masivas-de-trump-y-quien-quiere-impedirselo\/7853511.html\"><\/a><\/p>\n\n\n\n<p><a href=\"https:\/\/www.vozdeamerica.com\/a\/el-plan-de-deportaciones-masivas-de-trump-y-quien-quiere-impedirselo\/7853511.html\">Tambi\u00e9n lea<\/a><\/p>\n\n\n\n<h4 class=\"wp-block-heading\"><a href=\"https:\/\/www.vozdeamerica.com\/a\/el-plan-de-deportaciones-masivas-de-trump-y-quien-quiere-impedirselo\/7853511.html\">El plan de deportaciones masivas de Trump y qui\u00e9n quiere imped\u00edrselo<\/a><\/h4>\n\n\n\n<p>Un informe del Instituto de Pol\u00edtica Migratoria se\u00f1ala el mismo punto, diciendo que hay m\u00faltiples v\u00edas de visa, cada una con diferentes retrasos y tiempos de espera, que regulan cu\u00e1nto tiempo esperan las personas para obtener la residencia permanente.<\/p>\n\n\n\n<p>Los l\u00edmites anuales y las cuotas por pa\u00eds crean demoras extensas, y algunos solicitantes enfrentan esperas por d\u00e9cadas.<\/p>\n\n\n\n<p>Muchos inmigrantes indocumentados pueden no tener forma de unirse a estas filas debido a las pol\u00edticas restrictivas de reingreso.<\/p>\n\n\n\n<p>La Ley de Reforma de la Inmigraci\u00f3n Ilegal y Responsabilidad del Inmigrante de 1996 bloquea el reingreso de inmigrantes con un historial de \u00abpresencia ilegal\u00bb en Estados Unidos. Si se van y quieren reingresar legalmente aquellos con m\u00e1s de 180 d\u00edas, pero menos de un a\u00f1o de presencia ilegal, enfrentan una prohibici\u00f3n de reingreso de tres a\u00f1os. Aquellos con m\u00e1s de un a\u00f1o de presencia ilegal enfrentan una prohibici\u00f3n de 10 a\u00f1os.<\/p>\n\n\n\n<p><a href=\"https:\/\/www.vozdeamerica.com\/a\/inmigracion-legal-eeuu-asiatico-estadounidenses-beneficio-economia-estados-unidos-encuesta-ap-\/7822691.html\"><\/a><\/p>\n\n\n\n<p><a href=\"https:\/\/www.vozdeamerica.com\/a\/inmigracion-legal-eeuu-asiatico-estadounidenses-beneficio-economia-estados-unidos-encuesta-ap-\/7822691.html\">Tambi\u00e9n lea<\/a><\/p>\n\n\n\n<h4 class=\"wp-block-heading\"><a href=\"https:\/\/www.vozdeamerica.com\/a\/inmigracion-legal-eeuu-asiatico-estadounidenses-beneficio-economia-estados-unidos-encuesta-ap-\/7822691.html\">La inmigraci\u00f3n legal es \u201cun beneficio\u201d para econom\u00eda de EEUU, seg\u00fan los asi\u00e1tico-estadounidenses<\/a><\/h4>\n\n\n\n<p>La presencia ilegal generalmente incluye quedarse m\u00e1s tiempo del permitido o ingresar sin inspecci\u00f3n.<\/p>\n\n\n\n<h3 class=\"wp-block-heading\">La campa\u00f1a de deportaci\u00f3n m\u00e1s grande en la historia de EEUU<\/h3>\n\n\n\n<p>Trump ha prometido superar las cifras de deportaci\u00f3n de su primer mandato.<\/p>\n\n\n\n<p>Con planes de utilizar a la Guardia Nacional para capturar a inmigrantes indocumentados, Trump tambi\u00e9n ha invocado la Ley de Enemigos Extranjeros, una ley del siglo XVIII que permite al presidente deportar a ciudadanos de naciones consideradas hostiles a Estados Unidos.<\/p>\n\n\n\n<p>Trump pretende reducir dr\u00e1sticamente la poblaci\u00f3n indocumentada, algo que sus partidarios ven como un paso hacia la restauraci\u00f3n del orden, aunque los opositores argumentan que conducir\u00e1 a batallas legales y obst\u00e1culos log\u00edsticos.<\/p>\n\n\n\n<p>Jeremy Robbins, director ejecutivo del Consejo Estadounidense de Inmigraci\u00f3n, escribi\u00f3 en un correo electr\u00f3nico a la&nbsp;<strong><em>VOA<\/em><\/strong>&nbsp;que si alg\u00fan presidente decide llevar a cabo una deportaci\u00f3n masiva, esto supondr\u00eda un coste extraordinario para el gobierno y tambi\u00e9n devastar\u00eda la econom\u00eda.<\/p>\n\n\n\n<p>\u201cEs fundamental que los responsables de las pol\u00edticas y el p\u00fablico estadounidense comprendan lo que esto implicar\u00eda: decenas de miles de millones de d\u00f3lares de los contribuyentes, industrias ya sobrecargadas devastadas, millones de personas encerradas en centros de detenci\u00f3n y miles de familias destrozadas que causar\u00edan terror y caos generalizados en comunidades de todo el pa\u00eds\u201d, escribi\u00f3 Robbins.<\/p>\n\n\n\n<h3 class=\"wp-block-heading\">Prohibici\u00f3n de viajar, ciudadan\u00eda por nacimiento y m\u00e1s<\/h3>\n\n\n\n<p>Se espera que se renueve el programa Permanecer en M\u00e9xico, un programa iniciado en la primera administraci\u00f3n Trump. La pol\u00edtica obliga a los migrantes que buscan asilo a esperar en M\u00e9xico mientras se procesan sus casos. Tambi\u00e9n se espera que se renueve una pol\u00edtica para expulsar r\u00e1pidamente a los migrantes y frenar la inmigraci\u00f3n en la frontera entre Estados Unidos y M\u00e9xico.<\/p>\n\n\n\n<p><a href=\"https:\/\/www.vozdeamerica.com\/a\/donald-trump-kamala-harris-propuestas-inmigracion-deportacion-seguridad-frontera-migrantes\/7807694.html\"><\/a><\/p>\n\n\n\n<p><a href=\"https:\/\/www.vozdeamerica.com\/a\/donald-trump-kamala-harris-propuestas-inmigracion-deportacion-seguridad-frontera-migrantes\/7807694.html\">Tambi\u00e9n lea<\/a><\/p>\n\n\n\n<h4 class=\"wp-block-heading\"><a href=\"https:\/\/www.vozdeamerica.com\/a\/donald-trump-kamala-harris-propuestas-inmigracion-deportacion-seguridad-frontera-migrantes\/7807694.html\">\u00bfQu\u00e9 proponen Trump y Harris sobre inmigraci\u00f3n y seguridad fronteriza?<\/a><\/h4>\n\n\n\n<p>Otra promesa central que Trump hizo durante su campa\u00f1a presidencial es revertir las iniciativas bajo la administraci\u00f3n Biden que han permitido que grupos espec\u00edficos de migrantes ingresen legalmente a Estados Unidos.<\/p>\n\n\n\n<p>Bajo Biden, se permiti\u00f3 que hasta 30.000 migrantes por mes de cuatro pa\u00edses (Cuba, Hait\u00ed, Nicaragua y Venezuela) ingresaran legalmente a Estados Unidos si cumpl\u00edan ciertas condiciones. Trump se ha comprometido a poner fin a estas v\u00edas.<\/p>\n\n\n\n<p>En un esfuerzo por intensificar el escrutinio de quienes ingresan a Estados Unidos, Trump ha prometido renovar y expandir las prohibiciones de viaje dirigidas a una lista m\u00e1s amplia de pa\u00edses e introducir una \u00abselecci\u00f3n ideol\u00f3gica\u00bb para excluir a las personas a las que el republicano describe como \u00ablun\u00e1ticos peligrosos, odiadores, fan\u00e1ticos y maniacos\u00bb.<\/p>\n\n\n\n<p>La campa\u00f1a de Trump dice que esta medida mejorar\u00e1 la seguridad nacional, aunque ha suscitado preocupaciones sobre discriminaci\u00f3n y libertades civiles.<\/p>\n\n\n\n<p>Trump tambi\u00e9n dijo que planea poner fin a la ciudadan\u00eda por derecho de nacimiento para los ni\u00f1os nacidos en Estados Unidos de padres que est\u00e1n en el pa\u00eds ilegalmente. Esto requerir\u00eda una reinterpretaci\u00f3n de la Enmienda 14 y se espera que enfrente intensos desaf\u00edos legales.<\/p>\n\n\n\n<p>Si bien los planes de inmigraci\u00f3n de Trump cuentan con el apoyo de su base, enfrentan una fuerte oposici\u00f3n de grupos de defensa y expertos legales, quienes argumentan que las deportaciones masivas y las prohibiciones de viaje podr\u00edan conducir a violaciones de los derechos humanos y amplios desaf\u00edos judiciales.<\/p>\n\n\n\n<p>Hetfield de HIAS dijo a la&nbsp;<strong><em>VOA<\/em><\/strong>&nbsp;que los defensores est\u00e1n preocupados por lo que una nueva administraci\u00f3n Trump har\u00e1 con la inmigraci\u00f3n legal.<\/p>\n\n\n\n<p>\u00abProbablemente litigaremos si intenta cerrar el programa [de refugiados] y se excede. Pero el resultado final es que \u201cel presidente tiene mucha discreci\u00f3n en lo que respecta al programa de refugiados. Y en lo que respecta al asilo, [va a] hacer que sea imposible solicitarlo en la frontera, como lo hizo con el T\u00edtulo 42 y sus pol\u00edticas de Permanecer en M\u00e9xico\u201d, dijo Hetfield.<\/p>\n\n\n\n<p>Michelle Ming, directora pol\u00edtica de United We Dream, la organizaci\u00f3n liderada por j\u00f3venes inmigrantes m\u00e1s grande del pa\u00eds, dijo que estar\u00e1n listos para \u201cproteger\u201d a las familias inmigrantes.<\/p>\n\n\n\n<p>Ming anticipa una cantidad significativa de eventos de \u201cconozca sus derechos\u201d durante el segundo mandato de Trump en la Casa Blanca.<\/p>\n\n\n\n<p>\u201cUna vez que Trump asuma el cargo, le recordaremos que estamos aqu\u00ed para luchar contra cualquier tipo de pol\u00edtica que intente implementar para da\u00f1ar a nuestras comunidades\u201d, manifest\u00f3 Ming.<\/p>\n","protected":false},"excerpt":{"rendered":"<p>Migrantes caminan por la carretera Huixtla con la esperanza de llegar a la frontera norte de M\u00e9xico y finalmente a Estados Unidos, en Huehuet\u00e1n, sur de M\u00e9xico, el 6 de noviembre de 2024. &nbsp;Vea comentarios El presidente electo de EEUU, Donald Trump, ha prometido desde sus iniciales actos de campa\u00f1a una pol\u00edtica de deportaciones masivas. [&hellip;]<\/p>\n","protected":false},"author":28,"featured_media":572504,"comment_status":"closed","ping_status":"closed","sticky":true,"template":"","format":"standard","meta":{"footnotes":""},"categories":[36,23,24],"tags":[],"class_list":["post-572503","post","type-post","status-publish","format-standard","has-post-thumbnail","hentry","category-hombresmujeresycosas","category-internacional","category-justicia-y-derecho"],"_links":{"self":[{"href":"https:\/\/diariodominicano.com\/index.php?rest_route=\/wp\/v2\/posts\/572503","targetHints":{"allow":["GET"]}}],"collection":[{"href":"https:\/\/diariodominicano.com\/index.php?rest_route=\/wp\/v2\/posts"}],"about":[{"href":"https:\/\/diariodominicano.com\/index.php?rest_route=\/wp\/v2\/types\/post"}],"author":[{"embeddable":true,"href":"https:\/\/diariodominicano.com\/index.php?rest_route=\/wp\/v2\/users\/28"}],"replies":[{"embeddable":true,"href":"https:\/\/diariodominicano.com\/index.php?rest_route=%2Fwp%2Fv2%2Fcomments&post=572503"}],"version-history":[{"count":1,"href":"https:\/\/diariodominicano.com\/index.php?rest_route=\/wp\/v2\/posts\/572503\/revisions"}],"predecessor-version":[{"id":572505,"href":"https:\/\/diariodominicano.com\/index.php?rest_route=\/wp\/v2\/posts\/572503\/revisions\/572505"}],"wp:featuredmedia":[{"embeddable":true,"href":"https:\/\/diariodominicano.com\/index.php?rest_route=\/wp\/v2\/media\/572504"}],"wp:attachment":[{"href":"https:\/\/diariodominicano.com\/index.php?rest_route=%2Fwp%2Fv2%2Fmedia&parent=572503"}],"wp:term":[{"taxonomy":"category","embeddable":true,"href":"https:\/\/diariodominicano.com\/index.php?rest_route=%2Fwp%2Fv2%2Fcategories&post=572503"},{"taxonomy":"post_tag","embeddable":true,"href":"https:\/\/diariodominicano.com\/index.php?rest_route=%2Fwp%2Fv2%2Ftags&post=572503"}],"curies":[{"name":"wp","href":"https:\/\/api.w.org\/{rel}","templated":true}]}}