{"id":572500,"date":"2024-11-06T22:52:25","date_gmt":"2024-11-07T02:52:25","guid":{"rendered":"https:\/\/diariodominicano.com\/?p=572500"},"modified":"2024-11-06T22:52:31","modified_gmt":"2024-11-07T02:52:31","slug":"que-podria-pasar-con-los-casos-criminales-que-enfrenta-trump-tras-su-victoria-presidencial","status":"publish","type":"post","link":"https:\/\/diariodominicano.com\/?p=572500","title":{"rendered":"\u00bfQu\u00e9 podr\u00eda pasar con los casos criminales que enfrenta Trump tras su victoria presidencial?"},"content":{"rendered":"\n<p>ARCHIVO &#8211; Donald Trump se sienta mientras los jurados finales toman juramento durante su juicio penal por cargos de falsificaci\u00f3n de registros comerciales en el tribunal estatal de Manhattan en Nueva York, el 19 de abril de 2024, en este boceto de la sala del tribunal.<\/p>\n\n\n\n<p>noviembre 06, 2024<\/p>\n\n\n\n<ul class=\"wp-block-list\">\n<li><a href=\"https:\/\/www.vozdeamerica.com\/author\/salome-ramirez-vargas\/qu_vo\">Salom\u00e9 Ram\u00edrez Vargas<\/a><\/li>\n<\/ul>\n\n\n\n<figure class=\"wp-block-image\"><img decoding=\"async\" src=\"https:\/\/gdb.voanews.com\/50aadcdb-49cd-4d2b-ae2e-86baa226e25f_cx0_cy3_cw0_w650_r1_s.jpg\" alt=\"ARCHIVO - Donald Trump se sienta mientras los jurados finales toman juramento durante su juicio penal por cargos de falsificaci\u00f3n de registros comerciales en el tribunal estatal de Manhattan en Nueva York, el 19 de abril de 2024, en este boceto de la sala del tribunal.\"\/><figcaption class=\"wp-element-caption\">ARCHIVO &#8211; Donald Trump se sienta mientras los jurados finales toman juramento durante su juicio penal por cargos de falsificaci\u00f3n de registros comerciales en el tribunal estatal de Manhattan en Nueva York, el 19 de abril de 2024, en este boceto de la sala del tribunal.<\/figcaption><\/figure>\n\n\n\n<ul class=\"wp-block-list\">\n<li><a href=\"https:\/\/facebook.com\/sharer.php?u=https%3a%2f%2fwww.vozdeamerica.com%2fa%2ffuturo-casos-criminales-donald-trump-victoria-presidencia%2f7853964.html\" target=\"_blank\" rel=\"noreferrer noopener\"><\/a><\/li>\n\n\n\n<li><a href=\"https:\/\/twitter.com\/share?url=https%3a%2f%2fwww.vozdeamerica.com%2fa%2ffuturo-casos-criminales-donald-trump-victoria-presidencia%2f7853964.html&amp;text=%c2%bfQu%c3%a9+podr%c3%ada+pasar+con+los+casos+criminales+que+enfrenta+Trump+tras+su+victoria+presidencial%3f\" target=\"_blank\" rel=\"noreferrer noopener\"><\/a><\/li>\n\n\n\n<li><\/li>\n\n\n\n<li><a href=\"mailto:?body=https%3a%2f%2fwww.vozdeamerica.com%2fa%2ffuturo-casos-criminales-donald-trump-victoria-presidencia%2f7853964.html&amp;subject=%C2%BFQu%C3%A9%20podr%C3%ADa%20pasar%20con%20los%20casos%20criminales%20que%20enfrenta%20Trump%20tras%20su%20victoria%20presidencial?\"><\/a><\/li>\n<\/ul>\n\n\n\n<p><a href=\"https:\/\/www.vozdeamerica.com\/a\/futuro-casos-criminales-donald-trump-victoria-presidencia\/7853964.html#comments\">&nbsp;Vea comentarios<\/a><\/p>\n\n\n\n<p>Donald Trump asegur\u00f3 su regreso a la Casa Blanca en las elecciones presidenciales de Estados Unidos, y con eso, el futuro de los cuatro casos criminales que enfrenta en diferentes lugares del pa\u00eds se mantiene en vilo. Expertos explican qu\u00e9 podr\u00eda pasar una vez asuma de nuevo la jefatura del pa\u00eds.<\/p>\n\n\n\n<p>WASHINGTON \u2014&nbsp;<\/p>\n\n\n\n<p>La victoria de Donald Trump en las elecciones presidenciales de Estados Unidos podr\u00eda significar el fin de algunos de los casos penales que enfrenta a nivel federal y la suspensi\u00f3n de sus procesos estatales, seg\u00fan expertos.<\/p>\n\n\n\n<p>Trump se convirti\u00f3 en la primera persona convicta por un delito grave en ser elegida a la Presidencia estadounidense. El republicano fue&nbsp;<strong><em><a href=\"https:\/\/www.vozdeamerica.com\/a\/trump-apelara-veredicto-culpabilidad-caso-pago-de-dinero-a-cambio-de-silencio\/7637694.html\" target=\"_blank\" rel=\"noreferrer noopener\">encontrado culpable por 34 cargos<\/a><\/em><\/strong>&nbsp;en un caso de soborno en Nueva York hace poco m\u00e1s de cinco meses.<\/p>\n\n\n\n<p>\u201cLas implicaciones de que un tribunal estatal condene a un presidente electo son tales que, como m\u00ednimo, es probable que la audiencia se retrase y el castigo, si lo hay, casi con seguridad esperar\u00e1 a la conclusi\u00f3n de su mandato\u201d, dijo a la&nbsp;<em><strong>Voz de Am\u00e9rica<\/strong><\/em>&nbsp;James Sample, profesor de Derecho Constitucional en la Universidad de Hofstra, en Nueva York.<\/p>\n\n\n\n<p>Se espera que los abogados de Trump pidan al juez neoyorquino Juan Merchan que retrase su sentencia, actualmente programada para el 26 de noviembre, en la que podr\u00eda enfrentar hasta cuatro a\u00f1os de prisi\u00f3n.<\/p>\n\n\n\n<figure class=\"wp-block-image\"><img decoding=\"async\" src=\"https:\/\/gdb.voanews.com\/e09018e0-3c23-48c4-9464-6622a66c86a1_w650_r1.png\" alt=\"Donald Trump: presidente electo de EEUU\" title=\"Donald Trump: presidente electo de EEUU\"\/><\/figure>\n\n\n\n<p><video poster=\"https:\/\/gdb.voanews.com\/e09018e0-3c23-48c4-9464-6622a66c86a1_w650_r1.png\" src=\"https:\/\/voa-video-ns.akamaized.net\/pangeavideo\/2024\/11\/a\/a6\/a6a24db9-8483-4121-96b2-f2886bd143a3.mp4\" height=\"381\" width=\"676\"><\/video><\/p>\n\n\n\n<p>&nbsp;Insertar&nbsp;share<\/p>\n\n\n\n<h5 class=\"wp-block-heading\"><a href=\"https:\/\/www.vozdeamerica.com\/a\/7848158.html\" target=\"_blank\" rel=\"noreferrer noopener\">Donald Trump: presidente electo de EEUU<\/a><\/h5>\n\n\n\n<p>&nbsp;Insertar&nbsp;share<\/p>\n\n\n\n<p>El c\u00f3digo se ha copiado en su portapapeles.<\/p>\n\n\n\n<hr class=\"wp-block-separator has-alpha-channel-opacity\"\/>\n\n\n\n<p>Ancho&nbsp;&nbsp;pxAltura&nbsp;&nbsp;px<\/p>\n\n\n\n<ul class=\"wp-block-list\">\n<li><a href=\"https:\/\/facebook.com\/sharer.php?u=https%3a%2f%2fwww.vozdeamerica.com%2fa%2f7848158.html\" target=\"_blank\" rel=\"noreferrer noopener\">Comparta en Facebook<\/a><\/li>\n\n\n\n<li><a href=\"https:\/\/twitter.com\/share?url=https%3a%2f%2fwww.vozdeamerica.com%2fa%2f7848158.html&amp;text=Donald+Trump%3a+presidente+electo+de+EEUU\" target=\"_blank\" rel=\"noreferrer noopener\">Comparta en Twitter<\/a><\/li>\n<\/ul>\n\n\n\n<hr class=\"wp-block-separator has-alpha-channel-opacity\"\/>\n\n\n\n<p>The URL has been copied to your clipboard<\/p>\n\n\n\n<p>No media source currently available<\/p>\n\n\n\n<p>0:002:220:00<\/p>\n\n\n\n<p><a href=\"https:\/\/www.vozdeamerica.com\/embed\/player\/Article\/7848158.html?type=video&amp;FullScreenMode=True\" target=\"_blank\" rel=\"noreferrer noopener\"><\/a><\/p>\n\n\n\n<p>&nbsp;Descargar&nbsp;<\/p>\n\n\n\n<p>Merchan ya ha pospuesto dos veces la sentencia de Trump -inicialmente programada para el 11 de julio-, en parte debido a un fallo de la Corte Suprema que&nbsp;<em><strong><a href=\"https:\/\/www.vozdeamerica.com\/a\/corte-suprema-eeuu-fallo-trump-expresidentes-inmunidad-actos-oficiales\/7680698.html\" target=\"_blank\" rel=\"noreferrer noopener\">determin\u00f3 que los presidentes tienen amplia inmunidad<\/a>&nbsp;<\/strong><\/em>de procesamiento por sus actos oficiales. Trump argumenta que el caso deber\u00eda ser desestimado en base a ese fallo, que los fiscales cuestionan.<\/p>\n\n\n\n<p>Michael Morley, profesor de Derecho Electoral en la Universidad Estatal de Florida, explic\u00f3 que en los procedimientos en Nueva York \u201cla reelecci\u00f3n de Trump como presidente probablemente llevar\u00eda al tribunal a ejercer a\u00fan m\u00e1s su discreci\u00f3n a favor de Trump, lo que significa que, si el tribunal intenta imponer una sentencia que interfiera con su presidencia, se suspender\u00e1\u201d.<\/p>\n\n\n\n<h3 class=\"wp-block-heading\">Los casos federales podr\u00edan \u201cevaporarse\u201d<\/h3>\n\n\n\n<p>Trump enfrenta tambi\u00e9n cuatro cargos en un tribunal federal en Washington que lo acusan de difundir&nbsp;<a href=\"https:\/\/www.vozdeamerica.com\/a\/trump-recurrio-cometer-delitos-tras-perder-elecciones-2020-\/7808268.html\" target=\"_blank\" rel=\"noreferrer noopener\"><strong><em>afirmaciones falsas de fraude electoral<\/em><\/strong>&nbsp;<\/a>para tratar de bloquear la certificaci\u00f3n de votos despu\u00e9s de las elecciones de 2020, que el ahora presidente electo perdi\u00f3 ante el dem\u00f3crata Joe Biden.<\/p>\n\n\n\n<p>Adem\u00e1s, fue acusado en Florida de retener ilegalmente documentos clasificados despu\u00e9s de que termin\u00f3 su primer mandato en 2021 y de obstruir los esfuerzos del gobierno para recuperarlos.<\/p>\n\n\n\n<p>Sin embargo, en este \u00faltimo, la jueza Aileen Cannon desestim\u00f3 todos los cargos asegurando que el fiscal especial Jack Smith, quien dirigi\u00f3 los procesos federales, hab\u00eda sido designado indebidamente al cargo.<\/p>\n\n\n\n<p><a href=\"https:\/\/www.vozdeamerica.com\/a\/lideres-america-latina-felicitan-donald-trump-triunfo-electoral\/7853662.html\"><\/a><\/p>\n\n\n\n<p><a href=\"https:\/\/www.vozdeamerica.com\/a\/lideres-america-latina-felicitan-donald-trump-triunfo-electoral\/7853662.html\">Tambi\u00e9n lea<\/a><\/p>\n\n\n\n<h4 class=\"wp-block-heading\"><a href=\"https:\/\/www.vozdeamerica.com\/a\/lideres-america-latina-felicitan-donald-trump-triunfo-electoral\/7853662.html\">L\u00edderes de Am\u00e9rica Latina felicitan a Donald Trump por su triunfo electoral<\/a><\/h4>\n\n\n\n<p>\u201cUna vez que Trump se convierta en presidente y nombre a un fiscal general, este podr\u00eda simplemente decidir terminar los procesos\u201d, explic\u00f3 Morley.<\/p>\n\n\n\n<p>El profesor abund\u00f3 en que \u201ctambi\u00e9n existe una interpretaci\u00f3n legal de larga data del Departamento de Justicia de que los presidentes en funciones no est\u00e1n sujetos a un proceso federal. Por lo tanto, como m\u00ednimo, los procesos federales no seguir\u00edan adelante, y el resultado m\u00e1s probable es que el nuevo fiscal general desestime los casos o simplemente termine el nombramiento del fiscal especial, por lo que es probable que los procesos federales simplemente se evaporen\u201d.<\/p>\n\n\n\n<p>Trump asegur\u00f3 durante la campa\u00f1a que despedir\u00eda al fiscal especial Smith \u00abdentro de los dos segundos\u00bb despu\u00e9s de ser juramentado como presidente.<\/p>\n\n\n\n<p>El presidente electo se ha declarado inocente de todos los cargos y calificado los procesos como motivados pol\u00edticamente.<\/p>\n\n\n\n<h3 class=\"wp-block-heading\">En Georgia, el futuro es similar<\/h3>\n\n\n\n<p>El a\u00f1o pasado, los fiscales del condado de Fulton, Georgia, utilizaron las leyes estatales desarrolladas para combatir el crimen organizado para acusar a Trump de una supuesta&nbsp;<strong><em><a href=\"https:\/\/www.vozdeamerica.com\/a\/7644492.html\" target=\"_blank\" rel=\"noreferrer noopener\">conspiraci\u00f3n para revertir su derrota<\/a>&nbsp;<\/em><\/strong>en el estado en disputa en las elecciones de 2020.<\/p>\n\n\n\n<p>\u201cLos procedimientos de Georgia, donde a\u00fan no ha habido un veredicto, casi probablemente se suspender\u00edan. La noci\u00f3n de tener un proceso penal en curso contra un presidente en funciones plantear\u00eda serias cuestiones constitucionales, preocupaciones de federalismo y al presidente\u201d, agreg\u00f3 el profesor Morley.<\/p>\n\n\n\n<p><a href=\"https:\/\/www.vozdeamerica.com\/a\/presidenta-mexico-no-ve-ningun-motivo-de-preocupacion-tras-triunfo-de-trump-en-eeuu\/7853707.html\"><\/a><\/p>\n\n\n\n<p><a href=\"https:\/\/www.vozdeamerica.com\/a\/presidenta-mexico-no-ve-ningun-motivo-de-preocupacion-tras-triunfo-de-trump-en-eeuu\/7853707.html\">Tambi\u00e9n lea<\/a><\/p>\n\n\n\n<h4 class=\"wp-block-heading\"><a href=\"https:\/\/www.vozdeamerica.com\/a\/presidenta-mexico-no-ve-ningun-motivo-de-preocupacion-tras-triunfo-de-trump-en-eeuu\/7853707.html\">Presidenta de M\u00e9xico no ve \u00abning\u00fan motivo\u00bb de preocupaci\u00f3n tras triunfo de Trump en EEUU<\/a><\/h4>\n\n\n\n<p>Trump no podr\u00e1 poner fin a la acusaci\u00f3n, pero su abogado ya ha dicho en el tribunal que intentar\u00e1 detener cualquier actividad relacionada con el republicano bas\u00e1ndose en el argumento de que un presidente no deber\u00eda enfrentarse a la carga de un proceso penal mientras est\u00e9 en el cargo.<\/p>\n\n\n\n<p>Sample, profesor de Derecho Constitucional de la Universidad de Hofstra, describi\u00f3 la continuaci\u00f3n de este como una \u201cimposibilidad pr\u00e1ctica\u201d.<\/p>\n\n\n\n<p>Los expertos coincidieron en que incluso despu\u00e9s de convertirse en presidente, Trump no podr\u00eda emitir un indulto que eliminara los procesos estatales en Nueva York y Georgia, porque el presidente s\u00f3lo puede perdonar delitos federales. Sin embargo, s\u00ed puede apelar los casos.<\/p>\n\n\n\n<p>La<em><strong>&nbsp;<a href=\"https:\/\/www.vozdeamerica.com\/a\/donald-trump-es-elegido-47-presidente-de-estados-unidos\/7853480.html\" target=\"_blank\" rel=\"noreferrer noopener\">victoria del republicano se declar\u00f3 en la ma\u00f1ana de este mi\u00e9rcoles<\/a><\/strong><\/em>&nbsp;tras ganar en varios estados clave, entre ellos Pensilvania y Wisconsin, donde derrot\u00f3 a la vicepresidenta dem\u00f3crata Kamala Harris.<\/p>\n\n\n\n<p>\u00abEste fue un movimiento como nadie hab\u00eda visto antes y, francamente, este fue, creo, el mayor movimiento pol\u00edtico de todos los tiempos\u00bb, dijo Trump en un discurso de madrugada en el que se declar\u00f3 ganador.<\/p>\n\n\n\n<p>Harris, por su parte, llam\u00f3 a Donald Trump para felicitarlo por su victoria. La dem\u00f3crata, que tiene previsto hablar m\u00e1s tarde el mi\u00e9rcoles, tambi\u00e9n \u00abdiscuti\u00f3 la importancia de una transferencia pac\u00edfica del poder y de ser un presidente para todos los estadounidenses\u00bb, dijo uno de los asesores.<\/p>\n","protected":false},"excerpt":{"rendered":"<p>ARCHIVO &#8211; Donald Trump se sienta mientras los jurados finales toman juramento durante su juicio penal por cargos de falsificaci\u00f3n de registros comerciales en el tribunal estatal de Manhattan en Nueva York, el 19 de abril de 2024, en este boceto de la sala del tribunal. noviembre 06, 2024 &nbsp;Vea comentarios Donald Trump asegur\u00f3 su [&hellip;]<\/p>\n","protected":false},"author":28,"featured_media":572501,"comment_status":"closed","ping_status":"closed","sticky":true,"template":"","format":"standard","meta":{"footnotes":""},"categories":[23,24],"tags":[],"class_list":["post-572500","post","type-post","status-publish","format-standard","has-post-thumbnail","hentry","category-internacional","category-justicia-y-derecho"],"_links":{"self":[{"href":"https:\/\/diariodominicano.com\/index.php?rest_route=\/wp\/v2\/posts\/572500","targetHints":{"allow":["GET"]}}],"collection":[{"href":"https:\/\/diariodominicano.com\/index.php?rest_route=\/wp\/v2\/posts"}],"about":[{"href":"https:\/\/diariodominicano.com\/index.php?rest_route=\/wp\/v2\/types\/post"}],"author":[{"embeddable":true,"href":"https:\/\/diariodominicano.com\/index.php?rest_route=\/wp\/v2\/users\/28"}],"replies":[{"embeddable":true,"href":"https:\/\/diariodominicano.com\/index.php?rest_route=%2Fwp%2Fv2%2Fcomments&post=572500"}],"version-history":[{"count":1,"href":"https:\/\/diariodominicano.com\/index.php?rest_route=\/wp\/v2\/posts\/572500\/revisions"}],"predecessor-version":[{"id":572502,"href":"https:\/\/diariodominicano.com\/index.php?rest_route=\/wp\/v2\/posts\/572500\/revisions\/572502"}],"wp:featuredmedia":[{"embeddable":true,"href":"https:\/\/diariodominicano.com\/index.php?rest_route=\/wp\/v2\/media\/572501"}],"wp:attachment":[{"href":"https:\/\/diariodominicano.com\/index.php?rest_route=%2Fwp%2Fv2%2Fmedia&parent=572500"}],"wp:term":[{"taxonomy":"category","embeddable":true,"href":"https:\/\/diariodominicano.com\/index.php?rest_route=%2Fwp%2Fv2%2Fcategories&post=572500"},{"taxonomy":"post_tag","embeddable":true,"href":"https:\/\/diariodominicano.com\/index.php?rest_route=%2Fwp%2Fv2%2Ftags&post=572500"}],"curies":[{"name":"wp","href":"https:\/\/api.w.org\/{rel}","templated":true}]}}