{"id":572462,"date":"2024-11-07T15:27:37","date_gmt":"2024-11-07T19:27:37","guid":{"rendered":"https:\/\/diariodominicano.com\/?p=572462"},"modified":"2024-11-07T15:27:39","modified_gmt":"2024-11-07T19:27:39","slug":"rakel-la-artista-colombiana-que-expresa-su-vision-del-mundo-a-traves-de-la-musica-y-el-diseno","status":"publish","type":"post","link":"https:\/\/diariodominicano.com\/?p=572462","title":{"rendered":"Rakel, la artista colombiana que expresa su visi\u00f3n del mundo a trav\u00e9s de la m\u00fasica y el dise\u00f1o"},"content":{"rendered":"\n<p>Tras superar una complicada situaci\u00f3n de salud, la cantautora radicada en M\u00e9xico presenta el sencillo \u201cHello My Love\u201d, ambientado en la atm\u00f3sfera de los a\u00f1os 80.<\/p>\n\n\n\n<p>A Rakel, la artista colombiana que dio el salto desde el dise\u00f1o de modas a la m\u00fasica, algunos le dijeron que era demasiado mayor para dedicarse completamente al canto y la composici\u00f3n. Sin embargo, a sus 28 a\u00f1os, decidi\u00f3 prepararse, escribir canciones y descubrir sus talentos.<\/p>\n\n\n\n<p>\u201cMe fui a vivir a Miami para grabar mi primer disco, en el que participaron compositores muy reconocidos como Jorge Luis Piloto y Cristian Zalles, y el cantante colombiano Sebasti\u00e1n Yepes. Recorr\u00ed varios pa\u00edses como Colombia, Ecuador, Per\u00fa, Uruguay, EEUU, Puerto Rico y M\u00e9xico y fui nominada a un Latin Grammy en la categor\u00eda de mejor video. As\u00ed que, a pesar de todo, el cambio fue muy positivo\u201d, explica Rakel.<\/p>\n\n\n\n<p>Ahora ha presentado el sencillo \u201cHello My Love\u201d, que marca una nueva etapa en su carrera musical, tras superar un c\u00e1ncer de tiroides que pudo haber puesto en peligro su voz.<\/p>\n\n\n\n<p>La canci\u00f3n encarna el momento especial en que dos seres humanos toman la decisi\u00f3n de unir sus vidas y habitar un lugar com\u00fan.<\/p>\n\n\n\n<p>Compuesto en idioma ingl\u00e9s, algo nada extra\u00f1o para Rakel, pero poco usual en sus lanzamientos, el tema cont\u00f3 con la participaci\u00f3n de Claudio Tolousse, m\u00fasico y artista visual radicado en Nuevo M\u00e9xico. La colaboraci\u00f3n sum\u00f3 ritmos y sonidos que enriquecieron la composici\u00f3n. Se percibe la atm\u00f3sfera de los a\u00f1os 80, que tan contempor\u00e1nea se ha vuelto en estos d\u00edas y que a todos hace bailar. La producci\u00f3n estuvo a cargo del pianista colombiano Diego G\u00f3mez.<\/p>\n\n\n\n<p>Este a\u00f1o ha sido muy importante para la cantante colombiana radicada en M\u00e9xico. En octubre fue nombrada por la revista \u201cNew York Weekly Magazine\u201d como una de las 20 mujeres emprendedoras m\u00e1s importantes a las que prestar atenci\u00f3n en 2024.<\/p>\n\n\n\n<p>\u201cHe cantado desde muy peque\u00f1a. Mi vida siempre ha estado marcada por las artes, ya que tambi\u00e9n soy artista pl\u00e1stica y dise\u00f1adora de modas, una carrera que ejerc\u00ed con mi marca propia en Colombia. Lo que me motiv\u00f3 a dedicarme de lleno a la m\u00fasica es su poder especial para transmitir mensajes que pueden cambiar la realidad\u201d, a\u00f1adi\u00f3.<\/p>\n\n\n\n<p>Para Rakel, las letras son fundamentales, por lo que sus canciones invitan a la reflexi\u00f3n, a mover sentimientos y recuerdos.<\/p>\n\n\n\n<p>\u201cUna persona se transforma desde adentro, puede transformar su entorno y as\u00ed sucesivamente transformar el mundo entero. Estoy segura de que mi m\u00fasica ha llegado a motivar cambios y trascendencia en quienes la escuchan\u201d, valora.<\/p>\n\n\n\n<p>Entre sus discos m\u00e1s exitosos se encuentran \u201cLiteratura para Gatos\u201d, producido por el m\u00faltiple ganador del Grammy Julio Reyes Copello, donde colabora con el legendario cantante argentino Nito Mestre. Sus canciones m\u00e1s destacadas \u2014\u201cEl D\u00eda Es Hoy\u201d, \u201cSer Luz\u201d y \u201cMi Casa\u201d\u2014 destacan la intenci\u00f3n del trabajo de Rakel en sus composiciones, con las que busca crear consciencia y reflexi\u00f3n a trav\u00e9s de letras frescas y divertidas.<\/p>\n\n\n\n<p>\u201cSigo haciendo trabajos con la pintura. De hecho, las car\u00e1tulas de mis \u00faltimos sencillos son ilustraciones hechas por m\u00ed, y tambi\u00e9n hice las ilustraciones para la animaci\u00f3n del video \u2018Hello My Love\u2019\u201d, indica Rakel.<\/p>\n\n\n\n<figure class=\"wp-block-embed is-type-video is-provider-youtube wp-block-embed-youtube wp-embed-aspect-16-9 wp-has-aspect-ratio\"><div class=\"wp-block-embed__wrapper\">\n<iframe loading=\"lazy\" title=\"Rakel - Hello My Love (Video Oficial)\" width=\"616\" height=\"347\" src=\"https:\/\/www.youtube.com\/embed\/rCdlUWoYI0w?feature=oembed\" frameborder=\"0\" allow=\"accelerometer; autoplay; clipboard-write; encrypted-media; gyroscope; picture-in-picture; web-share\" referrerpolicy=\"strict-origin-when-cross-origin\" allowfullscreen><\/iframe>\n<\/div><\/figure>\n\n\n\n<p><strong>EB Public Relations<\/strong>\u00a0esther@ebmanagement.io\u00a0<\/p>\n","protected":false},"excerpt":{"rendered":"<p>Tras superar una complicada situaci\u00f3n de salud, la cantautora radicada en M\u00e9xico presenta el sencillo \u201cHello My Love\u201d, ambientado en la atm\u00f3sfera de los a\u00f1os 80. A Rakel, la artista colombiana que dio el salto desde el dise\u00f1o de modas a la m\u00fasica, algunos le dijeron que era demasiado mayor para dedicarse completamente al canto [&hellip;]<\/p>\n","protected":false},"author":7,"featured_media":572617,"comment_status":"closed","ping_status":"closed","sticky":false,"template":"","format":"standard","meta":{"footnotes":""},"categories":[25],"tags":[763],"class_list":["post-572462","post","type-post","status-publish","format-standard","has-post-thumbnail","hentry","category-gente","tag-rakel"],"_links":{"self":[{"href":"https:\/\/diariodominicano.com\/index.php?rest_route=\/wp\/v2\/posts\/572462","targetHints":{"allow":["GET"]}}],"collection":[{"href":"https:\/\/diariodominicano.com\/index.php?rest_route=\/wp\/v2\/posts"}],"about":[{"href":"https:\/\/diariodominicano.com\/index.php?rest_route=\/wp\/v2\/types\/post"}],"author":[{"embeddable":true,"href":"https:\/\/diariodominicano.com\/index.php?rest_route=\/wp\/v2\/users\/7"}],"replies":[{"embeddable":true,"href":"https:\/\/diariodominicano.com\/index.php?rest_route=%2Fwp%2Fv2%2Fcomments&post=572462"}],"version-history":[{"count":1,"href":"https:\/\/diariodominicano.com\/index.php?rest_route=\/wp\/v2\/posts\/572462\/revisions"}],"predecessor-version":[{"id":572770,"href":"https:\/\/diariodominicano.com\/index.php?rest_route=\/wp\/v2\/posts\/572462\/revisions\/572770"}],"wp:featuredmedia":[{"embeddable":true,"href":"https:\/\/diariodominicano.com\/index.php?rest_route=\/wp\/v2\/media\/572617"}],"wp:attachment":[{"href":"https:\/\/diariodominicano.com\/index.php?rest_route=%2Fwp%2Fv2%2Fmedia&parent=572462"}],"wp:term":[{"taxonomy":"category","embeddable":true,"href":"https:\/\/diariodominicano.com\/index.php?rest_route=%2Fwp%2Fv2%2Fcategories&post=572462"},{"taxonomy":"post_tag","embeddable":true,"href":"https:\/\/diariodominicano.com\/index.php?rest_route=%2Fwp%2Fv2%2Ftags&post=572462"}],"curies":[{"name":"wp","href":"https:\/\/api.w.org\/{rel}","templated":true}]}}