{"id":572461,"date":"2024-11-07T03:26:45","date_gmt":"2024-11-07T07:26:45","guid":{"rendered":"https:\/\/diariodominicano.com\/?p=572461"},"modified":"2024-11-07T15:18:35","modified_gmt":"2024-11-07T19:18:35","slug":"la-artista-yubo-fernandez-entre-las-50-mujeres-poderosas-de-la-revista-forbes","status":"publish","type":"post","link":"https:\/\/diariodominicano.com\/?p=572461","title":{"rendered":"La artista Yubo Fern\u00e1ndez entre las 50 Mujeres Poderosas de la Revista Forbes"},"content":{"rendered":"\n<p>La prestigiosa publicaci\u00f3n celebra con esta selecci\u00f3n a las mujeres dominicanas que por su relevancia y liderazgo se han destacado en \u00e1reas como la ciencia, pol\u00edtica, deportes, arte, econom\u00eda, entre otras<\/p>\n\n\n\n<p>La destacada artista multidisciplinaria Yubo Fern\u00e1ndez, fue seleccionada en la lista \u201cMujeres Poderosas Forbes 2024\u201d, que, citando a la famosa revista, \u201crepresentan \u201cuna batalla ganada de las tantas que se est\u00e1n librando en todos los pa\u00edses del mundo para cerrar la brecha de g\u00e9nero\u201d.<\/p>\n\n\n\n<p>Yubo, quien a trav\u00e9s de su propuesta art\u00edstica ha alzado su voz de forma activa en contra de la violencia de g\u00e9nero, rompiendo el silencio sobre el abuso infantil, y causas sociales relacionadas a la protecci\u00f3n de la ni\u00f1ez, siente que estar en esta selecci\u00f3n de la revista junto a tantas mujeres valiosas de nuestro pa\u00eds, enfatiza su prop\u00f3sito como vocera de estas causas, y pone un foco sobre ellas, con la relevancia que ameritan.<\/p>\n\n\n\n<figure class=\"wp-block-image\"><img decoding=\"async\" src=\"https:\/\/diariodominicano.com\/wp-content\/uploads\/2024\/11\/La-artista-Yubo-Fernandez-1-683x1024.jpg\" alt=\"\"\/><\/figure>\n\n\n\n<p>Actualmente Yubo se destaca como artista pl\u00e1stica, con un estilo completamente original que ha despertado el inter\u00e9s del mercado del arte internacional en las m\u00e1s importantes plazas del mundo, lo que le ha otorgado la oportunidad de expresar con su propuesta sus inquietudes sociales, y dejar por sentado que la voz e identidad de la mujer dominicana, traspasa barreras y estigmas.<\/p>\n\n\n\n<p>Fern\u00e1ndez agradeci\u00f3 la distinci\u00f3n que le hace esta importante publicaci\u00f3n por tomar en cuenta su trabajo de a\u00f1os, reuni\u00e9ndola con mujeres que admira, por su ardua labor y trayectoria en nuestro pa\u00eds.<\/p>\n\n\n\n<p>A partir del 2025, Yubo har\u00e1 de Madrid su residencia art\u00edstica, dado el auge de su trabajo en esta ciudad europea, que le permitir\u00e1 una mayor proyecci\u00f3n para plasmar su propuesta y causas.<\/p>\n\n\n\n<hr class=\"wp-block-separator has-alpha-channel-opacity\"\/>\n\n\n\n<p>Ver publicaci\u00f3n: Estas son las 50 Mujeres Poderosas Forbes 2024 &#8211; Forbes Rep\u00fablica Dominicana<\/p>\n\n\n\n<p><strong>patzguerrerodr<\/strong>\u00a0&lt;guerreropatz@221801010.mailchimpapp.com> <\/p>\n","protected":false},"excerpt":{"rendered":"<p>La prestigiosa publicaci\u00f3n celebra con esta selecci\u00f3n a las mujeres dominicanas que por su relevancia y liderazgo se han destacado en \u00e1reas como la ciencia, pol\u00edtica, deportes, arte, econom\u00eda, entre otras La destacada artista multidisciplinaria Yubo Fern\u00e1ndez, fue seleccionada en la lista \u201cMujeres Poderosas Forbes 2024\u201d, que, citando a la famosa revista, \u201crepresentan \u201cuna batalla [&hellip;]<\/p>\n","protected":false},"author":7,"featured_media":572621,"comment_status":"closed","ping_status":"closed","sticky":false,"template":"","format":"standard","meta":{"footnotes":""},"categories":[25],"tags":[759],"class_list":["post-572461","post","type-post","status-publish","format-standard","has-post-thumbnail","hentry","category-gente","tag-yubo-fernandez"],"_links":{"self":[{"href":"https:\/\/diariodominicano.com\/index.php?rest_route=\/wp\/v2\/posts\/572461","targetHints":{"allow":["GET"]}}],"collection":[{"href":"https:\/\/diariodominicano.com\/index.php?rest_route=\/wp\/v2\/posts"}],"about":[{"href":"https:\/\/diariodominicano.com\/index.php?rest_route=\/wp\/v2\/types\/post"}],"author":[{"embeddable":true,"href":"https:\/\/diariodominicano.com\/index.php?rest_route=\/wp\/v2\/users\/7"}],"replies":[{"embeddable":true,"href":"https:\/\/diariodominicano.com\/index.php?rest_route=%2Fwp%2Fv2%2Fcomments&post=572461"}],"version-history":[{"count":1,"href":"https:\/\/diariodominicano.com\/index.php?rest_route=\/wp\/v2\/posts\/572461\/revisions"}],"predecessor-version":[{"id":572627,"href":"https:\/\/diariodominicano.com\/index.php?rest_route=\/wp\/v2\/posts\/572461\/revisions\/572627"}],"wp:featuredmedia":[{"embeddable":true,"href":"https:\/\/diariodominicano.com\/index.php?rest_route=\/wp\/v2\/media\/572621"}],"wp:attachment":[{"href":"https:\/\/diariodominicano.com\/index.php?rest_route=%2Fwp%2Fv2%2Fmedia&parent=572461"}],"wp:term":[{"taxonomy":"category","embeddable":true,"href":"https:\/\/diariodominicano.com\/index.php?rest_route=%2Fwp%2Fv2%2Fcategories&post=572461"},{"taxonomy":"post_tag","embeddable":true,"href":"https:\/\/diariodominicano.com\/index.php?rest_route=%2Fwp%2Fv2%2Ftags&post=572461"}],"curies":[{"name":"wp","href":"https:\/\/api.w.org\/{rel}","templated":true}]}}