{"id":572394,"date":"2024-11-06T12:24:50","date_gmt":"2024-11-06T16:24:50","guid":{"rendered":"https:\/\/diariodominicano.com\/?p=572394"},"modified":"2024-11-06T12:24:58","modified_gmt":"2024-11-06T16:24:58","slug":"vaticano-destaca-discurso-de-donald-trump-que-gana-elecciones-prometiendo-un-estados-unidos-fuerte-seguro-y-prospero","status":"publish","type":"post","link":"https:\/\/diariodominicano.com\/?p=572394","title":{"rendered":"Vaticano destaca discurso de Donald Trump que gana elecciones prometiendo un \u201cEstados Unidos fuerte, seguro y pr\u00f3spero\u201d"},"content":{"rendered":"\n<p>diariodominicano.com<\/p>\n\n\n\n<p>Por Daniel Payne es editor senior de Catholic News Agency<\/p>\n\n\n\n<p>Vaticano, 6 de noviembre, 2024.-\u2003Donald Trump gan\u00f3 este mi\u00e9rcoles su candidatura de reelecci\u00f3n a la presidencia, derrotando a la oponente dem\u00f3crata, la vicepresidenta Kamala Harris, y convirti\u00e9ndose en el primer presidente en casi 130 a\u00f1os en obtener una victoria no consecutiva en la Casa Blanca.<\/p>\n\n\n\n<p>Varios medios de comunicaci\u00f3n anunciaron la victoria del presidente electo republicano este 6 de noviembre por la ma\u00f1ana, mientras que Fox News la hab\u00eda confirmado horas antes.<\/p>\n\n\n\n<p>En la madrugada del mi\u00e9rcoles, Trump registraba una ventaja de 276 a 219 en el Colegio Electoral sobre Harris, adem\u00e1s de 5 millones de votos de diferencia en el voto popular.<\/p>\n\n\n\n<p>\u201cEsto ha sido, creo, el mayor movimiento pol\u00edtico de todos los tiempos\u201d, dijo Trump en Florida en las primeras horas del mi\u00e9rcoles. \u201cNunca ha habido nada como esto en este pa\u00eds y quiz\u00e1s m\u00e1s all\u00e1\u201d.<\/p>\n\n\n\n<p>\u201cY ahora va a alcanzar un nuevo nivel de importancia porque vamos a ayudar a sanar nuestro pa\u00eds\u201d, a\u00f1adi\u00f3.<\/p>\n\n\n\n<p>Dirigi\u00e9ndse a \u201ccada ciudadano\u201d, Trump ha se\u00f1alado: \u201cLuchar\u00e9 por ti, por tu familia y tu futuro\u201d. \u201cCada d\u00eda luchar\u00e9 por ustedes. Y con cada aliento de mi cuerpo, no descansar\u00e9 hasta que hayamos entregado el Estados Unidos fuerte, seguro y pr\u00f3spero que nuestros hijos merecen y que ustedes merecen\u201d, a\u00f1adi\u00f3.<\/p>\n\n\n\n<p>La victoria culmina lo que ha sido, en efecto, un esfuerzo de cuatro a\u00f1os por parte de Trump para recuperar la Casa Blanca despu\u00e9s de perder su primera reelecci\u00f3n contra el presidente Joe Biden en 2020.<\/p>\n\n\n\n<p>Trump ha pasado la mayor parte del mandato de Biden consolidando el apoyo pol\u00edtico entre republicanos y conservadores, mientras afrontaba numerosos desaf\u00edos legales de fiscales estatales y federales, uno de los cuales termin\u00f3 en una condena por delito grave.<\/p>\n\n\n\n<p>El presidente electo republicano trabaj\u00f3 para construir una amplia coalici\u00f3n de aliados y simpatizantes, especialmente en el \u00faltimo a\u00f1o de la carrera, cuando recibi\u00f3 el respaldo de figuras p\u00fablicas tan diversas como Elon Musk, Robert F. Kennedy Jr., Buzz Aldrin y Peter Thiel.<\/p>\n\n\n\n<p>Trump tambi\u00e9n hizo un esfuerzo intenso para ganar el voto cat\u00f3lico,&nbsp;<a href=\"https:\/\/www.catholicnewsagency.com\/news\/260015\/trump-harris-destructive-to-christianity-catholics-treated-worse-than-anybody\" target=\"_blank\" rel=\"noreferrer noopener\">argumentando<\/a>&nbsp;que Harris es \u201cmuy destructiva\u2026 para la Iglesia Cat\u00f3lica\u201d y criticando que Harris no asistiera a la&nbsp;<a href=\"https:\/\/www.catholicnewsagency.com\/news\/259937\/trump-gaffigan-roast-harris-for-skipping-at-al-smith-charity-dinner\" target=\"_blank\" rel=\"noreferrer noopener\">cena anual<\/a>&nbsp;de Al Smith en la ciudad de Nueva York.<\/p>\n\n\n\n<p>En julio, el ahora presidente electo eligi\u00f3 al senador de Ohio JD Vance como su compa\u00f1ero de carrera. Vance, cat\u00f3lico, es uno de los pol\u00edticos de&nbsp;<a href=\"https:\/\/www.catholicnewsagency.com\/news\/258347\/13-things-to-know-about-jd-vance-s-catholic-journey\" target=\"_blank\" rel=\"noreferrer noopener\">mayor devoci\u00f3n religiosa<\/a>&nbsp;en Estados Unidos y centr\u00f3 su campa\u00f1a en la fe,&nbsp;<a href=\"https:\/\/www.catholicnewsagency.com\/news\/260091\/jd-vance-warns-of-kamala-harris-prejudice-against-catholics-in-op-ed-for-pittsburgh-outlet\" target=\"_blank\" rel=\"noreferrer noopener\">advirtiendo a los cat\u00f3licos&nbsp;<\/a>sobre el supuesto \u201csesgo anti-cat\u00f3lico\u201d de Harris y argumentando que muchos votantes cat\u00f3licos \u201c<a href=\"https:\/\/www.catholicnewsagency.com\/news\/259993\/jd-vance-at-wisconsin-faith-rally-says-catholics-feel-abandoned-by-biden-harris\" target=\"_blank\" rel=\"noreferrer noopener\">se sienten abandonados<\/a>\u201d por Harris y Biden.<\/p>\n\n\n\n<p>Vance describi\u00f3 la victoria de Trump como \u201cel mayor regreso pol\u00edtico en la historia de los Estados Unidos\u201d.<\/p>\n\n\n\n<p>\u201cNunca dejaremos de luchar por ustedes, por sus sue\u00f1os, por el futuro de sus hijos\u201d, dijo Vance, prometiendo tambi\u00e9n un \u201crenacimiento econ\u00f3mico\u201d bajo la administraci\u00f3n Trump.<\/p>\n\n\n\n<p>El propio Trump dijo en octubre en el programa \u201c<a href=\"https:\/\/www.catholicnewsagency.com\/news\/259925\/trump-pledges-to-consider-reimplementing-ban-on-overseas-abortion-funding\" target=\"_blank\" rel=\"noreferrer noopener\">The World Over with Raymond Arroyo<\/a>\u201d que continuar\u00eda apoyando la libertad religiosa en su segundo mandato, describi\u00e9ndola como \u201cuna postura que he mantenido desde el principio\u201d.<\/p>\n\n\n\n<p>Mientras tanto, en septiembre, la campa\u00f1a de Trump lanz\u00f3 la coalici\u00f3n \u201c<a href=\"https:\/\/www.catholicnewsagency.com\/news\/259107\/trump-vance-campaign-launches-catholics-for-trump-coalition\" target=\"_blank\" rel=\"noreferrer noopener\">Cat\u00f3licos por Trump<\/a>\u201d, que destac\u00f3 la defensa de la libertad religiosa, los valores tradicionales y la santidad de la vida humana como prioridades de su agenda.<\/p>\n\n\n\n<p><em>Publicado originalmente en\u00a0<\/em><a href=\"https:\/\/www.catholicnewsagency.com\/news\/260279\/donald-trump-wins-reelection-defeating-kamala-harris-in-race\" target=\"_blank\" rel=\"noreferrer noopener\"><em>CNA<\/em><\/a><em>. Traducido y adaptado por el equipo de ACI Prensa.<\/em><\/p>\n\n\n\n<p><\/p>\n","protected":false},"excerpt":{"rendered":"<p>diariodominicano.com Por Daniel Payne es editor senior de Catholic News Agency Vaticano, 6 de noviembre, 2024.-\u2003Donald Trump gan\u00f3 este mi\u00e9rcoles su candidatura de reelecci\u00f3n a la presidencia, derrotando a la oponente dem\u00f3crata, la vicepresidenta Kamala Harris, y convirti\u00e9ndose en el primer presidente en casi 130 a\u00f1os en obtener una victoria no consecutiva en la Casa [&hellip;]<\/p>\n","protected":false},"author":5,"featured_media":572395,"comment_status":"closed","ping_status":"closed","sticky":true,"template":"","format":"standard","meta":{"footnotes":""},"categories":[23,27],"tags":[],"class_list":["post-572394","post","type-post","status-publish","format-standard","has-post-thumbnail","hentry","category-internacional","category-portada"],"_links":{"self":[{"href":"https:\/\/diariodominicano.com\/index.php?rest_route=\/wp\/v2\/posts\/572394","targetHints":{"allow":["GET"]}}],"collection":[{"href":"https:\/\/diariodominicano.com\/index.php?rest_route=\/wp\/v2\/posts"}],"about":[{"href":"https:\/\/diariodominicano.com\/index.php?rest_route=\/wp\/v2\/types\/post"}],"author":[{"embeddable":true,"href":"https:\/\/diariodominicano.com\/index.php?rest_route=\/wp\/v2\/users\/5"}],"replies":[{"embeddable":true,"href":"https:\/\/diariodominicano.com\/index.php?rest_route=%2Fwp%2Fv2%2Fcomments&post=572394"}],"version-history":[{"count":1,"href":"https:\/\/diariodominicano.com\/index.php?rest_route=\/wp\/v2\/posts\/572394\/revisions"}],"predecessor-version":[{"id":572396,"href":"https:\/\/diariodominicano.com\/index.php?rest_route=\/wp\/v2\/posts\/572394\/revisions\/572396"}],"wp:featuredmedia":[{"embeddable":true,"href":"https:\/\/diariodominicano.com\/index.php?rest_route=\/wp\/v2\/media\/572395"}],"wp:attachment":[{"href":"https:\/\/diariodominicano.com\/index.php?rest_route=%2Fwp%2Fv2%2Fmedia&parent=572394"}],"wp:term":[{"taxonomy":"category","embeddable":true,"href":"https:\/\/diariodominicano.com\/index.php?rest_route=%2Fwp%2Fv2%2Fcategories&post=572394"},{"taxonomy":"post_tag","embeddable":true,"href":"https:\/\/diariodominicano.com\/index.php?rest_route=%2Fwp%2Fv2%2Ftags&post=572394"}],"curies":[{"name":"wp","href":"https:\/\/api.w.org\/{rel}","templated":true}]}}