{"id":572260,"date":"2024-11-05T22:34:48","date_gmt":"2024-11-06T02:34:48","guid":{"rendered":"https:\/\/diariodominicano.com\/?p=572260"},"modified":"2024-11-05T22:39:36","modified_gmt":"2024-11-06T02:39:36","slug":"qtek-recibe-el-premio-nacional-a-la-calidad-del-sector-privado-en-la-categoria-gran-empresa-de-servicios","status":"publish","type":"post","link":"https:\/\/diariodominicano.com\/?p=572260","title":{"rendered":"Qtek recibe el Premio Nacional a la Calidad del Sector Privado en la categor\u00eda Gran Empresa de Servicios"},"content":{"rendered":"\n<p>V\u00edctor\u00a0-Ito-\u00a0Bison\u00f3, Euri And\u00fajar, Antonio Taveras, Deiby Lozada, Roberto Rodr\u00edguez y Glenda Borb\u00f3n.<\/p>\n\n\n\n<p><strong>Santo Domingo, Rep. Dominicana<\/strong>&nbsp;\u2013 La empresa l\u00edder en soluciones tecnol\u00f3gicas, iQtek, ha sido galardonada con el Premio Nacional a la Calidad del Sector Privado, en la categor\u00eda Gran Empresa de Servicios (Plata), otorgado por la Asociaci\u00f3n Nacional de Empresas e Industrias Herrera (ANEIH).<\/p>\n\n\n\n<p>El Ing. Roberto Rodr\u00edguez, CEO de iQtek, recibi\u00f3 el premio en representaci\u00f3n de la empresa, acompa\u00f1ado por miembros de su equipo. \u201cEste galard\u00f3n es un reflejo del esfuerzo y dedicaci\u00f3n de todo nuestro equipo en su compromiso por alcanzar la excelencia en cada aspecto de nuestra operaci\u00f3n\u201d.<\/p>\n\n\n\n<p>\u201cEste reconocimiento no solo nos motiva a seguir innovando y elevando nuestros est\u00e1ndares de servicio, sino que tambi\u00e9n destaca a nivel internacional que una empresa nacida en la Rep\u00fablica Dominicana cumple con los m\u00e1s altos est\u00e1ndares en calidad, procesos y gesti\u00f3n del talento\u201d, afirm\u00f3 Rodr\u00edguez.<\/p>\n\n\n\n<p>Este prestigioso reconocimiento destaca el compromiso de iQtek con la excelencia, la innovaci\u00f3n y la eficiencia en el \u00e1mbito de servicios tecnol\u00f3gicos. El Premio Nacional a la Calidad del Sector Privado reconoce a aquellas empresas que implementan pr\u00e1cticas ejemplares en sus operaciones, destac\u00e1ndose por su calidad, eficiencia y orientaci\u00f3n al cliente. Para iQtek, este reconocimiento representa un impulso para continuar liderando con una visi\u00f3n de excelencia en cada nivel de la organizaci\u00f3n, reafirmando su compromiso de ofrecer soluciones tecnol\u00f3gicas de alta calidad en el mercado dominicano.<\/p>\n\n\n\n<p><strong>Sobre iQtek<\/strong><\/p>\n\n\n\n<p>iQtek es una compa\u00f1\u00eda de consultor\u00eda tecnol\u00f3gica que asiste a organizaciones en su evoluci\u00f3n digital y optimizaci\u00f3n de procesos. Con presencia en Rep\u00fablica Dominicana, Puerto Rico, Jamaica, Guatemala, El Salvador, Trinidad y Tobago, Panam\u00e1, Honduras, M\u00e9xico y Estados Unidos, iQtek ofrece un servicio cercano y directo en toda la regi\u00f3n de Centroam\u00e9rica y el Caribe.<\/p>\n\n\n\n<p>La empresa se especializa en apoyar a las organizaciones en su transformaci\u00f3n digital, optimizando el procesamiento de datos y fortaleciendo la ciberseguridad, contando con alianzas estrat\u00e9gicas con marcas de renombre como Cisco, Google Cloud y Amazon Web Services, entre otras.<\/p>\n\n\n\n<p>Prensa IQtek<\/p>\n\n\n\n<p>Prensa IQtek ()<\/p>\n\n\n\n<p><a target=\"_blank\" href=\"mailto:prensa@iqteksolutions.com\" rel=\"noreferrer noopener\">prensa@iqteksolutions.com<\/a><\/p>\n\n\n\n<p>A\u00f1adir a mis contactosAbrir vista detallada<\/p>\n\n\n\n<p>Enviar correo<\/p>\n\n\n\n<p>Enviar mensaje<\/p>\n\n\n\n<p>Enviar invitaci\u00f3n a videollamada<\/p>\n\n\n\n<p>Programar evento<\/p>\n\n\n\n<p><strong>Pie de foto:<\/strong><\/p>\n\n\n\n<p>V\u00edctor&nbsp;-Ito-&nbsp;Bison\u00f3, Euri And\u00fajar, Antonio Taveras, Deiby Lozada, Roberto Rodr\u00edguez y Glenda Borb\u00f3n.<\/p>\n","protected":false},"excerpt":{"rendered":"<p>V\u00edctor\u00a0-Ito-\u00a0Bison\u00f3, Euri And\u00fajar, Antonio Taveras, Deiby Lozada, Roberto Rodr\u00edguez y Glenda Borb\u00f3n. Santo Domingo, Rep. Dominicana&nbsp;\u2013 La empresa l\u00edder en soluciones tecnol\u00f3gicas, iQtek, ha sido galardonada con el Premio Nacional a la Calidad del Sector Privado, en la categor\u00eda Gran Empresa de Servicios (Plata), otorgado por la Asociaci\u00f3n Nacional de Empresas e Industrias Herrera (ANEIH). [&hellip;]<\/p>\n","protected":false},"author":28,"featured_media":0,"comment_status":"closed","ping_status":"closed","sticky":true,"template":"","format":"standard","meta":{"footnotes":""},"categories":[36,18],"tags":[],"class_list":["post-572260","post","type-post","status-publish","format-standard","hentry","category-hombresmujeresycosas","category-economia"],"_links":{"self":[{"href":"https:\/\/diariodominicano.com\/index.php?rest_route=\/wp\/v2\/posts\/572260","targetHints":{"allow":["GET"]}}],"collection":[{"href":"https:\/\/diariodominicano.com\/index.php?rest_route=\/wp\/v2\/posts"}],"about":[{"href":"https:\/\/diariodominicano.com\/index.php?rest_route=\/wp\/v2\/types\/post"}],"author":[{"embeddable":true,"href":"https:\/\/diariodominicano.com\/index.php?rest_route=\/wp\/v2\/users\/28"}],"replies":[{"embeddable":true,"href":"https:\/\/diariodominicano.com\/index.php?rest_route=%2Fwp%2Fv2%2Fcomments&post=572260"}],"version-history":[{"count":2,"href":"https:\/\/diariodominicano.com\/index.php?rest_route=\/wp\/v2\/posts\/572260\/revisions"}],"predecessor-version":[{"id":572263,"href":"https:\/\/diariodominicano.com\/index.php?rest_route=\/wp\/v2\/posts\/572260\/revisions\/572263"}],"wp:attachment":[{"href":"https:\/\/diariodominicano.com\/index.php?rest_route=%2Fwp%2Fv2%2Fmedia&parent=572260"}],"wp:term":[{"taxonomy":"category","embeddable":true,"href":"https:\/\/diariodominicano.com\/index.php?rest_route=%2Fwp%2Fv2%2Fcategories&post=572260"},{"taxonomy":"post_tag","embeddable":true,"href":"https:\/\/diariodominicano.com\/index.php?rest_route=%2Fwp%2Fv2%2Ftags&post=572260"}],"curies":[{"name":"wp","href":"https:\/\/api.w.org\/{rel}","templated":true}]}}