{"id":572234,"date":"2024-11-05T21:18:43","date_gmt":"2024-11-06T01:18:43","guid":{"rendered":"https:\/\/diariodominicano.com\/?p=572234"},"modified":"2024-11-05T21:18:49","modified_gmt":"2024-11-06T01:18:49","slug":"suprema-corte-de-mexico-inicia-debate-sobre-inconstitucionalidad-de-reforma-judicial","status":"publish","type":"post","link":"https:\/\/diariodominicano.com\/?p=572234","title":{"rendered":"Suprema Corte de M\u00e9xico inicia debate sobre inconstitucionalidad de reforma judicial"},"content":{"rendered":"\n<p>La gente camina cerca de la Corte Suprema, que se espera que vote el martes sobre una propuesta que busca invalidar partes centrales de la reforma judicial, que ya se convirti\u00f3 en ley, en la Ciudad de M\u00e9xico, M\u00e9xico, 4 de noviembre de 2024.<\/p>\n\n\n\n<p>noviembre 05, 2024<\/p>\n\n\n\n<ul class=\"wp-block-list\">\n<li><a href=\"https:\/\/www.vozdeamerica.com\/author\/reuters\/riv_i\">Reuters<\/a><\/li>\n<\/ul>\n\n\n\n<figure class=\"wp-block-image\"><img decoding=\"async\" src=\"https:\/\/gdb.voanews.com\/7b4f78cf-1730-40c8-8a00-03defcf47570_w650_r1_s.jpg\" alt=\"La gente camina cerca de la Corte Suprema, que se espera que vote el martes sobre una propuesta que busca invalidar partes centrales de la reforma judicial, que ya se convirti\u00f3 en ley, en la Ciudad de M\u00e9xico, M\u00e9xico, 4 de noviembre de 2024.\"\/><figcaption class=\"wp-element-caption\">La gente camina cerca de la Corte Suprema, que se espera que vote el martes sobre una propuesta que busca invalidar partes centrales de la reforma judicial, que ya se convirti\u00f3 en ley, en la Ciudad de M\u00e9xico, M\u00e9xico, 4 de noviembre de 2024.<\/figcaption><\/figure>\n\n\n\n<ul class=\"wp-block-list\">\n<li><a href=\"https:\/\/facebook.com\/sharer.php?u=https%3a%2f%2fwww.vozdeamerica.com%2fa%2fsuprema-corte-mexico-inicia-debate-inconstitucionalidad-reforma-judicial%2f7852270.html\" target=\"_blank\" rel=\"noreferrer noopener\"><\/a><\/li>\n\n\n\n<li><a href=\"https:\/\/twitter.com\/share?url=https%3a%2f%2fwww.vozdeamerica.com%2fa%2fsuprema-corte-mexico-inicia-debate-inconstitucionalidad-reforma-judicial%2f7852270.html&amp;text=Suprema+Corte+de+M%c3%a9xico+inicia+debate+sobre+inconstitucionalidad+de+reforma+judicial\" target=\"_blank\" rel=\"noreferrer noopener\"><\/a><\/li>\n\n\n\n<li><\/li>\n\n\n\n<li><a href=\"mailto:?body=https%3a%2f%2fwww.vozdeamerica.com%2fa%2fsuprema-corte-mexico-inicia-debate-inconstitucionalidad-reforma-judicial%2f7852270.html&amp;subject=Suprema%20Corte%20de%20M%C3%A9xico%20inicia%20debate%20sobre%20inconstitucionalidad%20de%20reforma%20judicial\"><\/a><\/li>\n<\/ul>\n\n\n\n<p><a href=\"https:\/\/www.vozdeamerica.com\/a\/suprema-corte-mexico-inicia-debate-inconstitucionalidad-reforma-judicial\/7852270.html#comments\">&nbsp;Vea comentarios<\/a><\/p>\n\n\n\n<p>La Suprema Corte de M\u00e9xico comenz\u00f3 un debate para determinar si declara inconstitucional una porci\u00f3n de una controvertida reforma judicial aprobada en septiembre por el gobierno.<\/p>\n\n\n\n<p>CIUDAD DE M\u00c9XICO \u2014&nbsp;<\/p>\n\n\n\n<p>La Suprema Corte de M\u00e9xico inici\u00f3 el martes una discusi\u00f3n para determinar si invalida parte de una&nbsp;<strong><em><a href=\"https:\/\/www.vozdeamerica.com\/a\/iniciativa-reforma-judicial-mexico-dirigida-empresas-extranjeras-\/7774577.html\">pol\u00e9mica reforma judicial aprobada en septiembre<\/a><\/em><\/strong>&nbsp;por el oficialismo por considerar que es inconstitucional.<\/p>\n\n\n\n<p>El pleno de la m\u00e1xima autoridad jurisdiccional, compuesto por 11 ministros -incluida su presidenta- debate un proyecto de sentencia para suprimir, entre otras cosas, la elecci\u00f3n de jueces y magistrados por voto popular, uno de los puntos medulares de la reforma constitucional promovida por el expresidente Andr\u00e9s Manuel L\u00f3pez Obrador.<\/p>\n\n\n\n<p>La sentencia de la Corte amenaza con desatar un choque de poderes, luego de que el Congreso, dominado por el oficialismo, aprob\u00f3 a fines de octubre una reforma constitucional para asegurar que las enmiendas a la Carta Magna sean inmunes a impugnaciones como acciones de inconstitucionalidad, controversias constitucionales o juicios de amparo.<\/p>\n\n\n\n<p>La norma dispuso, adem\u00e1s, su aplicaci\u00f3n retroactiva, lo cual impedir\u00eda que la Corte revise la reforma judicial, cuya aprobaci\u00f3n ha golpeado a los mercados y asustado a inversionistas en la segunda mayor econom\u00eda de Latinoam\u00e9rica.<\/p>\n\n\n\n<p>Tres de los 11 ministros de la Corte se han expresado p\u00fablicamente a favor de la reforma judicial.<\/p>\n","protected":false},"excerpt":{"rendered":"<p>La gente camina cerca de la Corte Suprema, que se espera que vote el martes sobre una propuesta que busca invalidar partes centrales de la reforma judicial, que ya se convirti\u00f3 en ley, en la Ciudad de M\u00e9xico, M\u00e9xico, 4 de noviembre de 2024. noviembre 05, 2024 &nbsp;Vea comentarios La Suprema Corte de M\u00e9xico comenz\u00f3 [&hellip;]<\/p>\n","protected":false},"author":28,"featured_media":572235,"comment_status":"closed","ping_status":"closed","sticky":true,"template":"","format":"standard","meta":{"footnotes":""},"categories":[23,24],"tags":[],"class_list":["post-572234","post","type-post","status-publish","format-standard","has-post-thumbnail","hentry","category-internacional","category-justicia-y-derecho"],"_links":{"self":[{"href":"https:\/\/diariodominicano.com\/index.php?rest_route=\/wp\/v2\/posts\/572234","targetHints":{"allow":["GET"]}}],"collection":[{"href":"https:\/\/diariodominicano.com\/index.php?rest_route=\/wp\/v2\/posts"}],"about":[{"href":"https:\/\/diariodominicano.com\/index.php?rest_route=\/wp\/v2\/types\/post"}],"author":[{"embeddable":true,"href":"https:\/\/diariodominicano.com\/index.php?rest_route=\/wp\/v2\/users\/28"}],"replies":[{"embeddable":true,"href":"https:\/\/diariodominicano.com\/index.php?rest_route=%2Fwp%2Fv2%2Fcomments&post=572234"}],"version-history":[{"count":1,"href":"https:\/\/diariodominicano.com\/index.php?rest_route=\/wp\/v2\/posts\/572234\/revisions"}],"predecessor-version":[{"id":572236,"href":"https:\/\/diariodominicano.com\/index.php?rest_route=\/wp\/v2\/posts\/572234\/revisions\/572236"}],"wp:featuredmedia":[{"embeddable":true,"href":"https:\/\/diariodominicano.com\/index.php?rest_route=\/wp\/v2\/media\/572235"}],"wp:attachment":[{"href":"https:\/\/diariodominicano.com\/index.php?rest_route=%2Fwp%2Fv2%2Fmedia&parent=572234"}],"wp:term":[{"taxonomy":"category","embeddable":true,"href":"https:\/\/diariodominicano.com\/index.php?rest_route=%2Fwp%2Fv2%2Fcategories&post=572234"},{"taxonomy":"post_tag","embeddable":true,"href":"https:\/\/diariodominicano.com\/index.php?rest_route=%2Fwp%2Fv2%2Ftags&post=572234"}],"curies":[{"name":"wp","href":"https:\/\/api.w.org\/{rel}","templated":true}]}}