{"id":572111,"date":"2024-11-05T11:30:57","date_gmt":"2024-11-05T15:30:57","guid":{"rendered":"https:\/\/diariodominicano.com\/?p=572111"},"modified":"2024-11-05T11:31:05","modified_gmt":"2024-11-05T15:31:05","slug":"trump-o-harris-estados-unidos-vota-hoy-en-unas-elecciones-clave-para-su-futuro","status":"publish","type":"post","link":"https:\/\/diariodominicano.com\/?p=572111","title":{"rendered":"\u00bfTrump o Harris? Estados Unidos vota hoy en unas elecciones clave para su futuro"},"content":{"rendered":"\n<p>diariodominicano.com<\/p>\n\n\n\n<p>Por <strong>Walter S\u00e1nchez Silva<\/strong>, ACI Prensa<\/p>\n\n\n\n<p>Vaticano, 5 de noviembre, 2024.-\u2002Estados Unidos vota este 5 de noviembre para elegir a su nuevo presidente, entre la actual vicepresidenta y candidata dem\u00f3crata, Kamala Harris; y el expresidente y candidato republicano, Donald Trump.<\/p>\n\n\n\n<p>Harris fue nominada candidata luego que el 21 de julio de 2024<a href=\"https:\/\/www.aciprensa.com\/noticias\/105434\/joe-biden-retira-su-candidatura-a-la-presidencia-de-estados-unidos\">\u00a0Joe Biden anunciara el retiro de su candidatura<\/a>, en medio de cr\u00edticas por su postulaci\u00f3n; mientras que Trump acept\u00f3 formalmente ser el candidato republicano durante la convenci\u00f3n de su partido, realizada tambi\u00e9n en julio, en Milwaukee.<\/p>\n\n\n\n<p>El candidato dem\u00f3crata para la vicepresidencia es<a href=\"https:\/\/www.aciprensa.com\/noticias\/105693\/kamala-harris-elige-a-tim-walz-como-companero-de-formula-en-las-elecciones-de-2024-en-eeuu\">&nbsp;Tim Walz, gobernador del estado de Minnesota<\/a>; mientras que el candidato republicano es el<a href=\"https:\/\/www.aciprensa.com\/noticias\/105400\/13-datos-sobre-el-catolico-jd-vance-candidato-a-vicepresidente-en-estados-unidos\">&nbsp;senador cat\u00f3lico J.D. Vance<\/a>.<\/p>\n\n\n\n<p>La \u00faltima semana de las elecciones estuvo marcada por la burla del humorista Tony Hinchcliffe sobre Puerto Rico en un mitin en el Madison Square Garden en Nueva York. El comediante llam\u00f3 al pa\u00eds \u201cuna isla flotante de basura\u201d.<\/p>\n\n\n\n<p>El insulto tuvo, entre sus primeras respuestas al presidente<a href=\"https:\/\/apnews.com\/article\/biden-trump-basura-elecciones-puerto-rico-harris-45f551d18ba9bbf30001e6e65711ba74\">&nbsp;Joe Biden, quien dijo que quienes apoyan a Trump son \u201cbasura\u201d<\/a>, adem\u00e1s de algunos que le exig\u00edan al expresidente que se disculpe, como el<a href=\"https:\/\/www.aciprensa.com\/noticias\/107979\/arzobispo-de-san-juan-pide-a-trump-disculparse-por-burla-de-comediante-sobre-puerto-rico\">&nbsp;Arzobispo de San Juan en Puerto Rico<\/a>.<\/p>\n\n\n\n<p>La semana pasada, en un mitin en Pensilvania, Trump expres\u00f3 su admiraci\u00f3n por Puerto Rico e inst\u00f3 a los puertorrique\u00f1os y otros hispanos a apoyar su candidatura. En el mitin, Trump recibi\u00f3 el respaldo de la senadora republicana puertorrique\u00f1a Zoraida Bux\u00f3, quien dijo que \u201clos hispanos somos parte del alma de este pa\u00eds\u201d.<\/p>\n\n\n\n<p>En julio, Trump fue herido en la oreja en un&nbsp;<a href=\"https:\/\/www.aciprensa.com\/noticias\/105327\/intento-de-asesinato-contra-donald-trump-catolicos-se-unen-en-oracion\">intento de asesinato<\/a>&nbsp;en el que el FBI se hizo cargo de la investigaci\u00f3n.<\/p>\n\n\n\n<p>En&nbsp; el \u00fanico debate que sostuvieron el 11 de septiembre,&nbsp;<a href=\"https:\/\/www.aciprensa.com\/noticias\/106655\/debate-presidencial-en-estados-unidos-trump-y-harris-discuten-temas-polemicos\">Trump y Harris discutieron<\/a>&nbsp;sobre el aborto, cuestionaron sus respectivos historiales en materia de econom\u00eda e inmigraci\u00f3n y comunicaron sus diferentes visiones sobre la pol\u00edtica exterior estadounidense.<\/p>\n\n\n\n<p>Dos d\u00edas despu\u00e9s, el 13 de septiembre, el Papa Francisco dijo que los votantes de Estados Unidos se enfrentan a una\u00a0<a href=\"https:\/\/www.aciprensa.com\/noticias\/106723\/papa-francisco-eleccion-en-estados-unidos-es-opcion-por-el-mal-menor\">opci\u00f3n por \u00abel mal menor\u00bb<\/a>\u00a0en las elecciones presidenciales de noviembre, seg\u00fan coment\u00f3 en una rueda de prensa a bordo del avi\u00f3n que lo llev\u00f3 de regreso a Roma tras casi dos semanas de viaje por el sudeste asi\u00e1tico.<\/p>\n\n\n\n<p><\/p>\n","protected":false},"excerpt":{"rendered":"<p>diariodominicano.com Por Walter S\u00e1nchez Silva, ACI Prensa Vaticano, 5 de noviembre, 2024.-\u2002Estados Unidos vota este 5 de noviembre para elegir a su nuevo presidente, entre la actual vicepresidenta y candidata dem\u00f3crata, Kamala Harris; y el expresidente y candidato republicano, Donald Trump. Harris fue nominada candidata luego que el 21 de julio de 2024\u00a0Joe Biden anunciara [&hellip;]<\/p>\n","protected":false},"author":5,"featured_media":572112,"comment_status":"closed","ping_status":"closed","sticky":true,"template":"","format":"standard","meta":{"footnotes":""},"categories":[23,27],"tags":[],"class_list":["post-572111","post","type-post","status-publish","format-standard","has-post-thumbnail","hentry","category-internacional","category-portada"],"_links":{"self":[{"href":"https:\/\/diariodominicano.com\/index.php?rest_route=\/wp\/v2\/posts\/572111","targetHints":{"allow":["GET"]}}],"collection":[{"href":"https:\/\/diariodominicano.com\/index.php?rest_route=\/wp\/v2\/posts"}],"about":[{"href":"https:\/\/diariodominicano.com\/index.php?rest_route=\/wp\/v2\/types\/post"}],"author":[{"embeddable":true,"href":"https:\/\/diariodominicano.com\/index.php?rest_route=\/wp\/v2\/users\/5"}],"replies":[{"embeddable":true,"href":"https:\/\/diariodominicano.com\/index.php?rest_route=%2Fwp%2Fv2%2Fcomments&post=572111"}],"version-history":[{"count":1,"href":"https:\/\/diariodominicano.com\/index.php?rest_route=\/wp\/v2\/posts\/572111\/revisions"}],"predecessor-version":[{"id":572113,"href":"https:\/\/diariodominicano.com\/index.php?rest_route=\/wp\/v2\/posts\/572111\/revisions\/572113"}],"wp:featuredmedia":[{"embeddable":true,"href":"https:\/\/diariodominicano.com\/index.php?rest_route=\/wp\/v2\/media\/572112"}],"wp:attachment":[{"href":"https:\/\/diariodominicano.com\/index.php?rest_route=%2Fwp%2Fv2%2Fmedia&parent=572111"}],"wp:term":[{"taxonomy":"category","embeddable":true,"href":"https:\/\/diariodominicano.com\/index.php?rest_route=%2Fwp%2Fv2%2Fcategories&post=572111"},{"taxonomy":"post_tag","embeddable":true,"href":"https:\/\/diariodominicano.com\/index.php?rest_route=%2Fwp%2Fv2%2Ftags&post=572111"}],"curies":[{"name":"wp","href":"https:\/\/api.w.org\/{rel}","templated":true}]}}