{"id":572100,"date":"2024-11-05T09:57:48","date_gmt":"2024-11-05T13:57:48","guid":{"rendered":"https:\/\/diariodominicano.com\/?p=572100"},"modified":"2024-11-05T10:03:31","modified_gmt":"2024-11-05T14:03:31","slug":"en-alza-decesos-de-migrantes-irregulares-a-su-paso-por-panama","status":"publish","type":"post","link":"https:\/\/diariodominicano.com\/?p=572100","title":{"rendered":"Alertan sobre incremento de muertes de migrantes que intentan entrar a Panam\u00e1 de manera ilegal"},"content":{"rendered":"\n<p>diariodominicano.com<\/p>\n\n\n\n<p>Ciudad de Panam\u00e1, 5 nov (Prensa Latina) Autoridades migratorias alertaron hoy en Panam\u00e1 sobre el auge de indocumentados fallecidos a su paso por la de Dari\u00e9n, fronteriza con Colombia, rumbo a Estados Unidos.<\/p>\n\n\n\n<p>Seg\u00fan el reporte oficial hasta la fecha este a\u00f1o en la tr\u00e1gica traves\u00eda por la inh\u00f3spita jungla han perdido la vida 172 viajeros ilegales, r\u00e9cord en comparaci\u00f3n con a\u00f1os anteriores, cuando el promedio anual de decesos rondaba las 50 personas o menos.<\/p>\n\n\n\n<p>Los datos del programa Proyecto Migrantes Desaparecidos de la Organizaci\u00f3n Internacional para las Migraciones (OIM) precisan que entre 2015 y 2024, se han registrado 536 muertes de migrantes en esta selva.<\/p>\n\n\n\n<p>De acuerdo con la OIM, el ahogamiento se mantiene como la principal causa de muerte entre los migrantes que intentan cruzar el Tap\u00f3n del Dari\u00e9n, a lo que se suma la violencia ejercida por grupos criminales que operan en la zona, enfermedades derivadas de las duras condiciones de la selva, la falta de acceso a servicios de salud y accidentes fatales.<\/p>\n\n\n\n<p>Para el Ministerio de Seguridad, en medio de esta tr\u00e1gica realidad, el flujo de migrantes irregulares que utilizan esa v\u00eda terrestre ha mostrado una notable disminuci\u00f3n en los \u00faltimos meses.<\/p>\n\n\n\n<p>Informes del Servicio Nacional de Migraci\u00f3n precisan que entre el 1 y el 30 de octubre de este a\u00f1o se reportaron 21 mil 542 personas que ingresaron al pa\u00eds por el Dari\u00e9n, mientras que en septiembre el n\u00famero fue de 25 mil 111.<\/p>\n\n\n\n<p>En lo que va de 2024, un total de 284 mil 838 indocumentados han cruzado por la selva, en su mayor\u00eda venezolanos, colombianos, ecuatorianos, chinos y haitianos.<\/p>\n\n\n\n<p>El Gobierno de Panam\u00e1 firm\u00f3 el pasado 1 de julio un memorando de entendimiento con Estados Unidos que respalda operaciones a\u00e9reas para la repatriaci\u00f3n de los indocumentados y hasta la fecha se realizado 23 vuelos ch\u00e1rter y devuelto a m\u00e1s de 800 personas, entre ellas algunas con antecedentes penales y nexos con delitos asociados al narcotr\u00e1fico.<\/p>\n\n\n\n<p>Panam\u00e1 tambi\u00e9n cerr\u00f3 trochas ilegales que utilizaban los migrantes mediante la implementaci\u00f3n de una barrera perimetral e increment\u00f3 el patrullaje mar\u00edtimo en el Caribe.<\/p>\n\n\n\n<p>mem\/ga<\/p>\n","protected":false},"excerpt":{"rendered":"<p>diariodominicano.com Ciudad de Panam\u00e1, 5 nov (Prensa Latina) Autoridades migratorias alertaron hoy en Panam\u00e1 sobre el auge de indocumentados fallecidos a su paso por la de Dari\u00e9n, fronteriza con Colombia, rumbo a Estados Unidos. Seg\u00fan el reporte oficial hasta la fecha este a\u00f1o en la tr\u00e1gica traves\u00eda por la inh\u00f3spita jungla han perdido la vida [&hellip;]<\/p>\n","protected":false},"author":5,"featured_media":572101,"comment_status":"closed","ping_status":"closed","sticky":true,"template":"","format":"standard","meta":{"footnotes":""},"categories":[23,27],"tags":[],"class_list":["post-572100","post","type-post","status-publish","format-standard","has-post-thumbnail","hentry","category-internacional","category-portada"],"_links":{"self":[{"href":"https:\/\/diariodominicano.com\/index.php?rest_route=\/wp\/v2\/posts\/572100","targetHints":{"allow":["GET"]}}],"collection":[{"href":"https:\/\/diariodominicano.com\/index.php?rest_route=\/wp\/v2\/posts"}],"about":[{"href":"https:\/\/diariodominicano.com\/index.php?rest_route=\/wp\/v2\/types\/post"}],"author":[{"embeddable":true,"href":"https:\/\/diariodominicano.com\/index.php?rest_route=\/wp\/v2\/users\/5"}],"replies":[{"embeddable":true,"href":"https:\/\/diariodominicano.com\/index.php?rest_route=%2Fwp%2Fv2%2Fcomments&post=572100"}],"version-history":[{"count":2,"href":"https:\/\/diariodominicano.com\/index.php?rest_route=\/wp\/v2\/posts\/572100\/revisions"}],"predecessor-version":[{"id":572104,"href":"https:\/\/diariodominicano.com\/index.php?rest_route=\/wp\/v2\/posts\/572100\/revisions\/572104"}],"wp:featuredmedia":[{"embeddable":true,"href":"https:\/\/diariodominicano.com\/index.php?rest_route=\/wp\/v2\/media\/572101"}],"wp:attachment":[{"href":"https:\/\/diariodominicano.com\/index.php?rest_route=%2Fwp%2Fv2%2Fmedia&parent=572100"}],"wp:term":[{"taxonomy":"category","embeddable":true,"href":"https:\/\/diariodominicano.com\/index.php?rest_route=%2Fwp%2Fv2%2Fcategories&post=572100"},{"taxonomy":"post_tag","embeddable":true,"href":"https:\/\/diariodominicano.com\/index.php?rest_route=%2Fwp%2Fv2%2Ftags&post=572100"}],"curies":[{"name":"wp","href":"https:\/\/api.w.org\/{rel}","templated":true}]}}