{"id":572045,"date":"2024-11-04T23:58:13","date_gmt":"2024-11-05T03:58:13","guid":{"rendered":"https:\/\/diariodominicano.com\/?p=572045"},"modified":"2024-11-04T23:58:21","modified_gmt":"2024-11-05T03:58:21","slug":"ministerio-de-comercio-china-apela-ante-omc-por-fallo-final-de-ue-sobre-medidas-compensatorias-contra-vehiculos-electricos-chinos","status":"publish","type":"post","link":"https:\/\/diariodominicano.com\/?p=572045","title":{"rendered":"Ministerio de Comercio: China apela ante OMC por fallo final de UE sobre medidas compensatorias contra veh\u00edculos el\u00e9ctricos chinos"},"content":{"rendered":"\n<p><em>spanish.news.cn<\/em>|<em>&nbsp;2024-11-04 22:56:45<\/em>|<\/p>\n\n\n\n<p>BEIJING, 4 nov (Xinhua) &#8212; China apel\u00f3 hoy lunes ante la Organizaci\u00f3n Mundial del Comercio (OMC) contra el fallo final de la Uni\u00f3n Europea (UE) sobre medidas compensatorias contra los veh\u00edculos el\u00e9ctricos chinos, seg\u00fan el Ministerio de Comercio de China.<\/p>\n\n\n\n<p>China se opone firmemente a las medidas finales de la UE para imponer altos aranceles compensatorios a los veh\u00edculos el\u00e9ctricos fabricados en el pa\u00eds, a pesar de un aluvi\u00f3n de objeciones planteadas por las partes relevantes, incluidos los Gobiernos de Estados miembros de la UE, la industria y la ciudadan\u00eda, dijo un portavoz de la entidad.<\/p>\n\n\n\n<p>Para salvaguardar los intereses de desarrollo de la industria de veh\u00edculos el\u00e9ctricos y la cooperaci\u00f3n global en la transformaci\u00f3n verde, China decidi\u00f3 apelar ante el mecanismo de soluci\u00f3n de disputas de la OMC, se\u00f1al\u00f3 el vocero.<\/p>\n\n\n\n<p>La queja tuvo lugar despu\u00e9s de la anterior apelaci\u00f3n de China ante la organizaci\u00f3n contra las medidas antisubsidios iniciales de la UE para los veh\u00edculos el\u00e9ctricos chinos, dijo el ministerio.<\/p>\n\n\n\n<p>China considera que el fallo de la UE, carente de bases f\u00e1cticas y legales, viola las normas de la OMC y es un abuso de las medidas correctivas comerciales, as\u00ed como una pr\u00e1ctica de proteccionismo comercial en nombre de las medidas compensatorias, indic\u00f3 el portavoz.<\/p>\n\n\n\n<p>China ha instado a la UE a enfrentar sus propios errores, corregir inmediatamente sus pr\u00e1cticas ilegales y salvaguardar en conjunto la estabilidad de las cadenas industrial y de suministros mundiales de veh\u00edculos el\u00e9ctricos, as\u00ed como la cooperaci\u00f3n econ\u00f3mica y comercial general entre China y la UE, a\u00f1adi\u00f3 el portavoz.<\/p>\n\n\n\n<p><a href=\"https:\/\/www.facebook.com\/sharer\/sharer.php?u=https:\/\/spanish.xinhuanet.com\/20241104\/1caa0d5555434475b192800c1a4e4616\/c.html\" target=\"_blank\" rel=\"noreferrer noopener\"><\/a>&nbsp;<a href=\"https:\/\/twitter.com\/intent\/tweet?text=%0A%20%20%20%20%20%20%20%20%20%20%20%20%20%20%20%20%20%20%20%20Ministerio%20de%20Comercio:%20China%20apela%20ante%20OMC%20por%20fallo%20final%20de%20UE%20sobre%20medidas%20compensatorias%20contra%20veh%C3%ADculos%20el%C3%A9ctricos%20chinos%20%0A%20%20%20%20%20%20%20%20%20%20%20%20%20%20%20%20&amp;url=https:\/\/spanish.xinhuanet.com\/20241104\/1caa0d5555434475b192800c1a4e4616\/c.html\" target=\"_blank\" rel=\"noreferrer noopener\"><\/a>&nbsp;<a target=\"_blank\" href=\"https:\/\/service.weibo.com\/share\/share.php?title=%0A%20%20%20%20%20%20%20%20%20%20%20%20%20%20%20%20%20%20%20%20Ministerio%20de%20Comercio:%20China%20apela%20ante%20OMC%20por%20fallo%20final%20de%20UE%20sobre%20medidas%20compensatorias%20contra%20veh%C3%ADculos%20el%C3%A9ctricos%20chinos%20%0A%20%20%20%20%20%20%20%20%20%20%20%20%20%20%20%20&amp;url=https:\/\/spanish.xinhuanet.com\/20241104\/1caa0d5555434475b192800c1a4e4616\/c.html\" rel=\"noreferrer noopener\"><\/a>&nbsp;<a><\/a><\/p>\n\n\n\n<figure class=\"wp-block-image\"><img decoding=\"async\" src=\"https:\/\/imgs.news.cn\/res\/xhwimg\/spanish\/20170522\/img\/jc-xfa.png\" alt=\"\"\/><\/figure>\n","protected":false},"excerpt":{"rendered":"<p>spanish.news.cn|&nbsp;2024-11-04 22:56:45| BEIJING, 4 nov (Xinhua) &#8212; China apel\u00f3 hoy lunes ante la Organizaci\u00f3n Mundial del Comercio (OMC) contra el fallo final de la Uni\u00f3n Europea (UE) sobre medidas compensatorias contra los veh\u00edculos el\u00e9ctricos chinos, seg\u00fan el Ministerio de Comercio de China. China se opone firmemente a las medidas finales de la UE para imponer [&hellip;]<\/p>\n","protected":false},"author":28,"featured_media":405276,"comment_status":"closed","ping_status":"closed","sticky":true,"template":"","format":"standard","meta":{"footnotes":""},"categories":[18,23,24],"tags":[],"class_list":["post-572045","post","type-post","status-publish","format-standard","has-post-thumbnail","hentry","category-economia","category-internacional","category-justicia-y-derecho"],"_links":{"self":[{"href":"https:\/\/diariodominicano.com\/index.php?rest_route=\/wp\/v2\/posts\/572045","targetHints":{"allow":["GET"]}}],"collection":[{"href":"https:\/\/diariodominicano.com\/index.php?rest_route=\/wp\/v2\/posts"}],"about":[{"href":"https:\/\/diariodominicano.com\/index.php?rest_route=\/wp\/v2\/types\/post"}],"author":[{"embeddable":true,"href":"https:\/\/diariodominicano.com\/index.php?rest_route=\/wp\/v2\/users\/28"}],"replies":[{"embeddable":true,"href":"https:\/\/diariodominicano.com\/index.php?rest_route=%2Fwp%2Fv2%2Fcomments&post=572045"}],"version-history":[{"count":1,"href":"https:\/\/diariodominicano.com\/index.php?rest_route=\/wp\/v2\/posts\/572045\/revisions"}],"predecessor-version":[{"id":572046,"href":"https:\/\/diariodominicano.com\/index.php?rest_route=\/wp\/v2\/posts\/572045\/revisions\/572046"}],"wp:featuredmedia":[{"embeddable":true,"href":"https:\/\/diariodominicano.com\/index.php?rest_route=\/wp\/v2\/media\/405276"}],"wp:attachment":[{"href":"https:\/\/diariodominicano.com\/index.php?rest_route=%2Fwp%2Fv2%2Fmedia&parent=572045"}],"wp:term":[{"taxonomy":"category","embeddable":true,"href":"https:\/\/diariodominicano.com\/index.php?rest_route=%2Fwp%2Fv2%2Fcategories&post=572045"},{"taxonomy":"post_tag","embeddable":true,"href":"https:\/\/diariodominicano.com\/index.php?rest_route=%2Fwp%2Fv2%2Ftags&post=572045"}],"curies":[{"name":"wp","href":"https:\/\/api.w.org\/{rel}","templated":true}]}}