{"id":572039,"date":"2024-11-04T23:48:53","date_gmt":"2024-11-05T03:48:53","guid":{"rendered":"https:\/\/diariodominicano.com\/?p=572039"},"modified":"2024-11-04T23:54:41","modified_gmt":"2024-11-05T03:54:41","slug":"ciie-inaugurada-vii-exposicion-internacional-de-importaciones-de-china-en-shanghai","status":"publish","type":"post","link":"https:\/\/diariodominicano.com\/?p=572039","title":{"rendered":"(CIIE) Inaugurada VII Exposici\u00f3n Internacional de Importaciones de China en Shanghai"},"content":{"rendered":"\n<p>Vista a\u00e9rea tomada con un dron el 4 de noviembre de 2024 del Centro Nacional de Exposiciones y Convenciones (Shanghai), la sede principal de la VII Exposici\u00f3n Internacional de Importaciones de China (CIIE, por sus siglas en ingl\u00e9s), en Shanghai, en el este de China. La VII CIIE se celebrar\u00e1 en Shanghai del 5 al 10 de noviembre. (Xinhua\/Fan Jun)<\/p>\n\n\n\n<p><em>spanish.news.cn<\/em>|<em>&nbsp;2024-11-05 10:30:30<\/em>|<\/p>\n\n\n\n<p>SHANGHAI, 5 nov (Xinhua) &#8212; La m\u00e1s reciente edici\u00f3n de la Exposici\u00f3n Internacional de Importaciones de China (CIIE, por sus siglas en ingl\u00e9s), el primer evento de su tipo en el mundo dedicado a las importaciones, abri\u00f3 sus puertas hoy martes en Shanghai.<\/p>\n\n\n\n<p>El primer ministro chino, Li Qiang, pronunci\u00f3 un discurso de apertura en la ceremonia inaugural de la VII CIIE y el Foro Econ\u00f3mico Internacional de Hongqiao.<\/p>\n\n\n\n<p>Programada del 5 al 10 de noviembre, la VII CIIE re\u00fane a 3.496 expositores de 129 pa\u00edses y regiones. Tambi\u00e9n establece un nuevo r\u00e9cord con la participaci\u00f3n de 297 empresas y l\u00edderes de la industria incluidos en la lista de Fortune Global 500.<\/p>\n\n\n\n<p>M\u00e1s de 400 nuevos productos, tecnolog\u00edas y servicios se dar\u00e1n a conocer durante la exposici\u00f3n, lo que es visto por los expertos como una clara se\u00f1al de la confianza de las empresas globales en el mercado chino y su compromiso con un mayor desarrollo en el pa\u00eds, a pesar de una lenta recuperaci\u00f3n econ\u00f3mica mundial.&nbsp;<\/p>\n\n\n\n<p><a href=\"https:\/\/www.facebook.com\/sharer\/sharer.php?u=https:\/\/spanish.xinhuanet.com\/20241105\/a8be43855817461193c0ee56e3b5a7df\/c.html\" target=\"_blank\" rel=\"noreferrer noopener\"><\/a>&nbsp;<a href=\"https:\/\/twitter.com\/intent\/tweet?text=%0A%20%20%20%20%20%20%20%20%20%20%20%20%20%20%20%20%20%20%20%20(CIIE)%20Inaugurada%20VII%20Exposici%C3%B3n%20Internacional%20de%20Importaciones%20de%20China%20en%20Shanghai%0A%20%20%20%20%20%20%20%20%20%20%20%20%20%20%20%20&amp;url=https:\/\/spanish.xinhuanet.com\/20241105\/a8be43855817461193c0ee56e3b5a7df\/c.html\" target=\"_blank\" rel=\"noreferrer noopener\"><\/a>&nbsp;<a target=\"_blank\" href=\"https:\/\/service.weibo.com\/share\/share.php?title=%0A%20%20%20%20%20%20%20%20%20%20%20%20%20%20%20%20%20%20%20%20(CIIE)%20Inaugurada%20VII%20Exposici%C3%B3n%20Internacional%20de%20Importaciones%20de%20China%20en%20Shanghai%0A%20%20%20%20%20%20%20%20%20%20%20%20%20%20%20%20&amp;url=https:\/\/spanish.xinhuanet.com\/20241105\/a8be43855817461193c0ee56e3b5a7df\/c.html\" rel=\"noreferrer noopener\"><\/a>&nbsp;<a><\/a><\/p>\n\n\n\n<figure class=\"wp-block-image\"><img decoding=\"async\" src=\"https:\/\/imgs.news.cn\/res\/xhwimg\/spanish\/20170522\/img\/jc-xfa.png\" alt=\"\"\/><\/figure>\n","protected":false},"excerpt":{"rendered":"<p>Vista a\u00e9rea tomada con un dron el 4 de noviembre de 2024 del Centro Nacional de Exposiciones y Convenciones (Shanghai), la sede principal de la VII Exposici\u00f3n Internacional de Importaciones de China (CIIE, por sus siglas en ingl\u00e9s), en Shanghai, en el este de China. La VII CIIE se celebrar\u00e1 en Shanghai del 5 al [&hellip;]<\/p>\n","protected":false},"author":28,"featured_media":572041,"comment_status":"closed","ping_status":"closed","sticky":true,"template":"","format":"standard","meta":{"footnotes":""},"categories":[18,23],"tags":[],"class_list":["post-572039","post","type-post","status-publish","format-standard","has-post-thumbnail","hentry","category-economia","category-internacional"],"_links":{"self":[{"href":"https:\/\/diariodominicano.com\/index.php?rest_route=\/wp\/v2\/posts\/572039","targetHints":{"allow":["GET"]}}],"collection":[{"href":"https:\/\/diariodominicano.com\/index.php?rest_route=\/wp\/v2\/posts"}],"about":[{"href":"https:\/\/diariodominicano.com\/index.php?rest_route=\/wp\/v2\/types\/post"}],"author":[{"embeddable":true,"href":"https:\/\/diariodominicano.com\/index.php?rest_route=\/wp\/v2\/users\/28"}],"replies":[{"embeddable":true,"href":"https:\/\/diariodominicano.com\/index.php?rest_route=%2Fwp%2Fv2%2Fcomments&post=572039"}],"version-history":[{"count":3,"href":"https:\/\/diariodominicano.com\/index.php?rest_route=\/wp\/v2\/posts\/572039\/revisions"}],"predecessor-version":[{"id":572044,"href":"https:\/\/diariodominicano.com\/index.php?rest_route=\/wp\/v2\/posts\/572039\/revisions\/572044"}],"wp:featuredmedia":[{"embeddable":true,"href":"https:\/\/diariodominicano.com\/index.php?rest_route=\/wp\/v2\/media\/572041"}],"wp:attachment":[{"href":"https:\/\/diariodominicano.com\/index.php?rest_route=%2Fwp%2Fv2%2Fmedia&parent=572039"}],"wp:term":[{"taxonomy":"category","embeddable":true,"href":"https:\/\/diariodominicano.com\/index.php?rest_route=%2Fwp%2Fv2%2Fcategories&post=572039"},{"taxonomy":"post_tag","embeddable":true,"href":"https:\/\/diariodominicano.com\/index.php?rest_route=%2Fwp%2Fv2%2Ftags&post=572039"}],"curies":[{"name":"wp","href":"https:\/\/api.w.org\/{rel}","templated":true}]}}