{"id":572036,"date":"2024-11-04T23:46:28","date_gmt":"2024-11-05T03:46:28","guid":{"rendered":"https:\/\/diariodominicano.com\/?p=572036"},"modified":"2024-11-04T23:46:32","modified_gmt":"2024-11-05T03:46:32","slug":"concluye-136a-feria-de-canton-con-record-de-asistencia-de-compradores-internacionales","status":"publish","type":"post","link":"https:\/\/diariodominicano.com\/?p=572036","title":{"rendered":"Concluye 136\u00aa Feria de Cant\u00f3n con r\u00e9cord de asistencia de compradores internacionales"},"content":{"rendered":"\n<p><em>spanish.news.cn<\/em>|<em>&nbsp;2024-11-05 09:44:15<\/em>|<\/p>\n\n\n\n<figure class=\"wp-block-image\"><img decoding=\"async\" src=\"https:\/\/spanish.xinhuanet.com\/20241105\/139cb60db04c4da798e42c46744e7324\/S7rlD1oVYfWT3IHo.jpeg\" alt=\"\"\/><\/figure>\n\n\n\n<p>&nbsp;Una compradora selecciona dulces en la 136\u00aa Feria de Importaci\u00f3n y Exportaci\u00f3n de China, en Guangzhou, en la provincia de Guangdong, en el sur de China, el 4 de noviembre de 2024. La 136\u00aa Feria de Importaci\u00f3n y Exportaci\u00f3n de China, popularmente conocida como Feria de Cant\u00f3n, concluy\u00f3 en Guangzhou el lunes. (Xinhua\/Lu Hanxin)<\/p>\n\n\n\n<p>GUANGZHOU, 5 nov (Xinhua) &#8212; La 136\u00aa Feria de Cant\u00f3n, oficialmente conocida como la Feria de Importaci\u00f3n y Exportaci\u00f3n de China, cerr\u00f3 sus puertas el lunes en Guangzhou, capital de la provincia meridional de Guangdong, registrando un m\u00e1ximo hist\u00f3rico en t\u00e9rminos de asistencia de compradores extranjeros, seg\u00fan datos de los organizadores.<\/p>\n\n\n\n<p>Hasta el domingo, un total de 253.000 compradores extranjeros de 214 pa\u00edses y regiones hab\u00edan asistido al evento, lo que supone un aumento del 2,8 por ciento en comparaci\u00f3n con la edici\u00f3n anterior, celebrada del 15 de abril al 5 de mayo de este a\u00f1o, y establece un nuevo r\u00e9cord, se\u00f1al\u00f3 en conferencia de prensa el lunes Zhou Shanqing, subdirector del Centro de Comercio Exterior de China y jefe del centro de medios de la feria.<\/p>\n\n\n\n<p>Los compradores de los pa\u00edses que participan en la Iniciativa de la Franja y la Ruta (IFR) representaron m\u00e1s del 60 por ciento de la asistencia. El n\u00famero de compradores de pa\u00edses de Oriente Medio fue el que m\u00e1s creci\u00f3, alcanzando los 34.000, lo que representa un aumento del 32,6 por ciento en comparaci\u00f3n con la edici\u00f3n anterior.<\/p>\n\n\n\n<p>Tambi\u00e9n ha subido notablemente el n\u00famero de compradores procedentes de Estados Unidos y pa\u00edses europeos, con 54.000 asistentes, un 8,2 por ciento m\u00e1s que en la edici\u00f3n anterior.<\/p>\n\n\n\n<p>Se espera que el volumen de transacciones de exportaci\u00f3n alcance los 24.950 millones de d\u00f3lares en esta edici\u00f3n, un aumento del 1 por ciento respecto a la pasada cita.<\/p>\n\n\n\n<p>En particular, las transacciones con los pa\u00edses socios de la IFR ocuparon m\u00e1s de la mitad del volumen total, al tiempo que se registr\u00f3 un crecimiento en este indicador por parte de los compradores de Europa y Estados Unidos.<\/p>\n\n\n\n<p>Yang Zhusong, profesor asociado de la Escuela de Pol\u00edticas P\u00fablicas y Administraci\u00f3n de la Universidad Tsinghua, se\u00f1al\u00f3 que el creciente n\u00famero de expositores en la feria es un microcosmos de la influencia de China en el comercio mundial de importaci\u00f3n y exportaci\u00f3n.<\/p>\n\n\n\n<p>El aumento en la asistencia de compradores de Europa y Estados Unidos se puede atribuir no solo a su confianza en el enorme potencial de mercado de China, sino tambi\u00e9n a la eficiencia en la capacidad de producci\u00f3n del pa\u00eds asi\u00e1tico, que proporciona una cadena industrial completa de servicios, subray\u00f3 Yang.<\/p>\n\n\n\n<p>La asistencia de un n\u00famero cada vez mayor de empresas de los pa\u00edses socios de la Franja y la Ruta tambi\u00e9n apunta a que la cooperaci\u00f3n de China con estos pa\u00edses y regiones resulta pragm\u00e1tica y sus beneficios son mutuos, seg\u00fan Yang.<\/p>\n\n\n\n<p>Christian Noll, un comprador alem\u00e1n, se mantuvo ocupado hasta el \u00faltimo d\u00eda de la feria. Centrado principalmente en prendas de vestir, recorri\u00f3 algunos puestos y decidi\u00f3 un plan de cooperaci\u00f3n con un socio de Fuzhou, en la provincia oriental china de Fujian.<\/p>\n\n\n\n<p>\u00abEs la feria m\u00e1s grande que he visto en mi vida. Normalmente, las ferias comerciales se celebran cada dos a\u00f1os o, como mucho, una vez al a\u00f1o, para permitir que las empresas innoven durante los lapsos intermedios. Este espect\u00e1culo ocurre dos veces al a\u00f1o y cada vez el tama\u00f1o es incre\u00edble, y hay muchas cosas nuevas. Este es el espect\u00e1culo m\u00e1s genial del planeta\u00bb, asegur\u00f3 Noll.<\/p>\n\n\n\n<p>Despu\u00e9s de haber asistido a la feria durante cuatro a\u00f1os consecutivos, Moulay Elkamel, un comprador de Marruecos, describi\u00f3 su \u00faltimo viaje a China como \u00abm\u00e1s que encantador\u00bb.<\/p>\n\n\n\n<p>\u00abHe conocido a buenos amigos y socios y he visto muchos productos interesantes. Es una l\u00e1stima que la feria solo dure medio mes. Planeo volver para el evento del pr\u00f3ximo a\u00f1o en abril. Ya hay algunos pedidos listos para ser procesados\u00bb, dijo Elkamel.<\/p>\n\n\n\n<p>Con el tema \u00abServir al desarrollo de alta calidad y promover la apertura de alto nivel\u00bb, la 136\u00aa Feria de Cant\u00f3n cont\u00f3 con m\u00e1s de 30.000 expositores que mostraron 1,15 millones de nuevos productos.<\/p>\n\n\n\n<p>Yang indic\u00f3 que los compradores internacionales est\u00e1n aprovechando la Feria de Cant\u00f3n como una plataforma para forjar asociaciones m\u00e1s profundas, mutuamente ventajosas y prometedoras con empresas chinas.<\/p>\n\n\n\n<p>El desarrollo continuo de los sellos \u00abHecho en China\u00bb y \u00abCreado en China\u00bb tambi\u00e9n est\u00e1 inyectando un nuevo impulso al crecimiento de las cadenas industriales y de suministro globales, agreg\u00f3 Yang.<\/p>\n\n\n\n<p>Chu Shijia, subdirector y secretario general de la feria y jefe del Centro de Comercio Exterior de China, destac\u00f3 que la continua expansi\u00f3n de la Feria de Cant\u00f3n refleja el crecimiento y la fortaleza del comercio exterior de China.<\/p>\n\n\n\n<p>Chu a\u00f1adi\u00f3 que tambi\u00e9n demuestra la determinaci\u00f3n inquebrantable de China de abrirse m\u00e1s al mundo exterior, brindando nuevas oportunidades a la comunidad internacional a partir de su nuevo desarrollo y contribuyendo al avance de una econom\u00eda global abierta.<\/p>\n\n\n\n<p>Fundada en 1957, la Feria de Cant\u00f3n se celebra dos veces al a\u00f1o en Guangzhou. Es el m\u00e1s antiguo de varios eventos comerciales internacionales integrales en China, y es aclamado como el bar\u00f3metro del comercio exterior del pa\u00eds.&nbsp;<\/p>\n\n\n\n<figure class=\"wp-block-image\"><img decoding=\"async\" src=\"https:\/\/spanish.xinhuanet.com\/20241105\/139cb60db04c4da798e42c46744e7324\/Ca2ohG8852TW25d9.jpg\" alt=\"\"\/><\/figure>\n\n\n\n<p>GUANGZHOU, 4 noviembre, 2024 (Xinhua) &#8212; Compradores seleccionan chamarras en la 136\u00aa Feria de Importaci\u00f3n y Exportaci\u00f3n de China, en Guangzhou, en la provincia de Guangdong, en el sur de China, el 4 de noviembre de 2024. La 136\u00aa Feria de Importaci\u00f3n y Exportaci\u00f3n de China, popularmente conocida como Feria de Cant\u00f3n, concluy\u00f3 en Guangzhou el lunes. (Xinhua\/Lu Hanxin)<\/p>\n\n\n\n<p><a href=\"https:\/\/www.facebook.com\/sharer\/sharer.php?u=https:\/\/spanish.xinhuanet.com\/20241105\/139cb60db04c4da798e42c46744e7324\/c.html\" target=\"_blank\" rel=\"noreferrer noopener\"><\/a>&nbsp;<a href=\"https:\/\/twitter.com\/intent\/tweet?text=Concluye%20136%C2%AA%20Feria%20de%20Cant%C3%B3n%20con%20r%C3%A9cord%20de%20asistencia%20de%20compradores%20internacionales&amp;url=https:\/\/spanish.xinhuanet.com\/20241105\/139cb60db04c4da798e42c46744e7324\/c.html\" target=\"_blank\" rel=\"noreferrer noopener\"><\/a>&nbsp;<a target=\"_blank\" href=\"https:\/\/service.weibo.com\/share\/share.php?title=Concluye%20136%C2%AA%20Feria%20de%20Cant%C3%B3n%20con%20r%C3%A9cord%20de%20asistencia%20de%20compradores%20internacionales&amp;url=https:\/\/spanish.xinhuanet.com\/20241105\/139cb60db04c4da798e42c46744e7324\/c.html\" rel=\"noreferrer noopener\"><\/a>&nbsp;<a><\/a><\/p>\n\n\n\n<figure class=\"wp-block-image\"><img decoding=\"async\" src=\"https:\/\/imgs.news.cn\/res\/xhwimg\/spanish\/20170522\/img\/jc-xfa.png\" alt=\"\"\/><\/figure>\n\n\n","protected":false},"excerpt":{"rendered":"<p>spanish.news.cn|&nbsp;2024-11-05 09:44:15| &nbsp;Una compradora selecciona dulces en la 136\u00aa Feria de Importaci\u00f3n y Exportaci\u00f3n de China, en Guangzhou, en la provincia de Guangdong, en el sur de China, el 4 de noviembre de 2024. La 136\u00aa Feria de Importaci\u00f3n y Exportaci\u00f3n de China, popularmente conocida como Feria de Cant\u00f3n, concluy\u00f3 en Guangzhou el lunes. (Xinhua\/Lu [&hellip;]<\/p>\n","protected":false},"author":28,"featured_media":572037,"comment_status":"closed","ping_status":"closed","sticky":true,"template":"","format":"standard","meta":{"footnotes":""},"categories":[36,18],"tags":[],"class_list":["post-572036","post","type-post","status-publish","format-standard","has-post-thumbnail","hentry","category-hombresmujeresycosas","category-economia"],"_links":{"self":[{"href":"https:\/\/diariodominicano.com\/index.php?rest_route=\/wp\/v2\/posts\/572036","targetHints":{"allow":["GET"]}}],"collection":[{"href":"https:\/\/diariodominicano.com\/index.php?rest_route=\/wp\/v2\/posts"}],"about":[{"href":"https:\/\/diariodominicano.com\/index.php?rest_route=\/wp\/v2\/types\/post"}],"author":[{"embeddable":true,"href":"https:\/\/diariodominicano.com\/index.php?rest_route=\/wp\/v2\/users\/28"}],"replies":[{"embeddable":true,"href":"https:\/\/diariodominicano.com\/index.php?rest_route=%2Fwp%2Fv2%2Fcomments&post=572036"}],"version-history":[{"count":1,"href":"https:\/\/diariodominicano.com\/index.php?rest_route=\/wp\/v2\/posts\/572036\/revisions"}],"predecessor-version":[{"id":572038,"href":"https:\/\/diariodominicano.com\/index.php?rest_route=\/wp\/v2\/posts\/572036\/revisions\/572038"}],"wp:featuredmedia":[{"embeddable":true,"href":"https:\/\/diariodominicano.com\/index.php?rest_route=\/wp\/v2\/media\/572037"}],"wp:attachment":[{"href":"https:\/\/diariodominicano.com\/index.php?rest_route=%2Fwp%2Fv2%2Fmedia&parent=572036"}],"wp:term":[{"taxonomy":"category","embeddable":true,"href":"https:\/\/diariodominicano.com\/index.php?rest_route=%2Fwp%2Fv2%2Fcategories&post=572036"},{"taxonomy":"post_tag","embeddable":true,"href":"https:\/\/diariodominicano.com\/index.php?rest_route=%2Fwp%2Fv2%2Ftags&post=572036"}],"curies":[{"name":"wp","href":"https:\/\/api.w.org\/{rel}","templated":true}]}}