{"id":571844,"date":"2024-11-04T13:58:15","date_gmt":"2024-11-04T17:58:15","guid":{"rendered":"https:\/\/diariodominicano.com\/?p=571844"},"modified":"2024-11-04T13:58:23","modified_gmt":"2024-11-04T17:58:23","slug":"expertos-destacan-el-rol-de-las-fuerzas-armadas-en-la-prevencion-de-la-violencia-intrafamiliar-y-conflictos-legales","status":"publish","type":"post","link":"https:\/\/diariodominicano.com\/?p=571844","title":{"rendered":"Expertos destacan el rol de las Fuerzas Armadas en la prevenci\u00f3n de la violencia intrafamiliar y conflictos legales"},"content":{"rendered":"\n<p>diariodominicano.com<\/p>\n\n\n\n<p>Santo Domingo, R. D.,\u20024 de noviembre,\u20022024.\u2013 En un esfuerzo por sensibilizar y capacitar tanto al personal militar, asimilados empleados de contrataci\u00f3n\u00a0 y sus familiares directos\u00a0 en temas de prevenci\u00f3n de violencia intrafamiliar\u00a0 y conflictos legales, por instrucciones del Se\u00f1or Ministro de Defensa Teniente General Carlos Antonio Onofre Fern\u00e1ndez, ERD, instruy\u00f3 a la Procuradur\u00eda General de las Fuerzas Armadas junto a un equipos de profesionales\u00a0 expertos en la materia para destacar la importancia de una formaci\u00f3n preventiva en el \u00e1mbito militar como una herramienta fundamental para fortalecer la paz\u00a0 el bienestar y\u00a0 la seguridad en la sociedad.<\/p>\n\n\n\n<p>El coronel Abogado Rafael Bol\u00edvar Ferm\u00edn L\u00f3pez, Procurador General de las Fuerzas Armadas, subray\u00f3 el compromiso que tiene la instituci\u00f3n de darle fiel cumplimiento a la directrices emanada por el se\u00f1or Ministro de Defensa, en la prevenci\u00f3n y concientizaci\u00f3n de diversos tipos de violencia, con especial \u00e9nfasis en la violencia cibern\u00e9tica, la cual impacta a una gran parte de la poblaci\u00f3n en alg\u00fan momento de sus vidas. En este contexto, exhort\u00f3 a reforzar los lazos familiares y comunitarios con una buena comunicaci\u00f3n, clave para combatir la violencia en todas sus manifestaciones.<\/p>\n\n\n\n<p>Por su parte, la teniente coronel Abogada Dominga Mad\u00e9 Zabala, subdirectora general del Cuerpo Jur\u00eddico de las Fuerzas Armadas, se\u00f1al\u00f3 que se han intensificado los esfuerzos de un plan piloto que se estar\u00e1 extendi\u00e9ndose a todas las dependencias del Ministerio de Defensa y las instituciones militares para de esa manera llevar la sensibilizaci\u00f3n en torno a la prevenci\u00f3n de la violencia intrafamiliar para erradicar este flagelo social. \u201cSe han implementado estrategias orientadas a fomentar un entorno familiar saludable entre los miembros de las Fuerzas Armadas, promoviendo el uso de herramientas que contribuyan a prevenir conflictos\u201d, afirm\u00f3.<\/p>\n\n\n\n<p>Asimismo, el teniente coronel Tenido Rodr\u00edguez Mateo, ERD, Procurador General Adjunto de las FFAA por el Ministerio de Defensa, destac\u00f3 los programas de capacitaci\u00f3n y orientaci\u00f3n dirigido a los miembros de la instituci\u00f3n, que cuenta con un equipo de profesionales dedicados a brindar asistencia a quienes han sido v\u00edctimas de violencia. Este esfuerzo integral tiene como objetivo mejorar la calidad de vida de los integrantes de las Fuerzas Armadas y fomentar un ambiente de apoyo y prevenci\u00f3n dentro de la instituci\u00f3n.<\/p>\n\n\n\n<p>Estas declaraciones fueron ofrecidas en el programa radial J-5 Interactivo, transmitido por la Radioemisora Cultural La Voz de las Fuerzas Armadas, en el cual los expertos insistieron en la necesidad de reforzar la prevenci\u00f3n como un elemento esencial para construir una sociedad m\u00e1s segura y pac\u00edfica.<\/p>\n\n\n\n<p><strong><em>Departamento de Prensa<\/em><\/strong><\/p>\n\n\n\n<p><em><strong>Direcci\u00f3n de Asuntos Civiles del Estado Mayor Conjunto, J5<\/strong><\/em><\/p>\n\n\n\n<p><em><strong>Ministerio de Defensa de Rep\u00fablica Dominicana<\/strong><\/em><\/p>\n","protected":false},"excerpt":{"rendered":"<p>diariodominicano.com Santo Domingo, R. D.,\u20024 de noviembre,\u20022024.\u2013 En un esfuerzo por sensibilizar y capacitar tanto al personal militar, asimilados empleados de contrataci\u00f3n\u00a0 y sus familiares directos\u00a0 en temas de prevenci\u00f3n de violencia intrafamiliar\u00a0 y conflictos legales, por instrucciones del Se\u00f1or Ministro de Defensa Teniente General Carlos Antonio Onofre Fern\u00e1ndez, ERD, instruy\u00f3 a la Procuradur\u00eda General [&hellip;]<\/p>\n","protected":false},"author":5,"featured_media":571845,"comment_status":"closed","ping_status":"closed","sticky":true,"template":"","format":"standard","meta":{"footnotes":""},"categories":[20,27],"tags":[],"class_list":["post-571844","post","type-post","status-publish","format-standard","has-post-thumbnail","hentry","category-dominicana-hoy","category-portada"],"_links":{"self":[{"href":"https:\/\/diariodominicano.com\/index.php?rest_route=\/wp\/v2\/posts\/571844","targetHints":{"allow":["GET"]}}],"collection":[{"href":"https:\/\/diariodominicano.com\/index.php?rest_route=\/wp\/v2\/posts"}],"about":[{"href":"https:\/\/diariodominicano.com\/index.php?rest_route=\/wp\/v2\/types\/post"}],"author":[{"embeddable":true,"href":"https:\/\/diariodominicano.com\/index.php?rest_route=\/wp\/v2\/users\/5"}],"replies":[{"embeddable":true,"href":"https:\/\/diariodominicano.com\/index.php?rest_route=%2Fwp%2Fv2%2Fcomments&post=571844"}],"version-history":[{"count":1,"href":"https:\/\/diariodominicano.com\/index.php?rest_route=\/wp\/v2\/posts\/571844\/revisions"}],"predecessor-version":[{"id":571846,"href":"https:\/\/diariodominicano.com\/index.php?rest_route=\/wp\/v2\/posts\/571844\/revisions\/571846"}],"wp:featuredmedia":[{"embeddable":true,"href":"https:\/\/diariodominicano.com\/index.php?rest_route=\/wp\/v2\/media\/571845"}],"wp:attachment":[{"href":"https:\/\/diariodominicano.com\/index.php?rest_route=%2Fwp%2Fv2%2Fmedia&parent=571844"}],"wp:term":[{"taxonomy":"category","embeddable":true,"href":"https:\/\/diariodominicano.com\/index.php?rest_route=%2Fwp%2Fv2%2Fcategories&post=571844"},{"taxonomy":"post_tag","embeddable":true,"href":"https:\/\/diariodominicano.com\/index.php?rest_route=%2Fwp%2Fv2%2Ftags&post=571844"}],"curies":[{"name":"wp","href":"https:\/\/api.w.org\/{rel}","templated":true}]}}