{"id":571832,"date":"2024-11-04T13:14:47","date_gmt":"2024-11-04T17:14:47","guid":{"rendered":"https:\/\/diariodominicano.com\/?p=571832"},"modified":"2024-11-04T13:14:56","modified_gmt":"2024-11-04T17:14:56","slug":"la-arquitectura-sustentable-mas-que-una-opcion-es-una-necesidad","status":"publish","type":"post","link":"https:\/\/diariodominicano.com\/?p=571832","title":{"rendered":"La Arquitectura sustentable m\u00e1s que una opci\u00f3n, es una necesidad"},"content":{"rendered":"\n<p>diariodominicano.com<\/p>\n\n\n\n<p>M\u00e9xico,\u20024 de noviembre, 20224.- En el marco de la celebraci\u00f3n del 70 aniversario de la fundaci\u00f3n de la carrera de Arquitectura en la Universidad Aut\u00f3noma de Guadalajara (UAG), la Asociaci\u00f3n de Egresados realiz\u00f3 el panel \u00abFlying High, Tecolotes por el Mundo\u00bb, con el tema: Arquitectura Sustentable.<br>Este evento reuni\u00f3 a egresados y arquitectos de \u00e9xito de la UAG en el Auditorio \u201cDr. Luis Garibay Guti\u00e9rrez\u201d, para hablar de sus experiencias en la tecnolog\u00eda, consejos para la profesi\u00f3n y construcci\u00f3n sustentable a invitados especiales, autoridades y alumnos de la instituci\u00f3n.<br>Los egresados de esta ocasi\u00f3n fueron:<\/p>\n\n\n\n<ul class=\"wp-block-list\">\n<li>La Arq. Mar\u00eda Elena Aguilar Barraza: Directora General de Atmosfera Corporativa, S.A. de C.V.<\/li>\n\n\n\n<li>El Arq. Claudio Antonio S\u00e1inz David: Director de Planen, Arquitectos y Urbanistas.<\/li>\n\n\n\n<li>El Mtro. Carlos Romero S\u00e1nchez: Catedr\u00e1tico, Consultor T\u00e9cnico Legal, Urbano y Ambiental; Coordinador del grupo de trabajo de Gesti\u00f3n Urbana Ambiental de la CMIC Jalisco y Presidente del Consejo Consultivo de la CNEC Jalisco.<\/li>\n\n\n\n<li>La Mtra. Diana Valeria Araiza Soto, Profesora Base e Investigadora del Departamento de Dise\u00f1o y Construcci\u00f3n de la UAG.<\/li>\n<\/ul>\n\n\n\n<p>El panel fue dirigido por el Mtro. Ariosto Manrique Moreno, Presidente de la Asociaci\u00f3n Nacional de Egresados de la UAG.<br><br><strong>Actualidad sostenible<\/strong><br>La Mtra. Araiza Soto es egresada del a\u00f1o 2017, y su enfoque ha sido la arquitectura sustentable, a su vez estudi\u00f3 una Maestr\u00eda en Finanzas en la Universidad de California, Davis. La egresada comparti\u00f3 su experiencia en el extranjero y la vida como mexicana en Estados Unidos, as\u00ed como la importancia de aprender sobre tecnolog\u00edas y procesos en otros pa\u00edses.<br>\u201cHoy no se trata de decidir si optar por la arquitectura sustentable, sino que es una necesidad para todos los profesionistas. Considero que los egresados deben salir con la convicci\u00f3n de que es su responsabilidad construir un mundo habitable para las generaciones futuras\u201d, dijo.<br>A su vez, alent\u00f3 a los estudiantes a no tener miedo de intentar y fracasar, ya que del fracaso se aprende mucho.<br><br><strong>Sostenibilidad es una conducta profesional<\/strong><br>La Mtra. Mar\u00eda Elena Aguilar, egresada de la generaci\u00f3n 1983-1987, expres\u00f3 que para ella la arquitectura sustentable es m\u00e1s que un estilo; es una conducta que debe implementarse en cada obra.<br>Inst\u00f3 a los arquitectos a ser m\u00e1s responsables en sus dise\u00f1os como respuesta a los da\u00f1os que ha sufrido el planeta, pero para ello deben creer en ellos mismos.<br>\u201cCrean en ustedes mismos, sean constantes, disciplinados, encuentren cu\u00e1l es el verdadero valor que pueden otorgar o su poder; el poder que cada uno tiene, no su superpoder; ser siempre lo que m\u00e1s les guste. Sean apasionados en su trabajo y eso ser\u00e1 el camino que los lleve al \u00e9xito a cada uno\u201d, apunt\u00f3.<br><br><strong>Creatividad y talento<\/strong><br>El Mtro. Claudio Sainz, egresado en 1972, hizo hincapi\u00e9 en que la sustentabilidad no se limita al dise\u00f1o arquitect\u00f3nico, sino que tambi\u00e9n implica la construcci\u00f3n responsable.<br>Mencion\u00f3 que un buen proyecto puede ser mal construido y, por lo tanto, no durar\u00e1, por lo que en la arquitectura es esencial el espacio y que la sustentabilidad implica no utilizar recursos de manera irresponsable.<br>\u201cAdem\u00e1s, la clave para el desarrollo de proyectos arquitect\u00f3nicos radica en el pensamiento, la imaginaci\u00f3n y la creatividad. Cosas que en parte aprendes en la UAG; en la universidad, donde se le ense\u00f1\u00f3 a observar y aprender de la ciudad\u201d, concluy\u00f3.<br><br><strong>Arquitectura Vern\u00e1cula<\/strong><br>Por otro lado, el Mtro. Carlos Romero S\u00e1nchez, egresado de la Maestr\u00eda en Arquitectura con especialidad en Urbanismo y Dise\u00f1o de Vivienda Urbana, de la UAG, recomend\u00f3 aprender sobre arquitectura vern\u00e1cula.<br>Esta se basa en el uso y construcci\u00f3n con tradiciones locales, materiales aut\u00f3ctonos y conocimientos ancestrales de una regi\u00f3n. Se caracteriza por su enfoque en aprovechar los recursos disponibles en el entorno y adaptarse a las condiciones clim\u00e1ticas, culturales y sociales del lugar.<br>\u201cLa arquitectura sustentable no se limita al uso de tecnolog\u00eda avanzada ni a materiales naturales sin considerar su huella de carbono, aqu\u00ed entra la arquitectura vern\u00e1cula, utilizada por nuestros antepasados, es realmente sostenible, ya que aprovecha los recursos locales y se adapta al clima\u201d, expuso.<br>Al terminar este panel, en representaci\u00f3n de las autoridades universitarias, el Dr. Alfonso Petersen Farah, Vicerrector Acad\u00e9mico y de Ciencias de la Salud de la UAG, entreg\u00f3 un reconocimiento a los panelistas y un regalo de su Alma Mater.<\/p>\n\n\n\n<p><strong>Comunicados UAG<\/strong>\u00a0<\/p>\n\n\n\n<p><em>Universidad Aut\u00f3noma de Guadalajara.<\/em><\/p>\n","protected":false},"excerpt":{"rendered":"<p>diariodominicano.com M\u00e9xico,\u20024 de noviembre, 20224.- En el marco de la celebraci\u00f3n del 70 aniversario de la fundaci\u00f3n de la carrera de Arquitectura en la Universidad Aut\u00f3noma de Guadalajara (UAG), la Asociaci\u00f3n de Egresados realiz\u00f3 el panel \u00abFlying High, Tecolotes por el Mundo\u00bb, con el tema: Arquitectura Sustentable.Este evento reuni\u00f3 a egresados y arquitectos de \u00e9xito [&hellip;]<\/p>\n","protected":false},"author":5,"featured_media":571833,"comment_status":"closed","ping_status":"closed","sticky":true,"template":"","format":"standard","meta":{"footnotes":""},"categories":[21,20,27],"tags":[],"class_list":["post-571832","post","type-post","status-publish","format-standard","has-post-thumbnail","hentry","category-cultura","category-dominicana-hoy","category-portada"],"_links":{"self":[{"href":"https:\/\/diariodominicano.com\/index.php?rest_route=\/wp\/v2\/posts\/571832","targetHints":{"allow":["GET"]}}],"collection":[{"href":"https:\/\/diariodominicano.com\/index.php?rest_route=\/wp\/v2\/posts"}],"about":[{"href":"https:\/\/diariodominicano.com\/index.php?rest_route=\/wp\/v2\/types\/post"}],"author":[{"embeddable":true,"href":"https:\/\/diariodominicano.com\/index.php?rest_route=\/wp\/v2\/users\/5"}],"replies":[{"embeddable":true,"href":"https:\/\/diariodominicano.com\/index.php?rest_route=%2Fwp%2Fv2%2Fcomments&post=571832"}],"version-history":[{"count":1,"href":"https:\/\/diariodominicano.com\/index.php?rest_route=\/wp\/v2\/posts\/571832\/revisions"}],"predecessor-version":[{"id":571834,"href":"https:\/\/diariodominicano.com\/index.php?rest_route=\/wp\/v2\/posts\/571832\/revisions\/571834"}],"wp:featuredmedia":[{"embeddable":true,"href":"https:\/\/diariodominicano.com\/index.php?rest_route=\/wp\/v2\/media\/571833"}],"wp:attachment":[{"href":"https:\/\/diariodominicano.com\/index.php?rest_route=%2Fwp%2Fv2%2Fmedia&parent=571832"}],"wp:term":[{"taxonomy":"category","embeddable":true,"href":"https:\/\/diariodominicano.com\/index.php?rest_route=%2Fwp%2Fv2%2Fcategories&post=571832"},{"taxonomy":"post_tag","embeddable":true,"href":"https:\/\/diariodominicano.com\/index.php?rest_route=%2Fwp%2Fv2%2Ftags&post=571832"}],"curies":[{"name":"wp","href":"https:\/\/api.w.org\/{rel}","templated":true}]}}