{"id":571675,"date":"2024-11-04T00:48:31","date_gmt":"2024-11-04T04:48:31","guid":{"rendered":"https:\/\/diariodominicano.com\/?p=571675"},"modified":"2024-11-04T00:48:37","modified_gmt":"2024-11-04T04:48:37","slug":"dia-nacional-de-los-estados-federados-de-micronesia-2","status":"publish","type":"post","link":"https:\/\/diariodominicano.com\/?p=571675","title":{"rendered":"D\u00eda Nacional de los Estados Federados de Micronesia"},"content":{"rendered":"\n<p>Antony J. Blinken, Secretario de Estado<\/p>\n\n\n\n<p>En nombre del Gobierno de los Estados Unidos, ofrezco mis m\u00e1s sinceras felicitaciones al pueblo de los Estados Federados de Micronesia con motivo de su 38\u00ba D\u00eda de la Independencia.<\/p>\n\n\n\n<p>Esta ocasi\u00f3n nos brinda la oportunidad de reflexionar sobre la duradera alianza que nuestras naciones han fomentado a lo largo de los a\u00f1os. Estados Unidos valora mucho nuestra historia compartida y el respeto mutuo que ha dado forma a nuestra relaci\u00f3n. La reciente reuni\u00f3n de nuestros presidentes en Nueva York, en las Naciones Unidas, para honrar el Pacto de Libre Asociaci\u00f3n y los nuevos acuerdos relacionados con el Pacto fue un testimonio del v\u00ednculo \u00fanico que compartimos.<\/p>\n\n\n\n<p>A medida que avanzamos, me entusiasma la perspectiva de profundizar nuestra colaboraci\u00f3n en cuestiones urgentes como el cambio clim\u00e1tico, la estabilidad regional y el fomento del desarrollo sostenible para el pueblo de Micronesia. Juntos, podemos trabajar por un futuro resiliente.<\/p>\n\n\n\n<p>Una vez m\u00e1s, mis m\u00e1s c\u00e1lidos deseos para usted y el pueblo de los Estados Federados de Micronesia en este importante d\u00eda de celebraci\u00f3n.<\/p>\n\n\n\n<p>U.S. Department of State<\/p>\n\n\n\n<p>U.S. Department of State ()<\/p>\n\n\n\n<p><a target=\"_blank\" href=\"mailto:usstatebpa@public.govdelivery.com\" rel=\"noreferrer noopener\">usstatebpa@public.govdelivery.com<\/a><\/p>\n\n\n\n<p>2\/11\/2024 17:00 EDT<\/p>\n","protected":false},"excerpt":{"rendered":"<p>Antony J. Blinken, Secretario de Estado En nombre del Gobierno de los Estados Unidos, ofrezco mis m\u00e1s sinceras felicitaciones al pueblo de los Estados Federados de Micronesia con motivo de su 38\u00ba D\u00eda de la Independencia. Esta ocasi\u00f3n nos brinda la oportunidad de reflexionar sobre la duradera alianza que nuestras naciones han fomentado a lo [&hellip;]<\/p>\n","protected":false},"author":28,"featured_media":540561,"comment_status":"closed","ping_status":"closed","sticky":true,"template":"","format":"standard","meta":{"footnotes":""},"categories":[36,26,23],"tags":[],"class_list":["post-571675","post","type-post","status-publish","format-standard","has-post-thumbnail","hentry","category-hombresmujeresycosas","category-efemerides","category-internacional"],"_links":{"self":[{"href":"https:\/\/diariodominicano.com\/index.php?rest_route=\/wp\/v2\/posts\/571675","targetHints":{"allow":["GET"]}}],"collection":[{"href":"https:\/\/diariodominicano.com\/index.php?rest_route=\/wp\/v2\/posts"}],"about":[{"href":"https:\/\/diariodominicano.com\/index.php?rest_route=\/wp\/v2\/types\/post"}],"author":[{"embeddable":true,"href":"https:\/\/diariodominicano.com\/index.php?rest_route=\/wp\/v2\/users\/28"}],"replies":[{"embeddable":true,"href":"https:\/\/diariodominicano.com\/index.php?rest_route=%2Fwp%2Fv2%2Fcomments&post=571675"}],"version-history":[{"count":1,"href":"https:\/\/diariodominicano.com\/index.php?rest_route=\/wp\/v2\/posts\/571675\/revisions"}],"predecessor-version":[{"id":571676,"href":"https:\/\/diariodominicano.com\/index.php?rest_route=\/wp\/v2\/posts\/571675\/revisions\/571676"}],"wp:featuredmedia":[{"embeddable":true,"href":"https:\/\/diariodominicano.com\/index.php?rest_route=\/wp\/v2\/media\/540561"}],"wp:attachment":[{"href":"https:\/\/diariodominicano.com\/index.php?rest_route=%2Fwp%2Fv2%2Fmedia&parent=571675"}],"wp:term":[{"taxonomy":"category","embeddable":true,"href":"https:\/\/diariodominicano.com\/index.php?rest_route=%2Fwp%2Fv2%2Fcategories&post=571675"},{"taxonomy":"post_tag","embeddable":true,"href":"https:\/\/diariodominicano.com\/index.php?rest_route=%2Fwp%2Fv2%2Ftags&post=571675"}],"curies":[{"name":"wp","href":"https:\/\/api.w.org\/{rel}","templated":true}]}}