{"id":571576,"date":"2024-11-03T02:14:33","date_gmt":"2024-11-03T06:14:33","guid":{"rendered":"https:\/\/diariodominicano.com\/?p=571576"},"modified":"2024-11-03T02:14:39","modified_gmt":"2024-11-03T06:14:39","slug":"primer-ministro-chino-asistira-a-ceremonia-inaugural-de-ciie-y-eventos-relevantes","status":"publish","type":"post","link":"https:\/\/diariodominicano.com\/?p=571576","title":{"rendered":"Primer ministro chino asistir\u00e1 a ceremonia inaugural de CIIE y eventos relevantes"},"content":{"rendered":"\n<p><em>spanish.news.cn<\/em>|<em>&nbsp;2024-11-03 12:20:00<\/em>|<\/p>\n\n\n\n<p>BEIJING, 3 nov (Xinhua) &#8212; El primer ministro chino, Li Qiang, asistir\u00e1 a la ceremonia inaugural de la VII Exposici\u00f3n Internacional de Importaciones de China (CIIE, por sus siglas en ingl\u00e9s), as\u00ed como a eventos relevantes, y pronunciar\u00e1 un discurso, anunci\u00f3 hoy domingo un portavoz.<\/p>\n\n\n\n<p>La VII CIIE se celebrar\u00e1 del 5 al 10 de noviembre en Shanghai, se\u00f1al\u00f3 He Yadong, portavoz del Ministerio de Comercio.&nbsp;<\/p>\n\n\n\n<p><a href=\"https:\/\/www.facebook.com\/sharer\/sharer.php?u=https:\/\/spanish.xinhuanet.com\/20241103\/d2f78eba8e6b49ccb22d0828b995b776\/c.html\" target=\"_blank\" rel=\"noreferrer noopener\"><\/a>&nbsp;<a href=\"https:\/\/twitter.com\/intent\/tweet?text=%0A%20%20%20%20%20%20%20%20%20%20%20%20%20%20%20%20%20%20%20%20Primer%20ministro%20chino%20asistir%C3%A1%20a%20ceremonia%20inaugural%20de%20CIIE%20y%20eventos%20relevantes%0A%20%20%20%20%20%20%20%20%20%20%20%20%20%20%20%20&amp;url=https:\/\/spanish.xinhuanet.com\/20241103\/d2f78eba8e6b49ccb22d0828b995b776\/c.html\" target=\"_blank\" rel=\"noreferrer noopener\"><\/a>&nbsp;<a target=\"_blank\" href=\"https:\/\/service.weibo.com\/share\/share.php?title=%0A%20%20%20%20%20%20%20%20%20%20%20%20%20%20%20%20%20%20%20%20Primer%20ministro%20chino%20asistir%C3%A1%20a%20ceremonia%20inaugural%20de%20CIIE%20y%20eventos%20relevantes%0A%20%20%20%20%20%20%20%20%20%20%20%20%20%20%20%20&amp;url=https:\/\/spanish.xinhuanet.com\/20241103\/d2f78eba8e6b49ccb22d0828b995b776\/c.html\" rel=\"noreferrer noopener\"><\/a>&nbsp;<a><\/a><\/p>\n\n\n\n<figure class=\"wp-block-image\"><img decoding=\"async\" src=\"https:\/\/imgs.news.cn\/res\/xhwimg\/spanish\/20170522\/img\/jc-xfa.png\" alt=\"\"\/><\/figure>\n","protected":false},"excerpt":{"rendered":"<p>spanish.news.cn|&nbsp;2024-11-03 12:20:00| BEIJING, 3 nov (Xinhua) &#8212; El primer ministro chino, Li Qiang, asistir\u00e1 a la ceremonia inaugural de la VII Exposici\u00f3n Internacional de Importaciones de China (CIIE, por sus siglas en ingl\u00e9s), as\u00ed como a eventos relevantes, y pronunciar\u00e1 un discurso, anunci\u00f3 hoy domingo un portavoz. La VII CIIE se celebrar\u00e1 del 5 al [&hellip;]<\/p>\n","protected":false},"author":28,"featured_media":0,"comment_status":"closed","ping_status":"closed","sticky":true,"template":"","format":"standard","meta":{"footnotes":""},"categories":[18,23],"tags":[],"class_list":["post-571576","post","type-post","status-publish","format-standard","hentry","category-economia","category-internacional"],"_links":{"self":[{"href":"https:\/\/diariodominicano.com\/index.php?rest_route=\/wp\/v2\/posts\/571576","targetHints":{"allow":["GET"]}}],"collection":[{"href":"https:\/\/diariodominicano.com\/index.php?rest_route=\/wp\/v2\/posts"}],"about":[{"href":"https:\/\/diariodominicano.com\/index.php?rest_route=\/wp\/v2\/types\/post"}],"author":[{"embeddable":true,"href":"https:\/\/diariodominicano.com\/index.php?rest_route=\/wp\/v2\/users\/28"}],"replies":[{"embeddable":true,"href":"https:\/\/diariodominicano.com\/index.php?rest_route=%2Fwp%2Fv2%2Fcomments&post=571576"}],"version-history":[{"count":1,"href":"https:\/\/diariodominicano.com\/index.php?rest_route=\/wp\/v2\/posts\/571576\/revisions"}],"predecessor-version":[{"id":571577,"href":"https:\/\/diariodominicano.com\/index.php?rest_route=\/wp\/v2\/posts\/571576\/revisions\/571577"}],"wp:attachment":[{"href":"https:\/\/diariodominicano.com\/index.php?rest_route=%2Fwp%2Fv2%2Fmedia&parent=571576"}],"wp:term":[{"taxonomy":"category","embeddable":true,"href":"https:\/\/diariodominicano.com\/index.php?rest_route=%2Fwp%2Fv2%2Fcategories&post=571576"},{"taxonomy":"post_tag","embeddable":true,"href":"https:\/\/diariodominicano.com\/index.php?rest_route=%2Fwp%2Fv2%2Ftags&post=571576"}],"curies":[{"name":"wp","href":"https:\/\/api.w.org\/{rel}","templated":true}]}}