{"id":571506,"date":"2024-11-03T00:48:01","date_gmt":"2024-11-03T04:48:01","guid":{"rendered":"https:\/\/diariodominicano.com\/?p=571506"},"modified":"2024-11-03T00:55:49","modified_gmt":"2024-11-03T04:55:49","slug":"cierre-del-ingenio-azucarero-amistad","status":"publish","type":"post","link":"https:\/\/diariodominicano.com\/?p=571506","title":{"rendered":"CIERRE DEL INGENIO AZUCARERO AMISTAD"},"content":{"rendered":"\n<p>El administrador Eduardo Santini con sombrero acompa\u00f1ado de empleados de oficina del Ingenio Amistad.<\/p>\n\n\n\n<figure class=\"wp-block-image size-full\"><img loading=\"lazy\" decoding=\"async\" width=\"640\" height=\"480\" src=\"https:\/\/diariodominicano.com\/wp-content\/uploads\/2024\/11\/15-15-13-14-17-5877303.jpg\" alt=\"\" class=\"wp-image-571509\" srcset=\"https:\/\/diariodominicano.com\/wp-content\/uploads\/2024\/11\/15-15-13-14-17-5877303.jpg 640w, https:\/\/diariodominicano.com\/wp-content\/uploads\/2024\/11\/15-15-13-14-17-5877303-300x225.jpg 300w\" sizes=\"auto, (max-width: 640px) 100vw, 640px\" \/><\/figure>\n\n\n\n<p>Sebasti\u00e1n Del Pilar S\u00e1nchez<\/p>\n\n\n\n<p>En fecha 20 de enero de 1966, alrededor de 250 empleados del ingenio Amistad ocuparon las instalaciones del Consejo Estatal del Az\u00facar (CEA), que entonces ten\u00eda el nombre de Corporaci\u00f3n Azucarera Dominicana (CAD), en el Centro de los H\u00e9roes de la ciudad de Santo Domingo, iniciando en su interior una inusual huelga de hambre por su reapertura.<\/p>\n\n\n\n<figure class=\"wp-block-image size-full\"><img loading=\"lazy\" decoding=\"async\" width=\"720\" height=\"701\" src=\"https:\/\/diariodominicano.com\/wp-content\/uploads\/2024\/11\/Artemio-Cabrera-encabeza-lucha-por-la-reapartura-del-Ingenio-Amistad.jpg\" alt=\"\" class=\"wp-image-571511\" srcset=\"https:\/\/diariodominicano.com\/wp-content\/uploads\/2024\/11\/Artemio-Cabrera-encabeza-lucha-por-la-reapartura-del-Ingenio-Amistad.jpg 720w, https:\/\/diariodominicano.com\/wp-content\/uploads\/2024\/11\/Artemio-Cabrera-encabeza-lucha-por-la-reapartura-del-Ingenio-Amistad-300x292.jpg 300w\" sizes=\"auto, (max-width: 720px) 100vw, 720px\" \/><\/figure>\n\n\n\n<p>Esta empresa hab\u00eda sido cerrada el 19 de marzo de 1964 durante la gesti\u00f3n del Triunvirato, primer gobierno despu\u00e9s de la muerte de Trujillo que se plante\u00f3 el objetivo de privatizar los negocios que pertenecieron al dictador, para favorecer a los grupos de la oligarqu\u00eda criolla que les serv\u00edan de sost\u00e9n.<\/p>\n\n\n\n<p>El consejo de administraci\u00f3n del CEA, encabezado por su director ejecutivo, Jos\u00e9 Antonio Jim\u00e9nez, exager\u00f3 las dificultades financieras de la instalaci\u00f3n ca\u00f1era que operaba en la secci\u00f3n de P\u00e9rez, municipio de Imbert, provincia de Puerto Plata y era la principal fuente de empleos &nbsp;y sostenimiento econ\u00f3mico de m\u00e1s de 25 mil personas.<\/p>\n\n\n\n<figure class=\"wp-block-image size-full\"><img loading=\"lazy\" decoding=\"async\" width=\"720\" height=\"645\" src=\"https:\/\/diariodominicano.com\/wp-content\/uploads\/2024\/11\/DIOGENES-ARTEMIO-CABRERA-FRANCISCO-Y-FELIX-MANASES-TORIBIO-LIDERAN-LUCHA-POR-REAPERTURA-DEL-INGENIO-AMISTAD.jpg\" alt=\"\" class=\"wp-image-571513\" srcset=\"https:\/\/diariodominicano.com\/wp-content\/uploads\/2024\/11\/DIOGENES-ARTEMIO-CABRERA-FRANCISCO-Y-FELIX-MANASES-TORIBIO-LIDERAN-LUCHA-POR-REAPERTURA-DEL-INGENIO-AMISTAD.jpg 720w, https:\/\/diariodominicano.com\/wp-content\/uploads\/2024\/11\/DIOGENES-ARTEMIO-CABRERA-FRANCISCO-Y-FELIX-MANASES-TORIBIO-LIDERAN-LUCHA-POR-REAPERTURA-DEL-INGENIO-AMISTAD-300x269.jpg 300w\" sizes=\"auto, (max-width: 720px) 100vw, 720px\" \/><\/figure>\n\n\n\n<p>El CEA emiti\u00f3 una resoluci\u00f3n que aseguraba que era antiecon\u00f3mico, y ese dictamen incorrecto fue rebatido con energ\u00eda por los representantes de los trabajadores, Dionisio Severino y Di\u00f3genes Artemio Cabrera, presidente y miembro de su directiva gremial, quienes propugnaban por la conversi\u00f3n de la empresa en una cooperativa obrera rentable, manejada con t\u00e9cnica empresarial.&nbsp;<\/p>\n\n\n\n<p>Basaban su apreciaci\u00f3n en un an\u00e1lisis sobre el rendimiento del ingenio en una \u00e9poca reciente donde su producci\u00f3n anual fue de sesenta mil sacos de az\u00facar de 260 libras cada uno y se mantuvo operando sin lesionar los puestos de trabajo de 517 obreros que laboraban all\u00ed en cuatro turnos diarios de seis horas, durante el per\u00edodo de zafra.<\/p>\n\n\n\n<p>Severino y Cabrera censuraron la resoluci\u00f3n de clausura del ingenio porque estaba siendo ejecutada de modo indolente y cruel, debido al empecinamiento de la direcci\u00f3n ejecutiva del CEA en violentar los contratos de trabajo; pue se lleg\u00f3 hasta un extremo en que las prestaciones laborales s\u00f3lo les fueron concedidas a 30 empleados de oficina, una medida discriminatoria e injusta que provocaba la justificada resistencia de la mayor\u00eda de los trabajadores renuentes a ser tirados a las calles.<\/p>\n\n\n\n<p>Por eso, el 11 de noviembre de 1964, con la asesor\u00eda del l\u00edder provincial de la filial puertoplate\u00f1a de la Confederaci\u00f3n Aut\u00f3noma de Sindicatos Cristianos (CASC), sindicalista Pedro Peralta hijo, se convoc\u00f3 a una gran reuni\u00f3n con los trabajadores, donde se les exhort\u00f3 a permanecer unidos y \u201c<em>echar la pelea hasta el final en defensa de sus puestos de trabajo<\/em>\u201d.<\/p>\n\n\n\n<figure class=\"wp-block-image size-full\"><img loading=\"lazy\" decoding=\"async\" width=\"720\" height=\"460\" src=\"https:\/\/diariodominicano.com\/wp-content\/uploads\/2024\/11\/Los-oficinistas-Joaquin-Trejo-de-pies-Ventura-Sanchez-Anibal-Cabrera-Mauricio-Reyes-y-Jose-Orlando-Sanchez.jpg\" alt=\"\" class=\"wp-image-571515\" srcset=\"https:\/\/diariodominicano.com\/wp-content\/uploads\/2024\/11\/Los-oficinistas-Joaquin-Trejo-de-pies-Ventura-Sanchez-Anibal-Cabrera-Mauricio-Reyes-y-Jose-Orlando-Sanchez.jpg 720w, https:\/\/diariodominicano.com\/wp-content\/uploads\/2024\/11\/Los-oficinistas-Joaquin-Trejo-de-pies-Ventura-Sanchez-Anibal-Cabrera-Mauricio-Reyes-y-Jose-Orlando-Sanchez-300x192.jpg 300w\" sizes=\"auto, (max-width: 720px) 100vw, 720px\" \/><\/figure>\n\n\n\n<p>En esta asamblea los oradores negaron que los obreros tuviesen culpas en las presuntas p\u00e9rdidas econ\u00f3micas del central azucarero, ante decenas de mujeres y ni\u00f1os que se arremolinaron solidarios en torno al recinto, gritando hasta el cansancio: \u201c<em>\u00a1Que no se cierre el ingenio porque moriremos de hambre<\/em>!\u201d.<\/p>\n\n\n\n<p>Sin embargo, ese gran esfuerzo no bastar\u00eda para retrasar la aplicaci\u00f3n de la desagradable disposici\u00f3n del CEA, cuyo objetivo final era consumar la orden del Triunvirato con la privatizaci\u00f3n de ese central azucarero. Era una decisi\u00f3n irreversible del poder pol\u00edtico que no se frenar\u00eda pese a que en los medios de prensa se multiplicaba la voz de la ciudadan\u00eda exigiendo su revisi\u00f3n y postergaci\u00f3n.<\/p>\n\n\n\n<p>De ah\u00ed que el gobierno se mantuviera inmutable y soslayara el insistente reclamo p\u00fablico y el impacto de la grandiosa movilizaci\u00f3n de masas realizada en las inmediaciones de la empresa el martes 5 de enero de 1965, en protesta por el traslado de algunas de sus maquinarias hacia la regi\u00f3n Este del pa\u00eds, para ser usadas en otras dependencias del CEA.<\/p>\n\n\n\n<p>Pero dice un antiguo refr\u00e1n que: \u201c<em>No hay mal que dure cien a\u00f1os ni cuerpo que lo resista<\/em>\u201d, y esta sentencia popular cobrar\u00eda vigencia la tarde del 24 de abril de 1965, al caer el r\u00e9gimen de facto a consecuencia del alzamiento iniciado por un grupo de j\u00f3venes oficiales del ej\u00e9rcito dominicano liderado por el capit\u00e1n Mario Pe\u00f1a Taveras, con la participaci\u00f3n de j\u00f3venes imberte\u00f1os como Arismendy Aguedito Ulloa, Miguel Dorrejo y Ubaldo Brito Dom\u00ednguez, que se desplazaron hasta Santo Domingo para integrarse a los comandos constitucionalistas y defender con fervor patrio la independencia nacional.&nbsp;<\/p>\n\n\n\n<figure class=\"wp-block-image size-full\"><img loading=\"lazy\" decoding=\"async\" width=\"274\" height=\"184\" src=\"https:\/\/diariodominicano.com\/wp-content\/uploads\/2024\/11\/images-1.jpg\" alt=\"\" class=\"wp-image-571520\"\/><\/figure>\n\n\n\n<p>La acci\u00f3n b\u00e9lica gener\u00f3 una pausa obligada de la demanda reivindicativa sindical, porque era prioridad en ese momento la resistencia popular inspirada en el pensamiento de Duarte y la lucha contra la invasi\u00f3n extranjera. Pero cuando retorn\u00f3 la paz, con la firma del \u201cActa de Reconciliaci\u00f3n\u201d y la instauraci\u00f3n del gobierno provisional del doctor H\u00e9ctor Rafael Garc\u00eda-Godoy, se reanud\u00f3 el activismo obrero, tomando un s\u00fabito br\u00edo la protesta de los trabajadores contra el cierre del ingenio Amistad.&nbsp;<\/p>\n\n\n\n<p>Ese movimiento fue impulsado por un desagradable espect\u00e1culo presenciado por los moradores del pueblo en los primeros d\u00edas del nuevo gobierno. Era la deprimente visi\u00f3n del transporte continuo en camiones del CEA de las varas de ca\u00f1a cortadas en sus ca\u00f1averales, que -desde la secci\u00f3n de P\u00e9rez-, eran llevadas a moler hasta los ingenios azucareros situados en los municipios de Esperanza y Montellano.<\/p>\n\n\n\n<p>Aquel panorama irritante motiv\u00f3 a los l\u00edderes del sindicato a tocar las puertas de los funcionarios progresistas designados por Garc\u00eda-Godoy, con la esperanza de que fuesen receptivos a sus reclamos reivindicativos.<\/p>\n\n\n\n<figure class=\"wp-block-image size-full\"><img loading=\"lazy\" decoding=\"async\" width=\"375\" height=\"240\" src=\"https:\/\/diariodominicano.com\/wp-content\/uploads\/2024\/11\/191568-focus-0-0-375-240-1.jpg\" alt=\"\" class=\"wp-image-571523\" srcset=\"https:\/\/diariodominicano.com\/wp-content\/uploads\/2024\/11\/191568-focus-0-0-375-240-1.jpg 375w, https:\/\/diariodominicano.com\/wp-content\/uploads\/2024\/11\/191568-focus-0-0-375-240-1-300x192.jpg 300w\" sizes=\"auto, (max-width: 375px) 100vw, 375px\" \/><\/figure>\n\n\n\n<p>El CEA ten\u00eda como nuevo director ejecutivo al ingeniero Jean Santoni, experto azucarero, quien estaba acompa\u00f1ado de dos j\u00f3venes profesionales con una s\u00f3lida formaci\u00f3n t\u00e9cnico-profesional y que ten\u00edan -por dem\u00e1s- la ventaja de conocer la problem\u00e1tica social del pa\u00eds por ser altos e influyentes dirigentes del partido blanco. Nos referimos al licenciado Jacobo Majluta Azar, gerente financiero y al doctor Manuel Emilio Ledesma P\u00e9rez, gerente de relaciones industriales, quienes junto al gerente de producci\u00f3n del emporio azucarero, Jos\u00e9 A. Gonz\u00e1lez, se interesaron en conocer y escudri\u00f1ar a fondo la realidad del ingenio Amistad.<\/p>\n\n\n\n<p>Estos acordaron con los voceros de los trabajadores, Dionisio Severino y Di\u00f3genes Artemio Cabrera, consultar al Instituto de Desarrollo y Cr\u00e9dito Cooperativo (IDECOOP) en torno a una carta que le enviara el sindicato obrero, redactada por el t\u00e9cnico electricista Vicente Mart\u00ednez, requiriendo su opini\u00f3n sobre la factibilidad de convertir el central azucarero en una cooperativa obrera que tuviese la capacidad de ejecutar en un per\u00edodo de 150 d\u00edas de molienda el procesamiento de unas 60 mil toneladas largas de ca\u00f1a, para producir alrededor de seis mil toneladas cortas de az\u00facar.<\/p>\n\n\n\n<p>En esa actividad se encontraban cuando el 20 de enero de 1966, unos 250 obreros procedentes del municipio de Imbert viajaron a la ciudad de Santo Domingo y &nbsp;se introdujeron en las oficinas administrativas del CEA, en el Centro de los H\u00e9roe, para dar inicio &nbsp;una huelga de hambre que durar\u00eda tres d\u00edas, exigiendo la reapertura del ingenio. Estaban ah\u00ed, entre otros, los hermanos M\u00e1ximo y Juan Ventura Cruz, los tambi\u00e9n hermanos Virgilio y Pedro Antonio Cruz Rosa; Antonio Cabrera, Mateo Senci\u00f3n, Ram\u00f3n Rosa, Candelario D\u00edaz, Abelardo Esquea, Saturnino Cruz, Ces\u00e1reo Medina, Bienvenido Morfe, Ra\u00fal D\u00edaz, Bonifacio Senci\u00f3n, Alejandro A. Trejo y Jorge Mart\u00ednez, Jes\u00fas Mar\u00eda Roa, Antonio Medina, Bienvenido Dur\u00e1n, Rosendo Garc\u00eda, Ram\u00f3n Silverio, Felipe Morfe y Jos\u00e9 Mart\u00ednez.<\/p>\n\n\n\n<p>Estos obreros recibieron un efusivo respaldo de la poderosa central sindical FOUPSA-CESITRADO y de POASI, por medio de sus principales dirigentes Miguel Soto, Emilio Morel y Pedro Julio Evangelista, que se constituyeron en voceros de sus peticiones.<\/p>\n\n\n\n<p>A trav\u00e9s del ministro sin cartera, doctor Fidel M\u00e9ndez N\u00fa\u00f1ez, el gobierno del doctor Garc\u00eda Godoy valor\u00f3 sus demandas y un mes m\u00e1s tarde, exactamente el 22 de febrero de 1966, orden\u00f3 reabrir el ingenio que hab\u00eda permanecido paralizado durante quince meses. Su reapertura oficial se llev\u00f3 a efecto durante un acto donde hubo muchas l\u00e1grimas y risas, celebrado el 18 de abril de 1966, encabezado por Majluta Azar, Ledesma P\u00e9rez&nbsp; y Jos\u00e9 A. Gonz\u00e1lez, quienes posesionaron al nuevo administrador, agr\u00f3nomo Jos\u00e9 Rodr\u00edguez Carrasco, quien sustituy\u00f3 al fenecido Francisco Alc\u00e1ntara.<\/p>\n\n\n\n<p>Dicho acto se inici\u00f3 con una misa ma\u00f1anera, oficiada por el cura p\u00e1rroco Benito Taveras en la iglesia Nuestra Se\u00f1ora de Las Mercedes en el municipio de Imbert y prosigui\u00f3 con un almuerzo masivo en la residencia del administrador, donde se brind\u00f3 chivo guisado, cerdo asado y diversas bebidas.&nbsp;<\/p>\n\n\n\n<p>En presencia del gobernador de la provincia de Puerto Plata, Mario Estrada y de los principales ejecutivos del CEA, el nuevo administrador habl\u00f3 para resaltar que \u201c<em>hoy hemos visto convertido en realidad el esfuerzo de los trabajadores del ingenio Amistad para ganar el sustento de sus familias\u201d. A<\/em>segurando que \u00e9ste tendr\u00eda un per\u00edodo de prueba de siete meses y utilizar\u00eda en principio unos 400 obreros en cuatro tandas diarias de seis horas para echar hacia adelante el proyecto de apertura, ya que el \u00e9xito de dicha prueba depender\u00eda del trabajo constante de los obreros.<\/p>\n\n\n\n<p>Igualmente indic\u00f3 que los planes de operaci\u00f3n de la empresa fueron aprobados por el CEA, despu\u00e9s de haber sido coordinados con dirigentes sindicales de la Federaci\u00f3n Nacional de Trabajadores de la Ca\u00f1a de Az\u00facar (FENTRACA) y con las organizaciones laborales que hab\u00edan venido luchando por la reapertura del ingenio.&nbsp;<\/p>\n\n\n\n<p>Al lado del administrador estaban los nuevos funcionarios del ingenio, que eran: Arcadio Luciano, jefe de campo; Ram\u00f3n Antonio Lamarche, auditor y jefe de oficinas; Juan Nurse, jefe de factor\u00eda; C\u00e9sar Gonz\u00e1lez, jefe de mec\u00e1nica industrial; Jos\u00e9 Arturo Francisco D\u00edaz (Pepito), asistente y luego encargado de esa \u00e1rea; Vicente Mart\u00ednez, jefe de electricidad; William Luciano, jefe de mec\u00e1nica automotriz; Aquiles Reyes, jefe de producci\u00f3n; Gricelio Ram\u00edrez, encargado de Almac\u00e9n; y F\u00e9lix Manas\u00e9s Toribio, pesador.<\/p>\n\n\n\n<p>Tambi\u00e9n ocupaban un rol principal, Apolinar Mart\u00ednez (Polin), Chichi Polo, Pedro Jim\u00e9nez, Nen\u00edn Folch, Pachoso Oliver, Evaristo Cruz, Zacar\u00edas de Luna, Porfirio Bonilla, Chico -Mecedora L\u00f3pez, Bruno Cruz, Antonio Morales y Tilo G\u00f3mez.<\/p>\n\n\n\n<p>Carrasco sane\u00f3 el ingenio y lo puso en excelente perspectiva de progreso, aunque su gesti\u00f3n fue muy breve, ya que en 1967 -estando en el poder el doctor Joaqu\u00edn Balaguer- fue incorporado como agr\u00f3nomo a la direcci\u00f3n de fomento y cultivo del sisal en Pueblo Viejo de Azua y su puesto fue ocupado por el agr\u00f3nomo Eduardo -Tokio- Santini Peraza, quien desarrollar\u00eda una larga y provechosa gesti\u00f3n hasta 1978, logrando consolidar la empresa y acrecentar su prestigio personal; pues estaba calificado de excelente gestor de la industria azucarera y con mucha&nbsp; frecuencia era consultado por otros ejecutivos del consorcio estatal y de la Casa Vicini, donde tiempo despu\u00e9s dirigir\u00eda una de sus productivas empresas azucareras.<\/p>\n\n\n\n<p>Este buen ejecutivo descollar\u00eda por su movimiento continuo alrededor de las plantaciones de ca\u00f1a, en una labor de inspecci\u00f3n diaria que realizaba montado en un jeep Land Rover, vestido siempre con camisas y pantalones de color caqui y portando en su cabeza un vistoso sombrero de vaquero que acentuaba su perfil de gran se\u00f1or y dirigente incansable.<\/p>\n\n\n\n<p>Santini contaba con un gran equipo de agr\u00f3nomos, t\u00e9cnicos agr\u00edcolas, mec\u00e1nicos y oficinistas, entre los que se encontraban Henry Fontanillas, To\u00f1ito Tejada (adquirido de la casa Brugal), Juan Nurse,&nbsp; Manuel \u00c1lvarez (Chiloto); Mauricio Reyes, Joaqu\u00edn Trejo, An\u00edbal Petronio Cabrera, Pedro Jim\u00e9nez, Zacar\u00edas de Luna, Jos\u00e9 Orlando S\u00e1nchez, Miguel Trejo y Francisco del Pilar S\u00e1nchez (Ventura).<\/p>\n\n\n\n<p>El ingenio contribuy\u00f3 en ese tiempo a la formaci\u00f3n t\u00e9cnica de muchos j\u00f3venes que pasaron por sus talleres para aprender oficios de mec\u00e1nica, electricidad, fresas y tornos, como Tati Mercado, Di\u00f3genes Mart\u00ednez, Rafael Rumaldo, Avispa la Hoz, Rafuche Guzm\u00e1n, Dany Henr\u00edquez, Rafael Liranzo (Papit\u00f3n), C\u00e9sar Gonz\u00e1lez, F\u00e9lix Aquino Henr\u00edquez, Juan Tomas D\u00edaz, Tony Morales Collado, Miguel Polanco, Luis Tomas Alc\u00e1ntara, Andr\u00e9s Parra, G\u00fcicho Santos, Jimini\u00e1n y Pedrito el ingl\u00e9s.<\/p>\n\n\n\n<p>Sebastian del pilar<\/p>\n\n\n\n<p>Sebastian del pilar ()<\/p>\n\n\n\n<p><a href=\"mailto:sebastiandelpilar@gmail.com\" target=\"_blank\" rel=\"noreferrer noopener\">sebastiandelpilar@gmail.com<\/a><\/p>\n\n\n\n<p>#INGENIO AZUCARERO AMISTAD\u2003\u2003\u2003#Cierre <\/p>\n\n\n\n<p>#Diariodominicano.com<\/p>\n\n\n\n<p><\/p>\n","protected":false},"excerpt":{"rendered":"<p>El administrador Eduardo Santini con sombrero acompa\u00f1ado de empleados de oficina del Ingenio Amistad. Sebasti\u00e1n Del Pilar S\u00e1nchez En fecha 20 de enero de 1966, alrededor de 250 empleados del ingenio Amistad ocuparon las instalaciones del Consejo Estatal del Az\u00facar (CEA), que entonces ten\u00eda el nombre de Corporaci\u00f3n Azucarera Dominicana (CAD), en el Centro de [&hellip;]<\/p>\n","protected":false},"author":28,"featured_media":571507,"comment_status":"closed","ping_status":"closed","sticky":true,"template":"","format":"standard","meta":{"footnotes":""},"categories":[18,26,27],"tags":[],"class_list":["post-571506","post","type-post","status-publish","format-standard","has-post-thumbnail","hentry","category-economia","category-efemerides","category-portada"],"_links":{"self":[{"href":"https:\/\/diariodominicano.com\/index.php?rest_route=\/wp\/v2\/posts\/571506","targetHints":{"allow":["GET"]}}],"collection":[{"href":"https:\/\/diariodominicano.com\/index.php?rest_route=\/wp\/v2\/posts"}],"about":[{"href":"https:\/\/diariodominicano.com\/index.php?rest_route=\/wp\/v2\/types\/post"}],"author":[{"embeddable":true,"href":"https:\/\/diariodominicano.com\/index.php?rest_route=\/wp\/v2\/users\/28"}],"replies":[{"embeddable":true,"href":"https:\/\/diariodominicano.com\/index.php?rest_route=%2Fwp%2Fv2%2Fcomments&post=571506"}],"version-history":[{"count":5,"href":"https:\/\/diariodominicano.com\/index.php?rest_route=\/wp\/v2\/posts\/571506\/revisions"}],"predecessor-version":[{"id":571532,"href":"https:\/\/diariodominicano.com\/index.php?rest_route=\/wp\/v2\/posts\/571506\/revisions\/571532"}],"wp:featuredmedia":[{"embeddable":true,"href":"https:\/\/diariodominicano.com\/index.php?rest_route=\/wp\/v2\/media\/571507"}],"wp:attachment":[{"href":"https:\/\/diariodominicano.com\/index.php?rest_route=%2Fwp%2Fv2%2Fmedia&parent=571506"}],"wp:term":[{"taxonomy":"category","embeddable":true,"href":"https:\/\/diariodominicano.com\/index.php?rest_route=%2Fwp%2Fv2%2Fcategories&post=571506"},{"taxonomy":"post_tag","embeddable":true,"href":"https:\/\/diariodominicano.com\/index.php?rest_route=%2Fwp%2Fv2%2Ftags&post=571506"}],"curies":[{"name":"wp","href":"https:\/\/api.w.org\/{rel}","templated":true}]}}