{"id":571488,"date":"2024-11-03T00:25:34","date_gmt":"2024-11-03T04:25:34","guid":{"rendered":"https:\/\/diariodominicano.com\/?p=571488"},"modified":"2024-11-03T00:26:54","modified_gmt":"2024-11-03T04:26:54","slug":"autoridades-penitenciarias-reportan-activan-comite-de-mitigacion-de-riesgos-ante-posibles-efectos-de-vaguada-incide-sobre-rd","status":"publish","type":"post","link":"https:\/\/diariodominicano.com\/?p=571488","title":{"rendered":"Autoridades penitenciarias reportan activan Comit\u00e9 de Mitigaci\u00f3n de Riesgos ante posibles efectos de vaguada incide sobre RD"},"content":{"rendered":"\n<p><strong>SANTO DOMINGO, Rep\u00fablica Dominicana.<\/strong>&#8211; La Direcci\u00f3n General de Servicios Penitenciarios y Correccionales inform\u00f3 el s\u00e1bado\u2002que activ\u00f3 el Comit\u00e9 de Mitigaci\u00f3n y Riesgos ante posibles incidencias de vaguadas en Rep\u00fablica Dominicana durante el fin de semana.<\/p>\n\n\n\n<p>Las autoridades del sistema penitenciario dispusieron la activaci\u00f3n de su \u201cPlan de Contingencia\u201d y de manera inmediata se tomaron las acciones necesarias a fin de evitar da\u00f1os materiales y p\u00e9rdidas de vidas humanas, en los centros de correcci\u00f3n y rehabilitaci\u00f3n que podr\u00edan ser afectados con las lluvias.<\/p>\n\n\n\n<p>Mediante un comunicado de prensa, Roberto Hern\u00e1ndez Basilio, director general de la Direcci\u00f3n General de Servicios Penitenciarios y Correccionales (DGSPC), dijo que en el Comit\u00e9 de Mitigaci\u00f3n de Riesgos trabaja para garantizar la seguridad de los privados de libertad, las infraestructuras y los activos de la instituci\u00f3n.<\/p>\n\n\n\n<p>Se instruy\u00f3, adem\u00e1s, que el Comit\u00e9 de Mitigaci\u00f3n de Riesgos de la instituci\u00f3n se mantenga en sesi\u00f3n permanente y dando seguimiento a los boletines que emiten los organismos de emergencia en las provincias afectadas con las lluvias.<\/p>\n\n\n\n<p>Hern\u00e1ndez Basilio, tambi\u00e9n dispuso que los directores de centros se mantengan en sus puestos de trabajo, para estar atentos a posibles emergencias, resguardando las vidas de los privados de libertad y la del personal administrativo, apegados a las recomendaciones de los organismos de socorro de sus provincias, as\u00ed como instruy\u00f3 a estos a mantenerse en contacto permanente con las autoridades provinciales.<\/p>\n\n\n\n<p>El director general de la DGSPC, a trav\u00e9s del Comit\u00e9 de Mitigaci\u00f3n de Riesgos, tambi\u00e9n instruy\u00f3 a los directores de centros penitenciarios a proteger los bienes e infraestructuras ante las condiciones clim\u00e1ticas que se podr\u00eda presentar el pa\u00eds.<\/p>\n\n\n\n<p>Adem\u00e1s de Hern\u00e1ndez Basilio, el Comit\u00e9 de Mitigaci\u00f3n de Riesgos est\u00e1 integrado por los directores de \u00e1reas, Cal\u00edope Malena Coronado, encargada de Planificaci\u00f3n y Desarrollo; Julio Garc\u00eda, coordinador del Despacho; V\u00edctor de la Paz, subdirector Administrativo; Frania Navarro, encargada de Tratamiento y \u00c1ngela Santos, de Recursos Humanos.<\/p>\n\n\n\n<p>Tambi\u00e9n lo integran \u00c1ngelo Fr\u00edas, consultor Jur\u00eddico; Noem\u00ed Herrera, subdirectora de Comunicaciones; el coronel Manuel Polanco Hern\u00e1ndez, subdirector de Seguridad; Yeni Olga Hern\u00e1ndez, directora de Centros, y Amado Cabrera, director interino para el Medio Libre.<\/p>\n\n\n\n<p>En el \u00faltimo informe del Comit\u00e9 de Operaciones de Emergencia (COE), se inform\u00f3 que las provincias que se encuentran bajo la alerta amarilla est\u00e1n, Puerto Plata, Mar\u00eda Trinidad S\u00e1nchez, Espaillat, Hato Mayor, El Seibo y Saman\u00e1.<\/p>\n\n\n\n<p>En tanto que en alerta verde est\u00e1n Santo Domingo, Distrito Nacional, La Vega, Monte Cristi, Duarte, Hermanas Mirabal y La Altagracia.<\/p>\n\n\n\n<p>En tal sentido, el \u201cPlan de Contingencia para la Temporada Cicl\u00f3nica\u201d fue activado desde el 1 de noviembre 2024, esto a los fines de establecer los lineamientos necesarios para abordar las amenazas que se suscitan en el marco de este tipo de eventos atmosf\u00e9ricos.<\/p>\n\n\n\n<p>Este plan esta descrito en el marco de una terminolog\u00eda com\u00fan que permita el buen uso del documento y la caracterizaci\u00f3n de las amenazas, seg\u00fan la recurrencia y vulnerabilidad en nuestra instituci\u00f3n.<strong><\/strong><\/p>\n\n\n\n<p><strong>Direcci\u00f3n General de Comunicaci\u00f3n, Prensa, y RRPP<\/strong><strong><\/strong><\/p>\n\n\n\n<p>Ministerio P\u00fablico.&nbsp;R.D.<\/p>\n\n\n\n<p>S\u00e1bado, 2 de noviembre de 2024<\/p>\n\n\n\n<p>#Autoridades penitenciarias\u2003\u2003\u2003#Hernandez Basilio\u2003\u2003\u2003\u2003<\/p>\n","protected":false},"excerpt":{"rendered":"<p>SANTO DOMINGO, Rep\u00fablica Dominicana.&#8211; La Direcci\u00f3n General de Servicios Penitenciarios y Correccionales inform\u00f3 el s\u00e1bado\u2002que activ\u00f3 el Comit\u00e9 de Mitigaci\u00f3n y Riesgos ante posibles incidencias de vaguadas en Rep\u00fablica Dominicana durante el fin de semana. Las autoridades del sistema penitenciario dispusieron la activaci\u00f3n de su \u201cPlan de Contingencia\u201d y de manera inmediata se tomaron las [&hellip;]<\/p>\n","protected":false},"author":28,"featured_media":463321,"comment_status":"closed","ping_status":"closed","sticky":true,"template":"","format":"standard","meta":{"footnotes":""},"categories":[24,29,27],"tags":[],"class_list":["post-571488","post","type-post","status-publish","format-standard","has-post-thumbnail","hentry","category-justicia-y-derecho","category-policiasucesos","category-portada"],"_links":{"self":[{"href":"https:\/\/diariodominicano.com\/index.php?rest_route=\/wp\/v2\/posts\/571488","targetHints":{"allow":["GET"]}}],"collection":[{"href":"https:\/\/diariodominicano.com\/index.php?rest_route=\/wp\/v2\/posts"}],"about":[{"href":"https:\/\/diariodominicano.com\/index.php?rest_route=\/wp\/v2\/types\/post"}],"author":[{"embeddable":true,"href":"https:\/\/diariodominicano.com\/index.php?rest_route=\/wp\/v2\/users\/28"}],"replies":[{"embeddable":true,"href":"https:\/\/diariodominicano.com\/index.php?rest_route=%2Fwp%2Fv2%2Fcomments&post=571488"}],"version-history":[{"count":1,"href":"https:\/\/diariodominicano.com\/index.php?rest_route=\/wp\/v2\/posts\/571488\/revisions"}],"predecessor-version":[{"id":571497,"href":"https:\/\/diariodominicano.com\/index.php?rest_route=\/wp\/v2\/posts\/571488\/revisions\/571497"}],"wp:featuredmedia":[{"embeddable":true,"href":"https:\/\/diariodominicano.com\/index.php?rest_route=\/wp\/v2\/media\/463321"}],"wp:attachment":[{"href":"https:\/\/diariodominicano.com\/index.php?rest_route=%2Fwp%2Fv2%2Fmedia&parent=571488"}],"wp:term":[{"taxonomy":"category","embeddable":true,"href":"https:\/\/diariodominicano.com\/index.php?rest_route=%2Fwp%2Fv2%2Fcategories&post=571488"},{"taxonomy":"post_tag","embeddable":true,"href":"https:\/\/diariodominicano.com\/index.php?rest_route=%2Fwp%2Fv2%2Ftags&post=571488"}],"curies":[{"name":"wp","href":"https:\/\/api.w.org\/{rel}","templated":true}]}}