{"id":57148,"date":"2020-11-01T23:43:50","date_gmt":"2020-11-01T23:43:50","guid":{"rendered":"http:\/\/diariodominicano.ddns.net\/?p=57148"},"modified":"2020-11-01T23:43:50","modified_gmt":"2020-11-01T23:43:50","slug":"se-rompe-alianza-de-horacio-vasquez-y-federico-velasquez","status":"publish","type":"post","link":"https:\/\/diariodominicano.com\/?p=57148","title":{"rendered":"Se rompe alianza de Horacio V\u00e1squez y Federico Vel\u00e1squez"},"content":{"rendered":"<p><body><\/p>\n<p><img decoding=\"async\" src=\"img3\/FedericoV04.jpg.jpg\" \/><br \/><img decoding=\"async\" src=\"img3\/Vasquez005.jpg.jpg\" \/>  <\/p>\n<p><strong>Diariodominicano.com<\/strong><\/p>\n<p><strong>Se rompe alianza de Horacio V\u00e1squez y Federico Vel\u00e1squez<\/strong><\/p>\n<p><strong>  Federico Vel\u00e1squez dej\u00f3 las funciones de Vicepresidente en protesta por el proyecto reeleccionista que promov\u00eda el Presidente Horacio V\u00e1squez, quien asumi\u00f3 el poder en  1924.<\/strong><\/p>\n<p><strong>Por H\u00e9ctor Tineo Nolasco<\/strong><\/p>\n<p><strong>Diariodominicano.com<\/strong><\/p>\n<\/p>\n<p><strong>SANTO DOMINGO, el  2 de noviembre de 1928<\/strong>, se conoci\u00f3 la informaci\u00f3n del rompimiento definitivo entre el Presidente de la Rep\u00fablica, Horacio V\u00e1squez, y el vicepresidente Federico Vel\u00e1squez, quien renunci\u00f3 al cargo.<\/p>\n<\/p>\n<p>   <strong> Federico Vel\u00e1squez dej\u00f3 las funciones de Vicepresidente en protesta por el proyecto reeleccionista que promov\u00eda el Presidente Horacio V\u00e1squez, quien asumi\u00f3 el poder en  1924.<\/strong><\/p>\n<p><strong> <\/strong><\/p>\n<p>   Su vacante fue llenada por el ciudadano Jos\u00e9 Dolores Alfonseca, quien manten\u00eda diferencias con el jefe del Ej\u00e9rcito Nacional, general  Rafael Le\u00f3nidas Trujillo Molina.<\/p>\n<\/p>\n<p>    Federico Vel\u00e1squez Hern\u00e1ndez, era uno de los pol\u00edticos influyentes  que ten\u00eda Rep\u00fablica Dominicana,  en el momento que enfrent\u00f3 a Horacio V\u00e1squez por sus planes de seguir en el poder.<\/p>\n<\/p>\n<p>    Hab\u00eda nacido el 2 de febrero de 1868 en Tamboril, hijo de Jacinto Vel\u00e1squez  y Eduvigis Hern\u00e1ndez. Fue formado en la educaci\u00f3n hostosiana.<\/p>\n<\/p>\n<p>     En 1930 logr\u00f3 el apoyo de antiguos horacistas para presentarse como candidato presidencial, pero tuvo que retirar su candidatura, porque el Ej\u00e9rcito desat\u00f3 una campa\u00f1a de represi\u00f3n para dejar el camino limpio al general retirado Rafael Le\u00f3nidas Trujillo Molina.<\/p>\n<\/p>\n<p>    Al tomar el poder Trujillo, Federico Vel\u00e1squez  viaj\u00f3 a Puerto  Rico, donde muri\u00f3 el 26 de julio de 1934.<\/p>\n<\/p>\n<p>    Horacio V\u00e1squez debi\u00f3  salir del poder en el a\u00f1o 1928, pero por medio de subterfugios legales prolong\u00f3 su mandato. Fue  derrocado por un movimiento que encabezaron hombres que fueron de su confianza como el general Trujillo y el licenciado Rafael Estrella Ure\u00f1a. <\/p>\n<\/p>\n<p>    Los dos se unieron en una conspiraci\u00f3n que termin\u00f3 con el derrocamiento del Presidente Horacio V\u00e1squez.<\/p>\n<\/p>\n<p>    Un informe da cuenta de que el 23 de Febrero de 1930, Rafael Estrella Ure\u00f1a y sus partidarios, secundados por Desiderio Arias  y El\u00edas Brache, antiguos dirigentes del jimenismo, dieron inicio al plan para acabar con el Gobierno de Horacio V\u00e1squez.<\/p>\n<\/p>\n<p>   El general Jos\u00e9 Estrella, t\u00edo de Rafael Estrella Ure\u00f1a, atac\u00f3 la Fortaleza San Luis, en Santiago,  y las tropas no hicieron resistencia. De inmediato cientos de hombres armados con rifles suministrados  de manera subrepticia por  el general Trujillo, marcharon a la ciudad de Santo Domingo.<\/p>\n<\/p>\n<p>   Entraron a la Capital a los tres d\u00edas y el Presidente Horacio V\u00e1squez busc\u00f3 asilo en la embajada de Estados Unidos. Despu\u00e9s que el golpe estaba consumado fue que el   presidente V\u00e1squez  se convenci\u00f3 de que hab\u00eda sido traicionado por Trujillo, a quien hab\u00eda ascendido a general de brigada  y designado Jefe del Ej\u00e9rcito Nacional.<\/p>\n<\/p>\n<p>Estrella Ure\u00f1a tambi\u00e9n hab\u00eda sido uno de los  secretarios de Estado de mayor confianza del  Presidente V\u00e1squez, pero se separ\u00f3 de su Gobierno cuando en 1929, el  Presidente de la Rep\u00fablica apoy\u00f3 un movimiento que propugnaba  por su reelecci\u00f3n.<\/p>\n<\/p>\n<p>    El ex Presidente V\u00e1squez muri\u00f3 el 25 de Mayo de 1936, en Tamboril. En ese momento era un hombre sin ninguna incidencia en la vida pol\u00edtica de la Rep\u00fablica Dominicana. <\/p>\n<\/p>\n<\/p>\n<\/p>\n<\/p>\n<\/p>\n<h6> 2020-11-01 23:43:50 <\/h6>\n<p><!--\n<link rel=\"stylesheet\" href=\"css\/bootstrap.min.css\">\n\n\n<ul class=\"pagination\">\n\t    \n\t\n\n<li >\n\t<a href='?page_no=89'>Previous<\/a>\n\t<\/li>\n\n\n       \n    \n\n<li><a href='?page_no=1'>1<\/a><\/li>\n\n\n\n<li><a href='?page_no=2'>2<\/a><\/li>\n\n\n\n<li><a>...<\/a><\/li>\n\n\n\n<li><a href='?page_no=88'>88<\/a><\/li>\n\n\n\n<li><a href='?page_no=89'>89<\/a><\/li>\n\n\n\n<li class='active'><a>90<\/a><\/li>\n\n\n\n<li><a href='?page_no=91'>91<\/a><\/li>\n\n\n\n<li><a href='?page_no=92'>92<\/a><\/li>\n\n\n\n<li><a>...<\/a><\/li>\n\n\n\n<li><a href='?page_no=22911'>22911<\/a><\/li>\n\n\n\n<li><a href='?page_no=22912'>22912<\/a><\/li>\n\n    \n\t\n\n<li >\n\t<a href='?page_no=91'>Next<\/a>\n\t<\/li>\n\n\n    \n\n<li><a href='?page_no=22912'>Last &rsaquo;&rsaquo;<\/a><\/li>\n\n<\/ul>\n\n\n--><br \/>\n<\/body><\/p>\n","protected":false},"excerpt":{"rendered":"<p>Diariodominicano.com Se rompe alianza de Horacio V\u00e1squez y Federico Vel\u00e1squez Federico Vel\u00e1squez dej\u00f3 las funciones de Vicepresidente en protesta por el proyecto reeleccionista que promov\u00eda el Presidente Horacio V\u00e1squez, quien asumi\u00f3 el poder en 1924. Por H\u00e9ctor Tineo Nolasco Diariodominicano.com SANTO DOMINGO, el 2 de noviembre de 1928, se conoci\u00f3 la informaci\u00f3n del rompimiento definitivo [&hellip;]<\/p>\n","protected":false},"author":3,"featured_media":0,"comment_status":"open","ping_status":"open","sticky":false,"template":"","format":"standard","meta":{"footnotes":""},"categories":[21],"tags":[],"class_list":["post-57148","post","type-post","status-publish","format-standard","hentry","category-cultura"],"_links":{"self":[{"href":"https:\/\/diariodominicano.com\/index.php?rest_route=\/wp\/v2\/posts\/57148","targetHints":{"allow":["GET"]}}],"collection":[{"href":"https:\/\/diariodominicano.com\/index.php?rest_route=\/wp\/v2\/posts"}],"about":[{"href":"https:\/\/diariodominicano.com\/index.php?rest_route=\/wp\/v2\/types\/post"}],"author":[{"embeddable":true,"href":"https:\/\/diariodominicano.com\/index.php?rest_route=\/wp\/v2\/users\/3"}],"replies":[{"embeddable":true,"href":"https:\/\/diariodominicano.com\/index.php?rest_route=%2Fwp%2Fv2%2Fcomments&post=57148"}],"version-history":[{"count":0,"href":"https:\/\/diariodominicano.com\/index.php?rest_route=\/wp\/v2\/posts\/57148\/revisions"}],"wp:attachment":[{"href":"https:\/\/diariodominicano.com\/index.php?rest_route=%2Fwp%2Fv2%2Fmedia&parent=57148"}],"wp:term":[{"taxonomy":"category","embeddable":true,"href":"https:\/\/diariodominicano.com\/index.php?rest_route=%2Fwp%2Fv2%2Fcategories&post=57148"},{"taxonomy":"post_tag","embeddable":true,"href":"https:\/\/diariodominicano.com\/index.php?rest_route=%2Fwp%2Fv2%2Ftags&post=57148"}],"curies":[{"name":"wp","href":"https:\/\/api.w.org\/{rel}","templated":true}]}}