{"id":57147,"date":"2020-11-27T17:12:13","date_gmt":"2020-11-27T17:12:13","guid":{"rendered":"http:\/\/diariodominicano.ddns.net\/?p=57147"},"modified":"2020-11-27T17:12:13","modified_gmt":"2020-11-27T17:12:13","slug":"ministro-del-mescyt-y-rector-de-o-m-encabezan-encuentro-de-emprendedores-y-gestores-universitarios","status":"publish","type":"post","link":"https:\/\/diariodominicano.com\/?p=57147","title":{"rendered":"Ministro del MESCYT y rector de O &amp; M encabezan encuentro de emprendedores y gestores universitarios"},"content":{"rendered":"<p><body><\/p>\n<p><img decoding=\"async\" src=\"img3\/Mescyt27-11-20.jpg\" \/>  <\/p>\n<p><span class=\"text1noticias\"> <\/span><\/p>\n<p><span class=\"text1noticias\">diariodominicano.com<\/span><\/p>\n<p><span class=\"text1noticias\"> Santo Domingo, R. D., 27 de de noviembre, 2020.- El ministro de Educaci\u00f3n Superior, Ciencia y Tecnolog\u00eda (MESCYT), doctor Franklin Garc\u00eda Ferm\u00edn, y el rector de la Universidad Dominicana O &amp; M, licenciado Jos\u00e9 Rafael Abinader Corona, encabezaron un encuentro con emprendedores y gestores de centros universitarios de emprendimiento, del que forman parte 25 instituciones de educaci\u00f3n superior, con la finalidad de promover el desarrollo y la b\u00fasqueda de soluciones en la creaci\u00f3n de nuevas empresas e ideas de emprendimiento en el pa\u00eds.<\/span><\/p>\n<p><span class=\"text1noticias\"> <\/span><\/p>\n<p><span class=\"text1noticias\">Garc\u00eda Ferm\u00edn destac\u00f3 que el MESCYT est\u00e1 comprometido con promover una cultura de emprendimiento, mediante la exposici\u00f3n de programas educativos especializados,  gestionando los canales disponibles para asegurar el acceso e inclusi\u00f3n de diversos sectores, incentivando as\u00ed el  emprendimiento como una competencia transversal en la educaci\u00f3n media, t\u00e9cnico- profesional y de adultos.<\/span><\/p>\n<p><span class=\"text1noticias\"> <\/span><\/p>\n<p><span class=\"text1noticias\">\u00abEs necesario responder a los nuevos retos de formar ciudadanos capaces de transformar la sociedad e insertarse en los mercados laborales, convirti\u00e9ndose en agentes de cambio para generar proyectos de triple impacto: econ\u00f3mico, social y medioambiental\u00bb, expres\u00f3.<\/span><\/p>\n<p><span class=\"text1noticias\"> <\/span><\/p>\n<p><span class=\"text1noticias\">Mientras que el viceministro Genaro Rodr\u00edguez Mart\u00ednez, afirm\u00f3 que el encuentro tuvo como objetivo principal realizar un acercamiento con las Instituciones de la Educaci\u00f3n Superior y las nuevas autoridades del MESCYT.<\/span><\/p>\n<p><span class=\"text1noticias\"> <\/span><\/p>\n<p><span class=\"text1noticias\">El funcionario dijo que el MESCYT ha beneficiado a 324 j\u00f3venes emprendedores en 81 proyectos, a trav\u00e9s de la competencia Universitaria de Modelos de Negocios se han capacitado a m\u00e1s de 500 docentes y gestores, por medio de transferencias metodol\u00f3gicas a actores claves del Ecosistema Nacional de Emprendimiento.<\/span><\/p>\n<p><span class=\"text1noticias\"> <\/span><\/p>\n<p><span class=\"text1noticias\">\u00abDesde el MESCYT trabajamos seg\u00fan los lineamientos de la ley de emprendimiento 688-16 y las iniciativas impulsadas por el cada vez m\u00e1s desarrollado, Ecosistema Nacional de Emprendimiento, siendo nuestro foco el fomento de la mentalidad y la cultura emprendedora\u00bb, subray\u00f3.<\/span><\/p>\n<p><span class=\"text1noticias\"> <\/span><\/p>\n<p><span class=\"text1noticias\">Actualmente unas 25 instituciones de educaci\u00f3n superior fomentan el emprendedurismo y aportan esfuerzos para la creaci\u00f3n de Centros Universitarios de Emprendimiento en sus instalaciones, acompa\u00f1ando a sus estudiantes en el desarrollo de proyectos.<\/span><\/p>\n<p><span class=\"text1noticias\"> <\/span><\/p>\n<p><span class=\"text1noticias\">Durante la actividad fue dictada una charla por el consultor sobre emprendimiento, Luis Conejo.<\/span><\/p>\n<p><span class=\"text1noticias\"> <\/span><\/p>\n<p><span class=\"text1noticias\">En el evento estuvieron presentes los viceministros del MESCYT, Carmen Evarista Mat\u00edas y Carlos Mendieta; el asesor especial, Julio Altagracia; la directora general administrativa y de finanzas, Dory Herrera; la vicerrectora acad\u00e9mica de la Universidad Dominicana O &amp; M, Norma Franco. <\/span><\/p>\n<p><span class=\"text1noticias\"> <\/span><\/p>\n<p><span class=\"text1noticias\">PIE DE FOTO: <\/span><\/p>\n<p><span class=\"text1noticias\">1.-  El ministro Franklin Garc\u00eda Ferm\u00edn y el rector de la Universidad Dominicana O &amp; M, Jos\u00e9 Rafael Abinader Corona, encabezaron un acto con emprendedores de 25 instituciones de educaci\u00f3n superior. <\/span><\/p>\n<p><span class=\"text1noticias\">2.- Los emprendedores destacaron la importancia de eventos que estimulen sus aspiraciones.<\/span><\/p>\n<p><span class=\"text1noticias\"> <\/span><\/p>\n<p><span class=\"text1noticias\">Fuente: Federico Mendez Nova<\/span><\/p>\n<h6> 2020-11-27 17:12:13 <\/h6>\n<p><!--\n<link rel=\"stylesheet\" href=\"css\/bootstrap.min.css\">\n\n\n<ul class=\"pagination\">\n\t    \n\t\n\n<li >\n\t<a href='?page_no=8'>Previous<\/a>\n\t<\/li>\n\n\n       \n    \n\n<li><a href='?page_no=1'>1<\/a><\/li>\n\n\n\n<li><a href='?page_no=2'>2<\/a><\/li>\n\n\n\n<li><a>...<\/a><\/li>\n\n\n\n<li><a href='?page_no=7'>7<\/a><\/li>\n\n\n\n<li><a href='?page_no=8'>8<\/a><\/li>\n\n\n\n<li class='active'><a>9<\/a><\/li>\n\n\n\n<li><a href='?page_no=10'>10<\/a><\/li>\n\n\n\n<li><a href='?page_no=11'>11<\/a><\/li>\n\n\n\n<li><a>...<\/a><\/li>\n\n\n\n<li><a href='?page_no=22911'>22911<\/a><\/li>\n\n\n\n<li><a href='?page_no=22912'>22912<\/a><\/li>\n\n    \n\t\n\n<li >\n\t<a href='?page_no=10'>Next<\/a>\n\t<\/li>\n\n\n    \n\n<li><a href='?page_no=22912'>Last &rsaquo;&rsaquo;<\/a><\/li>\n\n<\/ul>\n\n\n--><br \/>\n<\/body><\/p>\n","protected":false},"excerpt":{"rendered":"<p>diariodominicano.com Santo Domingo, R. D., 27 de de noviembre, 2020.- El ministro de Educaci\u00f3n Superior, Ciencia y Tecnolog\u00eda (MESCYT), doctor Franklin Garc\u00eda Ferm\u00edn, y el rector de la Universidad Dominicana O &amp; M, licenciado Jos\u00e9 Rafael Abinader Corona, encabezaron un encuentro con emprendedores y gestores de centros universitarios de emprendimiento, del que forman parte 25 [&hellip;]<\/p>\n","protected":false},"author":3,"featured_media":0,"comment_status":"open","ping_status":"open","sticky":false,"template":"","format":"standard","meta":{"footnotes":""},"categories":[21],"tags":[],"class_list":["post-57147","post","type-post","status-publish","format-standard","hentry","category-cultura"],"_links":{"self":[{"href":"https:\/\/diariodominicano.com\/index.php?rest_route=\/wp\/v2\/posts\/57147","targetHints":{"allow":["GET"]}}],"collection":[{"href":"https:\/\/diariodominicano.com\/index.php?rest_route=\/wp\/v2\/posts"}],"about":[{"href":"https:\/\/diariodominicano.com\/index.php?rest_route=\/wp\/v2\/types\/post"}],"author":[{"embeddable":true,"href":"https:\/\/diariodominicano.com\/index.php?rest_route=\/wp\/v2\/users\/3"}],"replies":[{"embeddable":true,"href":"https:\/\/diariodominicano.com\/index.php?rest_route=%2Fwp%2Fv2%2Fcomments&post=57147"}],"version-history":[{"count":0,"href":"https:\/\/diariodominicano.com\/index.php?rest_route=\/wp\/v2\/posts\/57147\/revisions"}],"wp:attachment":[{"href":"https:\/\/diariodominicano.com\/index.php?rest_route=%2Fwp%2Fv2%2Fmedia&parent=57147"}],"wp:term":[{"taxonomy":"category","embeddable":true,"href":"https:\/\/diariodominicano.com\/index.php?rest_route=%2Fwp%2Fv2%2Fcategories&post=57147"},{"taxonomy":"post_tag","embeddable":true,"href":"https:\/\/diariodominicano.com\/index.php?rest_route=%2Fwp%2Fv2%2Ftags&post=57147"}],"curies":[{"name":"wp","href":"https:\/\/api.w.org\/{rel}","templated":true}]}}