{"id":571457,"date":"2024-11-02T13:59:00","date_gmt":"2024-11-02T17:59:00","guid":{"rendered":"https:\/\/diariodominicano.com\/?p=571457"},"modified":"2024-11-03T00:01:39","modified_gmt":"2024-11-03T04:01:39","slug":"defensa-civil-de-puerto-plata-anuncia-cierre-de-playas-por-fuerte-oleaje","status":"publish","type":"post","link":"https:\/\/diariodominicano.com\/?p=571457","title":{"rendered":"Defensa\u00a0Civil\u00a0de\u00a0Puerto\u00a0Plata\u00a0anuncia\u00a0cierre\u00a0de\u00a0playas\u00a0por\u00a0fuerte\u00a0oleaje"},"content":{"rendered":"\n<p><strong>Puerto&nbsp;Plata.-<\/strong>&nbsp; La&nbsp;Defensa&nbsp;Civil&nbsp;de esta provincia inform\u00f3 que el Comit\u00e9 de Prevenci\u00f3n, Mitigaci\u00f3n Y Respuesta (CPMR), decidi\u00f3 cerrar todas las&nbsp;playas&nbsp;de como medida preventiva ante el&nbsp;fuerte&nbsp;oleaje&nbsp;y vientos que ocasiona una vaguada en la localidad y otras zonas del pa\u00eds.<\/p>\n\n\n\n<p>El director naranja en la zona, Whascar Garc\u00eda, indic\u00f3 que en todas las&nbsp;playas&nbsp;se coloc\u00f3 bandera roja, adem\u00e1s se realizaron perifoneos preventivos en las comunidades m\u00e1s vulnerables, como parte de las medidas tomadas para preservar la vida de los ba\u00f1istas y vacacionistas.<\/p>\n\n\n\n<p>Se recuerda que, la ma\u00f1ana de este viernes el director ejecutivo de la instituci\u00f3n de socorro, Juan Salas, sostuvo una reuni\u00f3n virtual con los directores provinciales y las gobernadoras de las provincias bajo alerta amarilla y verde, con el prop\u00f3sito de dar seguimientos y coordinar acciones ante las fuertes lluvias que afectan el territorio nacional.<\/p>\n\n\n\n<figure class=\"wp-block-image\"><img decoding=\"async\" src=\"https:\/\/diariodominicano.com\/wp-content\/uploads\/2024\/11\/Defensa-Civil-de-Puerto-Plata-anuncia-cierre-de-playas-por-fuerte-oleaje-2-1024x768.jpeg\" alt=\"\"\/><\/figure>\n\n\n\n<p>\u00abNos mantenemos vigilantes ante cualquier eventualidad que se pueda presentar en las pr\u00f3ximas horas debidos al frente fr\u00edo y las lluvias. Es un compromiso que tenemos como instituci\u00f3n de respuesta y prevenci\u00f3n mantener la sociedad bien informada\u201d, dijo Salas.&nbsp;<\/p>\n\n\n\n<p>En el encuentro virtual, estuvieron presentes adem\u00e1s, representantes de Sup\u00e9rate y del Sistema \u00danico de Beneficiarios (SIUBEN), quienes se sumaron a las labores preventivas.<\/p>\n","protected":false},"excerpt":{"rendered":"<p>Puerto&nbsp;Plata.-&nbsp; La&nbsp;Defensa&nbsp;Civil&nbsp;de esta provincia inform\u00f3 que el Comit\u00e9 de Prevenci\u00f3n, Mitigaci\u00f3n Y Respuesta (CPMR), decidi\u00f3 cerrar todas las&nbsp;playas&nbsp;de como medida preventiva ante el&nbsp;fuerte&nbsp;oleaje&nbsp;y vientos que ocasiona una vaguada en la localidad y otras zonas del pa\u00eds. El director naranja en la zona, Whascar Garc\u00eda, indic\u00f3 que en todas las&nbsp;playas&nbsp;se coloc\u00f3 bandera roja, adem\u00e1s se realizaron [&hellip;]<\/p>\n","protected":false},"author":7,"featured_media":571464,"comment_status":"closed","ping_status":"closed","sticky":false,"template":"","format":"standard","meta":{"footnotes":""},"categories":[20],"tags":[700,699,701],"class_list":["post-571457","post","type-post","status-publish","format-standard","has-post-thumbnail","hentry","category-dominicana-hoy","tag-defensa-civil-2","tag-defensa-civil-de-puerto-plata","tag-puerto-plata-2"],"_links":{"self":[{"href":"https:\/\/diariodominicano.com\/index.php?rest_route=\/wp\/v2\/posts\/571457","targetHints":{"allow":["GET"]}}],"collection":[{"href":"https:\/\/diariodominicano.com\/index.php?rest_route=\/wp\/v2\/posts"}],"about":[{"href":"https:\/\/diariodominicano.com\/index.php?rest_route=\/wp\/v2\/types\/post"}],"author":[{"embeddable":true,"href":"https:\/\/diariodominicano.com\/index.php?rest_route=\/wp\/v2\/users\/7"}],"replies":[{"embeddable":true,"href":"https:\/\/diariodominicano.com\/index.php?rest_route=%2Fwp%2Fv2%2Fcomments&post=571457"}],"version-history":[{"count":1,"href":"https:\/\/diariodominicano.com\/index.php?rest_route=\/wp\/v2\/posts\/571457\/revisions"}],"predecessor-version":[{"id":571466,"href":"https:\/\/diariodominicano.com\/index.php?rest_route=\/wp\/v2\/posts\/571457\/revisions\/571466"}],"wp:featuredmedia":[{"embeddable":true,"href":"https:\/\/diariodominicano.com\/index.php?rest_route=\/wp\/v2\/media\/571464"}],"wp:attachment":[{"href":"https:\/\/diariodominicano.com\/index.php?rest_route=%2Fwp%2Fv2%2Fmedia&parent=571457"}],"wp:term":[{"taxonomy":"category","embeddable":true,"href":"https:\/\/diariodominicano.com\/index.php?rest_route=%2Fwp%2Fv2%2Fcategories&post=571457"},{"taxonomy":"post_tag","embeddable":true,"href":"https:\/\/diariodominicano.com\/index.php?rest_route=%2Fwp%2Fv2%2Ftags&post=571457"}],"curies":[{"name":"wp","href":"https:\/\/api.w.org\/{rel}","templated":true}]}}