{"id":571420,"date":"2024-11-02T08:06:56","date_gmt":"2024-11-02T12:06:56","guid":{"rendered":"https:\/\/diariodominicano.com\/?p=571420"},"modified":"2024-11-02T08:21:55","modified_gmt":"2024-11-02T12:21:55","slug":"hoy-es-el-dia-de-la-conmemoracion-de-todos-los-fieles-difuntos","status":"publish","type":"post","link":"https:\/\/diariodominicano.com\/?p=571420","title":{"rendered":"Hoy es el d\u00eda de la \u2018Conmemoraci\u00f3n de Todos los Fieles Difuntos\u2019"},"content":{"rendered":"\n<p>diariodominicano.com<\/p>\n\n\n\n<p>Por <strong>Redacci\u00f3n Central<\/strong>,  Agencia Cat\u00f3lica de Informaciones &#8211; ACI Prensa<\/p>\n\n\n\n<p>Vaticano, 2 de noviembre, 2024.-\u2002Cada 2 de noviembre, la Iglesia Cat\u00f3lica conmemora a todos los fieles difuntos. Es decir, a todos aquellos que han muerto, y que debieron comparecer ante Dios, su misericordia y su justicia. As\u00ed, recordamos a nuestros antepasados, amigos y familiares que nos han dejado, y para quienes abrigamos la esperanza del reencuentro definitivo, en la Presencia de Dios.<\/p>\n\n\n\n<h2 class=\"wp-block-heading\"><strong>Sentido de la conmemoraci\u00f3n<\/strong><\/h2>\n\n\n\n<p>Se\u00f1ala el&nbsp;<em>Martirologio Romano<\/em>:<\/p>\n\n\n\n<p>\u201cConmemoraci\u00f3n de todos los fieles difuntos. La santa Madre Iglesia, despu\u00e9s de su solicitud para celebrar con las debidas alabanzas la dicha de todos sus hijos bienaventurados en el cielo, se interesa ante el Se\u00f1or en favor de las almas de cuantos nos precedieron con el signo de la fe y duermen en la esperanza de la resurrecci\u00f3n, y por todos los difuntos desde el principio del mundo, cuya fe solo Dios conoce, para que, purificados de toda mancha de pecado y asociados a los ciudadanos celestes, puedan gozar de la visi\u00f3n de la felicidad eterna\u201d (elog. del&nbsp;<em>Martirologio Romano<\/em>).<\/p>\n\n\n\n<h2 class=\"wp-block-heading\"><strong>Cementerios y campos santos<\/strong><\/h2>\n\n\n<div class=\"wp-block-image\">\n<figure class=\"alignleft size-full is-resized\"><img loading=\"lazy\" decoding=\"async\" width=\"670\" height=\"503\" src=\"https:\/\/diariodominicano.com\/wp-content\/uploads\/2024\/11\/cementerio-de-Manoguayabo2-11-24.jpg\" alt=\"\" class=\"wp-image-571423\" style=\"width:383px;height:auto\" srcset=\"https:\/\/diariodominicano.com\/wp-content\/uploads\/2024\/11\/cementerio-de-Manoguayabo2-11-24.jpg 670w, https:\/\/diariodominicano.com\/wp-content\/uploads\/2024\/11\/cementerio-de-Manoguayabo2-11-24-300x225.jpg 300w\" sizes=\"auto, (max-width: 670px) 100vw, 670px\" \/><\/figure>\n<\/div>\n\n\n<p>Hoy miles de personas en todo el mundo visitan los cementerios para honrar la memoria de sus seres queridos y de todos aquellos que partieron al encuentro con Dios.<\/p>\n\n\n\n<p>En este d\u00eda la Iglesia toda dedica la liturgia a animar a los fieles a orar por el eterno descanso de quienes han fallecido, con la esperanza de que todos, en \u2018el d\u00eda que no conoce el final\u2019, nos podamos reunir en el amor infinito de Dios.<\/p>\n\n\n\n<h2 class=\"wp-block-heading\"><strong>Caridad, memoria y recogimiento<\/strong><\/h2>\n\n\n\n<p>Constituye una obra de caridad indispensable que quienes a\u00fan peregrinamos en este mundo oremos y hagamos sacrificios u ofrecimientos por las almas del purgatorio, conscientes de que muchos entre quienes nos han precedido necesitan a\u00fan purgar sus faltas para poder gozar de Dios de manera definitiva.<\/p>\n\n\n\n<p>Dice el Santo Padre: \u201cEl recuerdo de los difuntos, el cuidado de los sepulcros y los sufragios son testimonios de confiada esperanza, arraigada en la certeza de que la muerte no es la \u00faltima palabra sobre la suerte humana, puesto que el hombre est\u00e1 destinado a una vida sin l\u00edmites, cuya ra\u00edz y realizaci\u00f3n est\u00e1n en Dios\u201d (Papa Francisco).<\/p>\n\n\n\n<p>Es importante que todos los cat\u00f3licos guardemos el debido respeto en los cementerios y campos santos. Ciertamente, hay una diversidad de costumbres presentes y arraigadas, que pueden o no ser parte de lo que se denomina la Piedad Popular. Como fuere, esta conmemoraci\u00f3n no puede ser pretexto para abandonar el recogimiento, la oraci\u00f3n de intercesi\u00f3n o la conciencia de que somos pecadores, y necesitamos todos, vivos y muertos, de la misericordia de Dios.<\/p>\n\n\n\n<h2 class=\"wp-block-heading\"><strong>\u00bfQu\u00e9 m\u00e1s recomienda la Iglesia para hoy?<\/strong><\/h2>\n\n\n\n<p>Recomendables son las oraciones de intercesi\u00f3n ofrecidas a la Virgen Mar\u00eda, de manera especial el Santo Rosario; tambi\u00e9n es bueno pedir la intercesi\u00f3n de los santos a trav\u00e9s de novenas u oraciones votivas; y, finalmente, no debemos olvidar que toda oraci\u00f3n debe estar acompa\u00f1ada de obras de caridad o peque\u00f1os sacrificios de la vida cotidiana como, por ejemplo, la limosna, esto es, compartir nuestros bienes con los m\u00e1s necesitados.<\/p>\n\n\n\n<p>Una menci\u00f3n aparte merece la asistencia a la Santa Misa. Si bien en la mayor\u00eda de lugares no es d\u00eda de precepto o d\u00eda de guardar, la celebraci\u00f3n eucar\u00edstica es \u201cla oraci\u00f3n por excelencia\u00bb. Eso no puede ser pasado por alto. Ofrezcamos la Santa Misa por nuestros difuntos.<\/p>\n\n\n\n<p>Tambi\u00e9n es muy recomendable averiguar y poner en pr\u00e1ctica las distintas alternativas que da la Iglesia universal o las Iglesias locales para obtener la Indulgencia Plenaria por los difuntos fallecidos sin las debidas asistencias espirituales.<\/p>\n\n\n\n<h2 class=\"wp-block-heading\"><strong>Indulgencia plenaria por la Conmemoraci\u00f3n de Todos los Fieles Difuntos<\/strong><\/h2>\n\n\n\n<p>La Penitenciar\u00eda Apost\u00f3lica del Vaticano otorga, todos los a\u00f1os, las facilidades para obtener la indulgencia plenaria en el D\u00eda de los Fieles Difuntos, que hoy, jueves 2 de noviembre, celebramos. Es una hermosa oportunidad para que, con la cooperaci\u00f3n de los miembros de la Iglesia peregrinante en la tierra, muchas almas necesitadas puedan ser rescatadas del purgatorio.<\/p>\n\n\n\n<p><\/p>\n\n\n\n<p>\u2026<\/p>\n","protected":false},"excerpt":{"rendered":"<p>diariodominicano.com Por Redacci\u00f3n Central, Agencia Cat\u00f3lica de Informaciones &#8211; ACI Prensa Vaticano, 2 de noviembre, 2024.-\u2002Cada 2 de noviembre, la Iglesia Cat\u00f3lica conmemora a todos los fieles difuntos. Es decir, a todos aquellos que han muerto, y que debieron comparecer ante Dios, su misericordia y su justicia. As\u00ed, recordamos a nuestros antepasados, amigos y familiares [&hellip;]<\/p>\n","protected":false},"author":5,"featured_media":571421,"comment_status":"closed","ping_status":"closed","sticky":true,"template":"","format":"standard","meta":{"footnotes":""},"categories":[21,20,27],"tags":[],"class_list":["post-571420","post","type-post","status-publish","format-standard","has-post-thumbnail","hentry","category-cultura","category-dominicana-hoy","category-portada"],"_links":{"self":[{"href":"https:\/\/diariodominicano.com\/index.php?rest_route=\/wp\/v2\/posts\/571420","targetHints":{"allow":["GET"]}}],"collection":[{"href":"https:\/\/diariodominicano.com\/index.php?rest_route=\/wp\/v2\/posts"}],"about":[{"href":"https:\/\/diariodominicano.com\/index.php?rest_route=\/wp\/v2\/types\/post"}],"author":[{"embeddable":true,"href":"https:\/\/diariodominicano.com\/index.php?rest_route=\/wp\/v2\/users\/5"}],"replies":[{"embeddable":true,"href":"https:\/\/diariodominicano.com\/index.php?rest_route=%2Fwp%2Fv2%2Fcomments&post=571420"}],"version-history":[{"count":2,"href":"https:\/\/diariodominicano.com\/index.php?rest_route=\/wp\/v2\/posts\/571420\/revisions"}],"predecessor-version":[{"id":571424,"href":"https:\/\/diariodominicano.com\/index.php?rest_route=\/wp\/v2\/posts\/571420\/revisions\/571424"}],"wp:featuredmedia":[{"embeddable":true,"href":"https:\/\/diariodominicano.com\/index.php?rest_route=\/wp\/v2\/media\/571421"}],"wp:attachment":[{"href":"https:\/\/diariodominicano.com\/index.php?rest_route=%2Fwp%2Fv2%2Fmedia&parent=571420"}],"wp:term":[{"taxonomy":"category","embeddable":true,"href":"https:\/\/diariodominicano.com\/index.php?rest_route=%2Fwp%2Fv2%2Fcategories&post=571420"},{"taxonomy":"post_tag","embeddable":true,"href":"https:\/\/diariodominicano.com\/index.php?rest_route=%2Fwp%2Fv2%2Ftags&post=571420"}],"curies":[{"name":"wp","href":"https:\/\/api.w.org\/{rel}","templated":true}]}}