{"id":571406,"date":"2024-11-02T01:50:29","date_gmt":"2024-11-02T05:50:29","guid":{"rendered":"https:\/\/diariodominicano.com\/?p=571406"},"modified":"2024-11-02T01:50:35","modified_gmt":"2024-11-02T05:50:35","slug":"china-espera-lograr-acuerdo-en-conversaciones-con-ue-sobre-investigacion-antisubsidios-de-vehiculos-electricos-dice-ministerio-de-comercio","status":"publish","type":"post","link":"https:\/\/diariodominicano.com\/?p=571406","title":{"rendered":"China espera lograr acuerdo en conversaciones con UE sobre investigaci\u00f3n antisubsidios de veh\u00edculos el\u00e9ctricos, dice Ministerio de Comercio"},"content":{"rendered":"\n<p><em>spanish.news.cn<\/em>|<em>&nbsp;2024-11-01 23:46:30<\/em>|<\/p>\n\n\n\n<p>BEIJING, 1 nov (Xinhua) &#8212; El Ministerio de Comercio de China dijo hoy viernes que espera una soluci\u00f3n mutuamente aceptable en la nueva etapa de conversaciones sobre el compromiso de precios con la Uni\u00f3n Europea (UE) respecto a la investigaci\u00f3n antisubsidios de la parte europea sobre veh\u00edculos el\u00e9ctricos fabricados en China.<\/p>\n\n\n\n<p>En un comunicado, el Ministerio de Comercio dijo que los equipos t\u00e9cnicos de China y la UE han iniciado inmediatamente una nueva etapa de consultas sobre el compromiso de precios luego de una deliberaci\u00f3n realizada a trav\u00e9s de video el 25 de octubre entre el ministro de Comercio chino, Wang Wentao, y el vicepresidente ejecutivo y comisionado de Comercio de la Comisi\u00f3n Europea, Valdis Dombrovskis.<\/p>\n\n\n\n<p>Despu\u00e9s de una intensa comunicaci\u00f3n, la parte de la UE indic\u00f3 que ir\u00e1 a China para continuar las consultas sobre los contenidos espec\u00edficos del plan, dijo el ministerio.<\/p>\n\n\n\n<p>\u00abChina da la bienvenida a esto y espera que la siguiente fase de consultas siga el principio de pragmatismo y equilibrio para lograr una soluci\u00f3n aceptable para ambas partes\u00bb, se\u00f1al\u00f3 el ministerio.<\/p>\n\n\n\n<p>El 29 de octubre, la UE anunci\u00f3 que hab\u00eda decidido imponer aranceles compensatorios definitivos de hasta 35,3 por ciento a veh\u00edculos el\u00e9ctricos de China durante un per\u00edodo de cinco a\u00f1os.&nbsp;<\/p>\n\n\n\n<p><a href=\"https:\/\/www.facebook.com\/sharer\/sharer.php?u=https:\/\/spanish.xinhuanet.com\/20241101\/62ddd452b4d04b8da412df4985e5a7f0\/c.html\" target=\"_blank\" rel=\"noreferrer noopener\"><\/a>&nbsp;<a href=\"https:\/\/twitter.com\/intent\/tweet?text=%0A%20%20%20%20%20%20%20%20%20%20%20%20%20%20%20%20%20%20%20%20China%20espera%20lograr%20acuerdo%20en%20conversaciones%20con%20UE%20sobre%20investigaci%C3%B3n%20antisubsidios%20de%20veh%C3%ADculos%20el%C3%A9ctricos,%20dice%20Ministerio%20de%20Comercio%0A%20%20%20%20%20%20%20%20%20%20%20%20%20%20%20%20&amp;url=https:\/\/spanish.xinhuanet.com\/20241101\/62ddd452b4d04b8da412df4985e5a7f0\/c.html\" target=\"_blank\" rel=\"noreferrer noopener\"><\/a>&nbsp;<a target=\"_blank\" href=\"https:\/\/service.weibo.com\/share\/share.php?title=%0A%20%20%20%20%20%20%20%20%20%20%20%20%20%20%20%20%20%20%20%20China%20espera%20lograr%20acuerdo%20en%20conversaciones%20con%20UE%20sobre%20investigaci%C3%B3n%20antisubsidios%20de%20veh%C3%ADculos%20el%C3%A9ctricos,%20dice%20Ministerio%20de%20Comercio%0A%20%20%20%20%20%20%20%20%20%20%20%20%20%20%20%20&amp;url=https:\/\/spanish.xinhuanet.com\/20241101\/62ddd452b4d04b8da412df4985e5a7f0\/c.html\" rel=\"noreferrer noopener\"><\/a>&nbsp;<a><\/a><\/p>\n\n\n\n<figure class=\"wp-block-image\"><img decoding=\"async\" src=\"https:\/\/imgs.news.cn\/res\/xhwimg\/spanish\/20170522\/img\/jc-xfa.png\" alt=\"\"\/><\/figure>\n","protected":false},"excerpt":{"rendered":"<p>spanish.news.cn|&nbsp;2024-11-01 23:46:30| BEIJING, 1 nov (Xinhua) &#8212; El Ministerio de Comercio de China dijo hoy viernes que espera una soluci\u00f3n mutuamente aceptable en la nueva etapa de conversaciones sobre el compromiso de precios con la Uni\u00f3n Europea (UE) respecto a la investigaci\u00f3n antisubsidios de la parte europea sobre veh\u00edculos el\u00e9ctricos fabricados en China. En un [&hellip;]<\/p>\n","protected":false},"author":28,"featured_media":0,"comment_status":"closed","ping_status":"closed","sticky":true,"template":"","format":"standard","meta":{"footnotes":""},"categories":[18,23],"tags":[],"class_list":["post-571406","post","type-post","status-publish","format-standard","hentry","category-economia","category-internacional"],"_links":{"self":[{"href":"https:\/\/diariodominicano.com\/index.php?rest_route=\/wp\/v2\/posts\/571406","targetHints":{"allow":["GET"]}}],"collection":[{"href":"https:\/\/diariodominicano.com\/index.php?rest_route=\/wp\/v2\/posts"}],"about":[{"href":"https:\/\/diariodominicano.com\/index.php?rest_route=\/wp\/v2\/types\/post"}],"author":[{"embeddable":true,"href":"https:\/\/diariodominicano.com\/index.php?rest_route=\/wp\/v2\/users\/28"}],"replies":[{"embeddable":true,"href":"https:\/\/diariodominicano.com\/index.php?rest_route=%2Fwp%2Fv2%2Fcomments&post=571406"}],"version-history":[{"count":1,"href":"https:\/\/diariodominicano.com\/index.php?rest_route=\/wp\/v2\/posts\/571406\/revisions"}],"predecessor-version":[{"id":571407,"href":"https:\/\/diariodominicano.com\/index.php?rest_route=\/wp\/v2\/posts\/571406\/revisions\/571407"}],"wp:attachment":[{"href":"https:\/\/diariodominicano.com\/index.php?rest_route=%2Fwp%2Fv2%2Fmedia&parent=571406"}],"wp:term":[{"taxonomy":"category","embeddable":true,"href":"https:\/\/diariodominicano.com\/index.php?rest_route=%2Fwp%2Fv2%2Fcategories&post=571406"},{"taxonomy":"post_tag","embeddable":true,"href":"https:\/\/diariodominicano.com\/index.php?rest_route=%2Fwp%2Fv2%2Ftags&post=571406"}],"curies":[{"name":"wp","href":"https:\/\/api.w.org\/{rel}","templated":true}]}}