{"id":571387,"date":"2024-11-02T01:22:23","date_gmt":"2024-11-02T05:22:23","guid":{"rendered":"https:\/\/diariodominicano.com\/?p=571387"},"modified":"2024-11-02T01:22:26","modified_gmt":"2024-11-02T05:22:26","slug":"eucaristia-en-ny-en-honor-al-profesor-juan-bosch","status":"publish","type":"post","link":"https:\/\/diariodominicano.com\/?p=571387","title":{"rendered":"Eucarist\u00eda en NY en honor al Profesor Juan Bosch"},"content":{"rendered":"\n<p><strong><em>El PLD en Nueva York<\/em><\/strong><em>&nbsp;y la Fundaci\u00f3n Juan Bosch USA rinden tributo al Profesor Juan Bosch en el 23 aniversario de su fallecimiento.<\/em><em><\/em><\/p>\n\n\n\n<p><strong>El Partido de la Liberaci\u00f3n Dominicana (PLD) en Nueva York<\/strong>&nbsp;junto a la Fundaci\u00f3n Juan Bosch de Estados Unidos rindi\u00f3 tributo al ex Presidente de la Rep\u00fablica y fundador del PLD, Profesor Juan Bosch, en la fecha del 23 aniversario de su fallecimiento.<\/p>\n\n\n\n<figure class=\"wp-block-image size-large\"><img loading=\"lazy\" decoding=\"async\" width=\"1024\" height=\"679\" src=\"https:\/\/diariodominicano.com\/wp-content\/uploads\/2024\/11\/PLD-en-Nueva-York-2-1024x679.jpeg\" alt=\"\" class=\"wp-image-571389\" srcset=\"https:\/\/diariodominicano.com\/wp-content\/uploads\/2024\/11\/PLD-en-Nueva-York-2-1024x679.jpeg 1024w, https:\/\/diariodominicano.com\/wp-content\/uploads\/2024\/11\/PLD-en-Nueva-York-2-300x199.jpeg 300w, https:\/\/diariodominicano.com\/wp-content\/uploads\/2024\/11\/PLD-en-Nueva-York-2-768x509.jpeg 768w, https:\/\/diariodominicano.com\/wp-content\/uploads\/2024\/11\/PLD-en-Nueva-York-2-1536x1019.jpeg 1536w, https:\/\/diariodominicano.com\/wp-content\/uploads\/2024\/11\/PLD-en-Nueva-York-2-816x541.jpeg 816w, https:\/\/diariodominicano.com\/wp-content\/uploads\/2024\/11\/PLD-en-Nueva-York-2.jpeg 1600w\" sizes=\"auto, (max-width: 1024px) 100vw, 1024px\" \/><\/figure>\n\n\n\n<p>Los dirigentes del PLD en la urbe norteamericana junto a los directivos de la Fundaci\u00f3n, participaron de una Eucarist\u00eda realizada &nbsp;&nbsp;en la Iglesia Nuestra Se\u00f1ora de La Esperanza, localizada en Washington Heights, en Manhattan, el pasado jueves.<\/p>\n\n\n\n<figure class=\"wp-block-image size-large\"><img loading=\"lazy\" decoding=\"async\" width=\"1024\" height=\"652\" src=\"https:\/\/diariodominicano.com\/wp-content\/uploads\/2024\/11\/PLD-en-Nueva-York-1-1024x652.jpeg\" alt=\"\" class=\"wp-image-571390\" srcset=\"https:\/\/diariodominicano.com\/wp-content\/uploads\/2024\/11\/PLD-en-Nueva-York-1-1024x652.jpeg 1024w, https:\/\/diariodominicano.com\/wp-content\/uploads\/2024\/11\/PLD-en-Nueva-York-1-300x191.jpeg 300w, https:\/\/diariodominicano.com\/wp-content\/uploads\/2024\/11\/PLD-en-Nueva-York-1-768x489.jpeg 768w, https:\/\/diariodominicano.com\/wp-content\/uploads\/2024\/11\/PLD-en-Nueva-York-1-816x520.jpeg 816w, https:\/\/diariodominicano.com\/wp-content\/uploads\/2024\/11\/PLD-en-Nueva-York-1.jpeg 1200w\" sizes=\"auto, (max-width: 1024px) 100vw, 1024px\" \/><\/figure>\n\n\n\n<p>Este 1 de noviembre, d\u00eda de la celebraci\u00f3n de todos los Santos, se produjo en horas de la ma\u00f1ana de ese d\u00eda en el 2001, el fallecimiento de Bosch, noticia que impact\u00f3 al pueblo dominicano, por el alto nivel de identificaci\u00f3n popular con el ex mandatario. &nbsp;<\/p>\n\n\n\n<p>En la ceremonia religiosa se ponderaron los aportes del profesor Juan Bosch en la pol\u00edtica y la literatura que lo han colocado en la inmortalidad.<\/p>\n\n\n\n<p>\u201cLa Dignidad nunca Muere\u201d frase usada en el sepelio del fundador del PLD fue rescatada en esta ceremonia que aglutin\u00f3 la dirigencia pelede\u00edsta de la seccional newyorkima.<\/p>\n\n\n\n<p>Como cada a\u00f1o la Seccional del PLD en Nueva York dice presente junto a la Fundaci\u00f3n Juan Bosch USA, recordando al gran maestro y ejemplar presidente de la Rep\u00fablica.<\/p>\n\n\n\n<p>\u201cUna vez m\u00e1s y en el 23 aniversario de su muerte, el PLD&nbsp;&nbsp; rinde tributo a la memoria del Profesor Juan Bosch, de gran aprecio en la comunidad dominicana en la di\u00e1spora.<\/p>\n\n\n\n<p>A prop\u00f3sito del exterior &nbsp;&nbsp;la seccional de New Jersey program\u00f3 una ofrenda floral ante el busto de Bosch en Paterson, ubicado en Straight y Park Ave. Dominican Way a las 12.00 p.m. del pr\u00f3ximo domingo 3 de noviembre.<\/p>\n\n\n\n<p><strong>SECRETARIA DE COMUNICACIONES<\/strong><\/p>\n\n\n\n<p><strong>01 DE NOVIEMBRE, 2024.-<\/strong><\/p>\n","protected":false},"excerpt":{"rendered":"<p>El PLD en Nueva York&nbsp;y la Fundaci\u00f3n Juan Bosch USA rinden tributo al Profesor Juan Bosch en el 23 aniversario de su fallecimiento. El Partido de la Liberaci\u00f3n Dominicana (PLD) en Nueva York&nbsp;junto a la Fundaci\u00f3n Juan Bosch de Estados Unidos rindi\u00f3 tributo al ex Presidente de la Rep\u00fablica y fundador del PLD, Profesor Juan [&hellip;]<\/p>\n","protected":false},"author":28,"featured_media":571388,"comment_status":"closed","ping_status":"closed","sticky":true,"template":"","format":"standard","meta":{"footnotes":""},"categories":[26,22],"tags":[],"class_list":["post-571387","post","type-post","status-publish","format-standard","has-post-thumbnail","hentry","category-efemerides","category-politica"],"_links":{"self":[{"href":"https:\/\/diariodominicano.com\/index.php?rest_route=\/wp\/v2\/posts\/571387","targetHints":{"allow":["GET"]}}],"collection":[{"href":"https:\/\/diariodominicano.com\/index.php?rest_route=\/wp\/v2\/posts"}],"about":[{"href":"https:\/\/diariodominicano.com\/index.php?rest_route=\/wp\/v2\/types\/post"}],"author":[{"embeddable":true,"href":"https:\/\/diariodominicano.com\/index.php?rest_route=\/wp\/v2\/users\/28"}],"replies":[{"embeddable":true,"href":"https:\/\/diariodominicano.com\/index.php?rest_route=%2Fwp%2Fv2%2Fcomments&post=571387"}],"version-history":[{"count":1,"href":"https:\/\/diariodominicano.com\/index.php?rest_route=\/wp\/v2\/posts\/571387\/revisions"}],"predecessor-version":[{"id":571391,"href":"https:\/\/diariodominicano.com\/index.php?rest_route=\/wp\/v2\/posts\/571387\/revisions\/571391"}],"wp:featuredmedia":[{"embeddable":true,"href":"https:\/\/diariodominicano.com\/index.php?rest_route=\/wp\/v2\/media\/571388"}],"wp:attachment":[{"href":"https:\/\/diariodominicano.com\/index.php?rest_route=%2Fwp%2Fv2%2Fmedia&parent=571387"}],"wp:term":[{"taxonomy":"category","embeddable":true,"href":"https:\/\/diariodominicano.com\/index.php?rest_route=%2Fwp%2Fv2%2Fcategories&post=571387"},{"taxonomy":"post_tag","embeddable":true,"href":"https:\/\/diariodominicano.com\/index.php?rest_route=%2Fwp%2Fv2%2Ftags&post=571387"}],"curies":[{"name":"wp","href":"https:\/\/api.w.org\/{rel}","templated":true}]}}