{"id":571377,"date":"2024-11-02T01:13:48","date_gmt":"2024-11-02T05:13:48","guid":{"rendered":"https:\/\/diariodominicano.com\/?p=571377"},"modified":"2024-11-02T01:18:24","modified_gmt":"2024-11-02T05:18:24","slug":"la-direccion-general-de-servicios-penitenciarios-realiza-jornada-de-salud-para-privados-de-libertad-de-najayo-hombres-mujeres-y-bani","status":"publish","type":"post","link":"https:\/\/diariodominicano.com\/?p=571377","title":{"rendered":"La  Direcci\u00f3n General de Servicios Penitenciarios  realiza jornada de salud para  privados de libertad de Najayo Hombres, Mujeres y Bani"},"content":{"rendered":"\n<p><strong>SANTO DOMINGO (Rep\u00fablica Dominicana).-<\/strong>&nbsp;La Direcci\u00f3n General de Servicios Penitenciarios y Correccionales (DGSPC), a trav\u00e9s de su Departamento de Salud, realiz\u00f3 en los centros de privaci\u00f3n de libertad de Najayo y Ban\u00ed, su segunda jornada de prevenci\u00f3n de c\u00e1ncer de mamas y otras enfermedades cervicouterinas.<\/p>\n\n\n\n<figure class=\"wp-block-image size-large\"><img loading=\"lazy\" decoding=\"async\" width=\"1024\" height=\"671\" src=\"https:\/\/diariodominicano.com\/wp-content\/uploads\/2024\/11\/DGS05928s-1024x671.jpg\" alt=\"\" class=\"wp-image-571380\" srcset=\"https:\/\/diariodominicano.com\/wp-content\/uploads\/2024\/11\/DGS05928s-1024x671.jpg 1024w, https:\/\/diariodominicano.com\/wp-content\/uploads\/2024\/11\/DGS05928s-300x196.jpg 300w, https:\/\/diariodominicano.com\/wp-content\/uploads\/2024\/11\/DGS05928s-768x503.jpg 768w, https:\/\/diariodominicano.com\/wp-content\/uploads\/2024\/11\/DGS05928s-1536x1006.jpg 1536w, https:\/\/diariodominicano.com\/wp-content\/uploads\/2024\/11\/DGS05928s-2048x1341.jpg 2048w, https:\/\/diariodominicano.com\/wp-content\/uploads\/2024\/11\/DGS05928s-816x534.jpg 816w\" sizes=\"auto, (max-width: 1024px) 100vw, 1024px\" \/><\/figure>\n\n\n\n<p>Esta jornada de salud, dirigida por la doctora Gaudy Sisa, coordinadora de salud de la DGSPC, con el apoyo del Servicio Nacional de Salud, fue realizada de manera simult\u00e1nea para los privados de libertad en los Centros de Correcci\u00f3n y Rehabilitaci\u00f3n de Najayo Hombres y Mujeres, as\u00ed como en Ban\u00ed.<\/p>\n\n\n\n<figure class=\"wp-block-image size-large\"><img loading=\"lazy\" decoding=\"async\" width=\"1024\" height=\"648\" src=\"https:\/\/diariodominicano.com\/wp-content\/uploads\/2024\/11\/DGS06054e-1024x648.jpg\" alt=\"\" class=\"wp-image-571382\" srcset=\"https:\/\/diariodominicano.com\/wp-content\/uploads\/2024\/11\/DGS06054e-1024x648.jpg 1024w, https:\/\/diariodominicano.com\/wp-content\/uploads\/2024\/11\/DGS06054e-300x190.jpg 300w, https:\/\/diariodominicano.com\/wp-content\/uploads\/2024\/11\/DGS06054e-768x486.jpg 768w, https:\/\/diariodominicano.com\/wp-content\/uploads\/2024\/11\/DGS06054e-1536x972.jpg 1536w, https:\/\/diariodominicano.com\/wp-content\/uploads\/2024\/11\/DGS06054e-816x517.jpg 816w, https:\/\/diariodominicano.com\/wp-content\/uploads\/2024\/11\/DGS06054e.jpg 1777w\" sizes=\"auto, (max-width: 1024px) 100vw, 1024px\" \/><\/figure>\n\n\n\n<p>La doctora Sisa explic\u00f3, que, mediante este operativo, a las internas le han sido tomadas las muestras de papanicolaou, sonograf\u00eda transvaginal y mamograf\u00eda, en tanto que los hombres han sido asistidos en medicina familiar, general, odontolog\u00eda, oftalmolog\u00eda y urolog\u00eda.<\/p>\n\n\n\n<p>En el caso de las mujeres de Bani y Najayo, fueron trasladadas al Hospital Rafael Moscoso Puello, de Santo Domingo, donde se les practicaron los estudios de lugar, siendo asistidas por el director de dicho centro de salud, el doctor Alex Rodr\u00edguez, y por la subdirectora m\u00e9dica, la doctora Scarlet Camacho, as\u00ed como tambi\u00e9n por la licenciada Yolanda Laurencio, encargada t\u00e9cnica de laboratorios.<\/p>\n\n\n\n<p>En esta jornada de salud, en la que la DGSPC da cumplimiento a lo establecido en el cap\u00edtulo 1, art\u00edculo 5 de la Ley 113-21, que regula el sistema penitenciario, la doctora Sisa ha orientado a las internas e internos sobre la importancia de los estudios realizados y los beneficios de los mismos para la prevenci\u00f3n de enfermedades y para el cuidado de la salud.<\/p>\n\n\n\n<p>En el operativo, con el que se impact\u00f3 a m\u00e1s de 850 internos e internas de estos centros penitenciarios, tambi\u00e9n han brindado su colaboraci\u00f3n los directivos de la DGSPC, entre ellos, Julio Garc\u00eda, coordinador del Despacho del director; Caliope Malena, encargada de Planificaci\u00f3n; Yeni Olga Hern\u00e1ndez, directora interina de Centros, y Frania Navarro, subdirectora de Tratamiento.<\/p>\n\n\n\n<p><strong>Direcci\u00f3n General de Comunicaci\u00f3n, Prensa, y RRPP<\/strong><strong><\/strong><\/p>\n\n\n\n<p>Ministerio P\u00fablico.\u00a0R.D.<\/p>\n\n\n\n<p>#DGSPC\u2003\u2003\u2003\u2003\u2003\u2003\u2003#Najayo Hombres\u2003\u2003\u2003\u00bbmujeres y Bani<\/p>\n","protected":false},"excerpt":{"rendered":"<p>SANTO DOMINGO (Rep\u00fablica Dominicana).-&nbsp;La Direcci\u00f3n General de Servicios Penitenciarios y Correccionales (DGSPC), a trav\u00e9s de su Departamento de Salud, realiz\u00f3 en los centros de privaci\u00f3n de libertad de Najayo y Ban\u00ed, su segunda jornada de prevenci\u00f3n de c\u00e1ncer de mamas y otras enfermedades cervicouterinas. Esta jornada de salud, dirigida por la doctora Gaudy Sisa, coordinadora [&hellip;]<\/p>\n","protected":false},"author":28,"featured_media":571378,"comment_status":"closed","ping_status":"closed","sticky":true,"template":"","format":"standard","meta":{"footnotes":""},"categories":[24,29],"tags":[],"class_list":["post-571377","post","type-post","status-publish","format-standard","has-post-thumbnail","hentry","category-justicia-y-derecho","category-policiasucesos"],"_links":{"self":[{"href":"https:\/\/diariodominicano.com\/index.php?rest_route=\/wp\/v2\/posts\/571377","targetHints":{"allow":["GET"]}}],"collection":[{"href":"https:\/\/diariodominicano.com\/index.php?rest_route=\/wp\/v2\/posts"}],"about":[{"href":"https:\/\/diariodominicano.com\/index.php?rest_route=\/wp\/v2\/types\/post"}],"author":[{"embeddable":true,"href":"https:\/\/diariodominicano.com\/index.php?rest_route=\/wp\/v2\/users\/28"}],"replies":[{"embeddable":true,"href":"https:\/\/diariodominicano.com\/index.php?rest_route=%2Fwp%2Fv2%2Fcomments&post=571377"}],"version-history":[{"count":4,"href":"https:\/\/diariodominicano.com\/index.php?rest_route=\/wp\/v2\/posts\/571377\/revisions"}],"predecessor-version":[{"id":571386,"href":"https:\/\/diariodominicano.com\/index.php?rest_route=\/wp\/v2\/posts\/571377\/revisions\/571386"}],"wp:featuredmedia":[{"embeddable":true,"href":"https:\/\/diariodominicano.com\/index.php?rest_route=\/wp\/v2\/media\/571378"}],"wp:attachment":[{"href":"https:\/\/diariodominicano.com\/index.php?rest_route=%2Fwp%2Fv2%2Fmedia&parent=571377"}],"wp:term":[{"taxonomy":"category","embeddable":true,"href":"https:\/\/diariodominicano.com\/index.php?rest_route=%2Fwp%2Fv2%2Fcategories&post=571377"},{"taxonomy":"post_tag","embeddable":true,"href":"https:\/\/diariodominicano.com\/index.php?rest_route=%2Fwp%2Fv2%2Ftags&post=571377"}],"curies":[{"name":"wp","href":"https:\/\/api.w.org\/{rel}","templated":true}]}}