{"id":571344,"date":"2024-11-02T00:08:51","date_gmt":"2024-11-02T04:08:51","guid":{"rendered":"https:\/\/diariodominicano.com\/?p=571344"},"modified":"2024-11-02T00:09:00","modified_gmt":"2024-11-02T04:09:00","slug":"tamaulipas-mexico-hogar-de-ilustres-dominicanos-1-de-2","status":"publish","type":"post","link":"https:\/\/diariodominicano.com\/?p=571344","title":{"rendered":"TAMAULIPAS, M\u00c9XICO, HOGAR DE ILUSTRES DOMINICANOS ( 1 de 2)"},"content":{"rendered":"\n<p><strong>POR TE\u00d3FILO LAPPOT ROBLES<\/strong><\/p>\n\n\n\n<p>Tamaulipas, M\u00e9xico, es uno de los territorios de Am\u00e9rica donde m\u00e1s quedaron marcadas las huellas de dominicanos sobresalientes que tuvieron que marchar en el pasado hacia el exilio, en una dura inmigraci\u00f3n que implic\u00f3 desarraigo de su tierra natal.<\/p>\n\n\n\n<p>Bien sabido es que al entrar la segunda d\u00e9cada del siglo XIX ocurrieron en lo que hoy es la Rep\u00fablica Dominicana hechos trascendentales que provocaron la salida forzosa de muchos personajes que estuvieron involucrados en el malogrado movimiento independentista de 1821.<\/p>\n\n\n\n<p>Otros les siguieron posteriormente. Varios de ellos se establecieron en Tamaulipas, una vibrante zona situada en el noreste de M\u00e9xico, colindante con el r\u00edo Bravo.<\/p>\n\n\n\n<p>Esa regi\u00f3n mexicana fue uno de los puntos de lucha revolucionaria en la \u00e9poca en que los EE.UU., con la fuerza de las armas, estaban expandiendo su geograf\u00eda a costa de su vecino de la frontera sur, al cual despojaron de lo que ahora son Texas, Nuevo M\u00e9xico, California, Oklahoma, Arizona y no poco de Colorado, Nevada y Utah.<\/p>\n\n\n\n<p>En Tamaulipas naci\u00f3 un ni\u00f1o que lleg\u00f3 a ser presidente de M\u00e9xico, siendo sus progenitores una dominicana exiliada all\u00ed, de la cual hablar\u00e9 luego, y un mexicano de padre dominicano.<\/p>\n\n\n\n<p>En efecto, entre los dominicanos que se asentaron en Tamaulipas voy a mencionar en esta corta serie, a tres: 1) Jos\u00e9 N\u00fa\u00f1ez de C\u00e1ceres. 2) Sim\u00f3n de Portes, cuyo papel protag\u00f3nico en la vida p\u00fablica de Tamaulipas merece resaltarse y 3) Adelaida Gil, la madre dominicana del presidente mexicano Emilio C\u00e1ndido Portes Gil.<\/p>\n\n\n\n<p><strong>&nbsp;&nbsp;&nbsp;&nbsp;&nbsp;&nbsp;&nbsp;&nbsp;&nbsp;&nbsp;&nbsp;&nbsp;&nbsp;&nbsp;&nbsp;&nbsp;&nbsp;&nbsp; Jos\u00e9 N\u00fa\u00f1ez de C\u00e1ceres Albor en Tamaulipas<\/strong><\/p>\n\n\n\n<p>Luego del conocido fracaso de la Independencia ideada y dirigida por el Dr. Jos\u00e9 N\u00fa\u00f1ez de C\u00e1ceres, iniciada el primero de diciembre de 1821 y aniquilada por la ocupaci\u00f3n haitiana que el s\u00e1bado 9 de febrero del a\u00f1o siguiente tom\u00f3 el control de la actual Rep\u00fablica Dominicana, qued\u00f3 profundamente marcada la vida de ese precursor de la libertad de lo que ya era en s\u00ed el pueblo dominicano.<\/p>\n\n\n\n<p>Ese extraordinario personaje fue expulsado hacia Venezuela en agosto de 1822. All\u00ed particip\u00f3 en diferentes actividades que iban desde la divulgaci\u00f3n cultural hasta actividades armadas. Particip\u00f3 activamente en la conocida Revoluci\u00f3n de los Morrocoyes, iniciada el 30 de abril de 1826 en la ciudad de Valencia, ubicada en el centro de ese pa\u00eds.<\/p>\n\n\n\n<p>Fue muy cercano al principal dirigente del referido proceso separatista (que tambi\u00e9n se conoce en la historia venezolana como La Cosiata), el influyente general Jos\u00e9 Antonio P\u00e1ez. Las convulsiones sociales y las discordias personales entre varios jefes pol\u00edticos y militares de la Venezuela de entonces motivaron que N\u00fa\u00f1ez de C\u00e1ceres abandonara en el 1827 esa tierra cuya parte norte es ba\u00f1ada por el mar Caribe. Se radic\u00f3 en M\u00e9xico hasta que muri\u00f3.<\/p>\n\n\n\n<p>Vivi\u00f3 en Veracruz, Puebla de Zaragoza (ahora de los \u00c1ngeles), San Luis Potos\u00ed, Ciudad de M\u00e9xico y finalmente fij\u00f3 su residencia permanente en Ciudad Victoria, la capital de Tamaulipas, en la cual comenz\u00f3 como abogado litigante en sus tribunales y prontamente se convirti\u00f3 en un personaje de la vida p\u00fablica.<\/p>\n\n\n\n<p>Cuando s\u00f3lo ten\u00eda tres a\u00f1os de estar viviendo en aquel lugar fue designado titular del ministerio p\u00fablico ante la Suprema Corte de Justicia de referido Estado. Despu\u00e9s lo nombraron en el delicado cargo de tesorero de la Hacienda P\u00fablica, por su conocida honradez y eficiencia en el desempe\u00f1o de funciones p\u00fablicas y privadas.<\/p>\n\n\n\n<p>Luego fue Senador, electo en las elecciones de 1833. Sus m\u00faltiples m\u00e9ritos le valieron que mediante Resoluci\u00f3n el&nbsp; Congreso de Tamaulipas lo declarara el 26 de septiembre del referido a\u00f1o como Ciudadano y Benem\u00e9rito Tamaulipeco. Ya se hab\u00eda transformado de liberal moderado a liberal radical, como resultado de su accionar en la actividad pol\u00edtica y gubernamental en una \u00e9poca en que all\u00ed hab\u00eda una efervescencia pol\u00edtica, especialmente por los vej\u00e1menes del dictador nativo de Veracruz Antonio L\u00f3pez de Santa Anna.<\/p>\n\n\n\n<p>El m\u00e1ximo \u00f3rgano de autoridad (antes llamado cabildo y ahora alcald\u00eda) de la capital del Estado de Tamaulipas, Ciudad Victoria, decidi\u00f3 bautizar con el nombre de Boulevard Jos\u00e9 N\u00fa\u00f1ez de C\u00e1ceres una de sus principales v\u00edas.<\/p>\n\n\n\n<p>Sobre la presencia del Dr. Jos\u00e9 N\u00fa\u00f1ez de C\u00e1ceres en M\u00e9xico escribi\u00f3 con gran acierto un culto dominicano lo siguiente: \u201cEn Tamaulipas se le quer\u00eda y se le respetaba. Protestando de la enajenaci\u00f3n de tierras de M\u00e9xico por parte de los Estados Unidos de Norteam\u00e9rica; enardeciendo el patriotismo con palabras de fuego\u2026\u201d (<strong>Historia de la Cultura Dominicana<\/strong>. Impresora Amigo del Hogar, 2016.P146.Mariano Lebr\u00f3n Savi\u00f1\u00f3n).<\/p>\n\n\n\n<p>El historiador mexicano Octavio Herrera P\u00e9rez, experto en el pasado de Tamaulipas, public\u00f3 un ensayo de gran valor informativo en el cual de manera detallada describe el itinerario de la par\u00e1bola vital del Dr. Jos\u00e9 N\u00fa\u00f1ez de C\u00e1ceres, con \u00e9nfasis en el protagonismo pol\u00edtico y cultural que tuvo durante casi dos d\u00e9cadas en Tamaulipas. <strong>(Tamaulipas y Rep\u00fablica Dominicana: Jos\u00e9 N\u00fa\u00f1ez de C\u00e1ceres<\/strong>. Instituto Tamaulipeco para la Cultura y las Artes, 2013. Octavio Herrera P\u00e9rez).<\/p>\n\n\n\n<p>El 11 de septiembre de 1846, &nbsp;en su casa de Ciudad Victoria, Tamaulipas, falleci\u00f3 el ilustre Dr. Jos\u00e9 N\u00fa\u00f1ez de C\u00e1ceres. &nbsp;Sus restos permanecieron enterrados en el cementerio de esa capital estatal hasta el a\u00f1o 1943.<\/p>\n\n\n\n<p>Por gestiones diplom\u00e1ticas de las autoridades dominicanas el 38 Congreso Constitucional del Estado de Tamaulipas autoriz\u00f3 la exhumaci\u00f3n de sus cenizas y que las mismas fueran trasladadas a la ciudad de Santo Domingo, la tierra donde naci\u00f3.<\/p>\n\n\n\n<p>El d\u00eda 8 de agosto 1943 llegaron a la capital dominicana sus restos mortales en una urna rodeadas de coronas enviadas por diversas instituciones y personalidades de Tamaulipas y del pueblo mexicano en su conjunto.<\/p>\n\n\n\n<p>\u201cY tambi\u00e9n vino, en la hermosa y afelpada urna de caoba\u2026un gran terr\u00f3n mexicano del muy antiguo y monumental cementerio de Ciudad Victoria, con el deseo de las instituciones mexicanas de que esa porci\u00f3n de tierra azteca sea echada en la tumba definitiva del doctor Jos\u00e9 N\u00fa\u00f1ez de C\u00e1ceres\u201d. (<strong>La Naci\u00f3n<\/strong>, 10 de agosto de 1943.Reproducido en <strong>Cl\u00edo<\/strong> No.128, a\u00f1o 1972. Pp109-111).<\/p>\n\n\n\n<p>teofilo lappot<\/p>\n\n\n\n<p>teofilo lappot (De tus contactos de Google)<\/p>\n\n\n\n<p><a target=\"_blank\" href=\"mailto:teofilolappot@gmail.com\" rel=\"noreferrer noopener\">teofilolappot@gmail.com<\/a><\/p>\n","protected":false},"excerpt":{"rendered":"<p>POR TE\u00d3FILO LAPPOT ROBLES Tamaulipas, M\u00e9xico, es uno de los territorios de Am\u00e9rica donde m\u00e1s quedaron marcadas las huellas de dominicanos sobresalientes que tuvieron que marchar en el pasado hacia el exilio, en una dura inmigraci\u00f3n que implic\u00f3 desarraigo de su tierra natal. Bien sabido es que al entrar la segunda d\u00e9cada del siglo XIX [&hellip;]<\/p>\n","protected":false},"author":28,"featured_media":525185,"comment_status":"closed","ping_status":"closed","sticky":true,"template":"","format":"standard","meta":{"footnotes":""},"categories":[21,36,26,19,27],"tags":[],"class_list":["post-571344","post","type-post","status-publish","format-standard","has-post-thumbnail","hentry","category-cultura","category-hombresmujeresycosas","category-efemerides","category-mi-voz","category-portada"],"_links":{"self":[{"href":"https:\/\/diariodominicano.com\/index.php?rest_route=\/wp\/v2\/posts\/571344","targetHints":{"allow":["GET"]}}],"collection":[{"href":"https:\/\/diariodominicano.com\/index.php?rest_route=\/wp\/v2\/posts"}],"about":[{"href":"https:\/\/diariodominicano.com\/index.php?rest_route=\/wp\/v2\/types\/post"}],"author":[{"embeddable":true,"href":"https:\/\/diariodominicano.com\/index.php?rest_route=\/wp\/v2\/users\/28"}],"replies":[{"embeddable":true,"href":"https:\/\/diariodominicano.com\/index.php?rest_route=%2Fwp%2Fv2%2Fcomments&post=571344"}],"version-history":[{"count":1,"href":"https:\/\/diariodominicano.com\/index.php?rest_route=\/wp\/v2\/posts\/571344\/revisions"}],"predecessor-version":[{"id":571346,"href":"https:\/\/diariodominicano.com\/index.php?rest_route=\/wp\/v2\/posts\/571344\/revisions\/571346"}],"wp:featuredmedia":[{"embeddable":true,"href":"https:\/\/diariodominicano.com\/index.php?rest_route=\/wp\/v2\/media\/525185"}],"wp:attachment":[{"href":"https:\/\/diariodominicano.com\/index.php?rest_route=%2Fwp%2Fv2%2Fmedia&parent=571344"}],"wp:term":[{"taxonomy":"category","embeddable":true,"href":"https:\/\/diariodominicano.com\/index.php?rest_route=%2Fwp%2Fv2%2Fcategories&post=571344"},{"taxonomy":"post_tag","embeddable":true,"href":"https:\/\/diariodominicano.com\/index.php?rest_route=%2Fwp%2Fv2%2Ftags&post=571344"}],"curies":[{"name":"wp","href":"https:\/\/api.w.org\/{rel}","templated":true}]}}