{"id":571232,"date":"2024-11-01T23:21:50","date_gmt":"2024-11-02T03:21:50","guid":{"rendered":"https:\/\/diariodominicano.com\/?p=571232"},"modified":"2024-11-01T23:24:00","modified_gmt":"2024-11-02T03:24:00","slug":"el-compromiso-de-samsung-con-el-avance-de-los-objetivos-mundiales-a-traves-de-la-colaboracion-abierta","status":"publish","type":"post","link":"https:\/\/diariodominicano.com\/?p=571232","title":{"rendered":"El compromiso de Samsung con el avance de los Objetivos Mundiales a trav\u00e9s de la colaboraci\u00f3n abierta"},"content":{"rendered":"\n<p><em>Para celebrar el quinto a\u00f1o de asociaci\u00f3n con PNUD, la empresa de tecnolog\u00eda est\u00e1 orgullosa de compartir el impacto y los logros conseguidso a trav\u00e9s de los programas con la Comunidad Galaxy.<\/em><\/p>\n\n\n\n<p><strong>Santo Domingo, RD. Noviembre 2024.-&nbsp;<\/strong>Samsung Electronics cree que los peque\u00f1os esfuerzos pueden tener un gran impacto, especialmente cuando se colabora con socios con ideas afines. Durante los \u00faltimos cinco a\u00f1os, Samsung y el Programa de las Naciones Unidas para el Desarrollo (PNUD) han trabajado juntos con un objetivo com\u00fan \u2014&nbsp;aprovechar la tecnolog\u00eda para lograr un cambio global.<\/p>\n\n\n\n<p>En el centro de esta misi\u00f3n est\u00e1 la creencia en el potencial de los j\u00f3venes, en particular de los millennials y la Generaci\u00f3n Z. Como ciudadanos globales conocedores de la tecnolog\u00eda, su optimismo y convicci\u00f3n impulsan el progreso en cuestiones como el cambio clim\u00e1tico y la igualdad social. Con las herramientas y plataformas adecuadas, tienen el poder de influir en los responsables pol\u00edticos y las empresas hacia un futuro m\u00e1s sostenible.<\/p>\n\n\n\n<figure class=\"wp-block-image\"><img decoding=\"async\" src=\"https:\/\/diariodominicano.com\/wp-content\/uploads\/2024\/11\/Samsungs-Commitment-to-Advancing-the-Global-Goals-Through-Open-Collaboration-1024x683.jpg\" alt=\"\"\/><\/figure>\n\n\n\n<p>A medida que se aproxima la fecha l\u00edmite de 2030 para los Objetivos de Desarrollo Sostenible (ODS) de las Naciones Unidas, Samsung y PNUD mantienen su compromiso con los Objetivos Mundiales. Ambas organizaciones han logrado avances significativos en la creaci\u00f3n de un impacto en el mundo real dando prioridad a la innovaci\u00f3n. Para celebrar el D\u00eda de las Naciones Unidas, Samsung ha publicado un informe que conmemora nuestros cinco a\u00f1os de relaci\u00f3n y destaca los avances en la sensibilizaci\u00f3n sobre los Objetivos Mundiales a trav\u00e9s de iniciativas como la aplicaci\u00f3n Samsung Global Goals y Generation17.<\/p>\n\n\n\n<p>\u201cCreemos en el poder del esfuerzo colectivo para crear un futuro mejor para las generaciones venideras y en el uso de la tecnolog\u00eda para el bien com\u00fan\u00bb, ha declarado Stephanie Choi, Vicepresidenta Ejecutiva y Directora de Marketing de Mobile eXperience Business de Samsung Electronics. \u00abNuestra asociaci\u00f3n con PNUD en los \u00faltimos cinco a\u00f1os ha sido un paso significativo en este viaje, ya que hemos trabajado juntos para apoyar a los j\u00f3venes agentes de cambio y sensibilizar sobre los Objetivos Mundiales. Estamos agradecidos por la oportunidad de contribuir a un futuro mejor para todos, y esperamos continuar nuestro viaje hacia 2030 con la comunidad Galaxy\u00bb.<\/p>\n\n\n\n<p>\u00abLa \u00fanica manera en que vamos a hacer frente a los mayores desaf\u00edos del mundo es a trav\u00e9s de la cooperaci\u00f3n. Nuestra asociaci\u00f3n con Samsung muestra el poder de la verdadera colaboraci\u00f3n entre los sectores p\u00fablico y privado\u00bb, a\u00f1adi\u00f3 Achim Steiner, Administrador de PNUD. \u201cEstamos orgullosos de los avances que hemos visto tanto en la aplicaci\u00f3n Samsung Global Goals como en la iniciativa Generation17 para empoderar a los j\u00f3venes para avanzar en los ODS. Esperamos continuar y explorar nuevas fronteras en nuestra asociaci\u00f3n para impulsar el desarrollo sostenible en los pr\u00f3ximos a\u00f1os\u00bb.<\/p>\n\n\n\n<p><strong>Aplicaci\u00f3n Samsung Global Goals<\/strong><\/p>\n\n\n\n<p>Dora Rojas <a href=\"mailto:dora@prismgrp.com\">dora@prismgrp.com<\/a> <\/p>\n","protected":false},"excerpt":{"rendered":"<p>Para celebrar el quinto a\u00f1o de asociaci\u00f3n con PNUD, la empresa de tecnolog\u00eda est\u00e1 orgullosa de compartir el impacto y los logros conseguidso a trav\u00e9s de los programas con la Comunidad Galaxy. Santo Domingo, RD. Noviembre 2024.-&nbsp;Samsung Electronics cree que los peque\u00f1os esfuerzos pueden tener un gran impacto, especialmente cuando se colabora con socios con [&hellip;]<\/p>\n","protected":false},"author":7,"featured_media":571253,"comment_status":"closed","ping_status":"closed","sticky":false,"template":"","format":"standard","meta":{"footnotes":""},"categories":[36],"tags":[324],"class_list":["post-571232","post","type-post","status-publish","format-standard","has-post-thumbnail","hentry","category-hombresmujeresycosas","tag-samsung"],"_links":{"self":[{"href":"https:\/\/diariodominicano.com\/index.php?rest_route=\/wp\/v2\/posts\/571232","targetHints":{"allow":["GET"]}}],"collection":[{"href":"https:\/\/diariodominicano.com\/index.php?rest_route=\/wp\/v2\/posts"}],"about":[{"href":"https:\/\/diariodominicano.com\/index.php?rest_route=\/wp\/v2\/types\/post"}],"author":[{"embeddable":true,"href":"https:\/\/diariodominicano.com\/index.php?rest_route=\/wp\/v2\/users\/7"}],"replies":[{"embeddable":true,"href":"https:\/\/diariodominicano.com\/index.php?rest_route=%2Fwp%2Fv2%2Fcomments&post=571232"}],"version-history":[{"count":2,"href":"https:\/\/diariodominicano.com\/index.php?rest_route=\/wp\/v2\/posts\/571232\/revisions"}],"predecessor-version":[{"id":571267,"href":"https:\/\/diariodominicano.com\/index.php?rest_route=\/wp\/v2\/posts\/571232\/revisions\/571267"}],"wp:featuredmedia":[{"embeddable":true,"href":"https:\/\/diariodominicano.com\/index.php?rest_route=\/wp\/v2\/media\/571253"}],"wp:attachment":[{"href":"https:\/\/diariodominicano.com\/index.php?rest_route=%2Fwp%2Fv2%2Fmedia&parent=571232"}],"wp:term":[{"taxonomy":"category","embeddable":true,"href":"https:\/\/diariodominicano.com\/index.php?rest_route=%2Fwp%2Fv2%2Fcategories&post=571232"},{"taxonomy":"post_tag","embeddable":true,"href":"https:\/\/diariodominicano.com\/index.php?rest_route=%2Fwp%2Fv2%2Ftags&post=571232"}],"curies":[{"name":"wp","href":"https:\/\/api.w.org\/{rel}","templated":true}]}}