{"id":571207,"date":"2024-11-01T15:12:32","date_gmt":"2024-11-01T19:12:32","guid":{"rendered":"https:\/\/diariodominicano.com\/?p=571207"},"modified":"2024-11-01T15:12:40","modified_gmt":"2024-11-01T19:12:40","slug":"aumenta-a-205-el-numero-de-muertos-por-inundaciones-en-espana","status":"publish","type":"post","link":"https:\/\/diariodominicano.com\/?p=571207","title":{"rendered":"Aumenta a 205 el n\u00famero de muertos por inundaciones en Espa\u00f1a"},"content":{"rendered":"\n<p>diariodominicano.com<\/p>\n\n\n\n<p>MADRID, 1 nov (Xinhua) &#8212; El n\u00famero de v\u00edctimas mortales de las inundaciones repentinas que devastaron zonas del este y el sur de Espa\u00f1a ascendi\u00f3 a 205 hoy viernes, de acuerdo con el Centro de Operaciones Coordinadas e Integradas de la Comunidad Valenciana. Desde el jueves se han confirmado otras 50 v\u00edctimas mortales, con lo que la cifra total ascendi\u00f3 a 202 en la Comunidad Valenciana. Tres muertes m\u00e1s se registraron en la vecina Castilla-La Mancha y en la regi\u00f3n meridional de Andaluc\u00eda. Los servicios de emergencia contin\u00faan las operaciones de b\u00fasqueda y rescate, y se espera que en las pr\u00f3ximas horas se confirmen m\u00e1s v\u00edctimas mortales. El Gobierno regional valenciano anunci\u00f3 que el Palacio de Congresos de Valencia se utilizar\u00e1 como morgue temporal para albergar los cuerpos de las v\u00edctimas. La inundaci\u00f3n repentina azot\u00f3 el este y el sur de Espa\u00f1a el martes por la noche y la ma\u00f1ana del mi\u00e9rcoles, y en algunas zonas se registraron precipitaciones equivalentes a las de un a\u00f1o en cuatro o cinco horas. La ministra espa\u00f1ola de Defensa, Margarita Robles, confirm\u00f3 hoy que otros 500 miembros de las fuerzas armadas ser\u00e1n desplegados para apoyar en las regiones afectadas. Estos efectivos se unir\u00e1n a los 1.200 ya desplegados, con la ayuda de 400 veh\u00edculos y 15 helic\u00f3pteros de b\u00fasqueda y rescate. \u00abEl Ej\u00e9rcito est\u00e1 aqu\u00ed desde el primer d\u00eda y va a seguir ayudando&#8230; Hay lugares donde hay coches apilados y personas y familias podr\u00edan estar atrapadas dentro\u00bb, se\u00f1al\u00f3 Robles. La compa\u00f1\u00eda de suministro el\u00e9ctrico Iberdrola confirma hoy que m\u00e1s de 23.000 viviendas permanecen sin energ\u00eda, cifra menor a las 130.000 casas afectadas inicialmente por apagones al principio de la cat\u00e1strofe. El Ministerio de Transportes y Movilidad Sostenible de Espa\u00f1a anunci\u00f3 fondos de emergencia por m\u00e1s de 25 millones de euros (27,18 millones de d\u00f3lares) para reparaciones inmediatas en las carreteras afectadas m\u00e1s severamente. Aproximadamente la mitad de esta cantidad se destinar\u00e1 a reparar un viaducto de la autopista A7, que se derrumb\u00f3 parcialmente por las inundaciones, y tambi\u00e9n se han reportado da\u00f1os significativos en las autopistas N-330 y N-322. El jueves, el ministro de Transportes espa\u00f1ol, \u00d3scar Puente, se\u00f1al\u00f3 que la l\u00ednea del tren de alta velocidad entre Madrid y Valencia probablemente estar\u00e1 fuera de servicio durante alrededor de tres semanas debido al derrumbe de dos t\u00faneles en la ruta. Aproximadamente 80 kil\u00f3metros de las l\u00edneas ferroviarias locales han quedado destruidas por las inundaciones. Se confirma hoy que la carrera MotoGP, programada inicialmente para finales de noviembre en el circuito Cheste en las afueras de Valencia, ha sido cancelada debido a la magnitud del da\u00f1o por la inundaci\u00f3n del circuito y las \u00e1reas circundantes. Adem\u00e1s, todos los eventos deportivos programados en la regi\u00f3n de Valencia, incluido el partido de f\u00fatbol de La Liga entre el Valencia y el Real Madrid,se han aplazado debido a que Espa\u00f1a guardar\u00e1 tres d\u00edas de luto oficial.<\/p>\n","protected":false},"excerpt":{"rendered":"<p>diariodominicano.com MADRID, 1 nov (Xinhua) &#8212; El n\u00famero de v\u00edctimas mortales de las inundaciones repentinas que devastaron zonas del este y el sur de Espa\u00f1a ascendi\u00f3 a 205 hoy viernes, de acuerdo con el Centro de Operaciones Coordinadas e Integradas de la Comunidad Valenciana. Desde el jueves se han confirmado otras 50 v\u00edctimas mortales, con [&hellip;]<\/p>\n","protected":false},"author":5,"featured_media":571209,"comment_status":"closed","ping_status":"closed","sticky":true,"template":"","format":"standard","meta":{"footnotes":""},"categories":[23,27],"tags":[],"class_list":["post-571207","post","type-post","status-publish","format-standard","has-post-thumbnail","hentry","category-internacional","category-portada"],"_links":{"self":[{"href":"https:\/\/diariodominicano.com\/index.php?rest_route=\/wp\/v2\/posts\/571207","targetHints":{"allow":["GET"]}}],"collection":[{"href":"https:\/\/diariodominicano.com\/index.php?rest_route=\/wp\/v2\/posts"}],"about":[{"href":"https:\/\/diariodominicano.com\/index.php?rest_route=\/wp\/v2\/types\/post"}],"author":[{"embeddable":true,"href":"https:\/\/diariodominicano.com\/index.php?rest_route=\/wp\/v2\/users\/5"}],"replies":[{"embeddable":true,"href":"https:\/\/diariodominicano.com\/index.php?rest_route=%2Fwp%2Fv2%2Fcomments&post=571207"}],"version-history":[{"count":1,"href":"https:\/\/diariodominicano.com\/index.php?rest_route=\/wp\/v2\/posts\/571207\/revisions"}],"predecessor-version":[{"id":571210,"href":"https:\/\/diariodominicano.com\/index.php?rest_route=\/wp\/v2\/posts\/571207\/revisions\/571210"}],"wp:featuredmedia":[{"embeddable":true,"href":"https:\/\/diariodominicano.com\/index.php?rest_route=\/wp\/v2\/media\/571209"}],"wp:attachment":[{"href":"https:\/\/diariodominicano.com\/index.php?rest_route=%2Fwp%2Fv2%2Fmedia&parent=571207"}],"wp:term":[{"taxonomy":"category","embeddable":true,"href":"https:\/\/diariodominicano.com\/index.php?rest_route=%2Fwp%2Fv2%2Fcategories&post=571207"},{"taxonomy":"post_tag","embeddable":true,"href":"https:\/\/diariodominicano.com\/index.php?rest_route=%2Fwp%2Fv2%2Ftags&post=571207"}],"curies":[{"name":"wp","href":"https:\/\/api.w.org\/{rel}","templated":true}]}}