{"id":571159,"date":"2024-11-01T15:02:01","date_gmt":"2024-11-01T19:02:01","guid":{"rendered":"https:\/\/diariodominicano.com\/?p=571159"},"modified":"2024-11-01T15:09:19","modified_gmt":"2024-11-01T19:09:19","slug":"grupo-puntacana-celebra-su-55-aniversario-con-miras-hacia-un-futuro-sostenido-por-la-innovacion-y-la-expansion","status":"publish","type":"post","link":"https:\/\/diariodominicano.com\/?p=571159","title":{"rendered":"Grupo Puntacana celebra su 55 aniversario, con miras hacia un futuro sostenido por la innovaci\u00f3n y la expansi\u00f3n"},"content":{"rendered":"\n<p>Su trayectoria evidencia su liderazgo empresarial y posicionamiento en la industria tur\u00edstica nacional.<\/p>\n\n\n\n<p><strong>Punta Cana, La Altagracia. \u2013<\/strong>&nbsp;Grupo Puntacana celebra su 55 aniversario reafirmando su legado con una visi\u00f3n clara: impulsar la innovaci\u00f3n y expandir sus operaciones. Esto forma parte de sus estrategias de diversificaci\u00f3n, orientadas a sus pilares fundamentales: crecimiento econ\u00f3mico, desarrollo social y preservaci\u00f3n ambiental.<\/p>\n\n\n\n<figure class=\"wp-block-gallery has-nested-images columns-default is-cropped wp-block-gallery-1 is-layout-flex wp-block-gallery-is-layout-flex\">\n<figure class=\"wp-block-image size-large\"><img loading=\"lazy\" decoding=\"async\" width=\"1024\" height=\"683\" data-id=\"571196\" src=\"https:\/\/diariodominicano.com\/wp-content\/uploads\/2024\/11\/Grupo-Puntacana-celebra-su-55-aniversario-con-miras-hacia-un-futuro-sostenido-por-la-innovacion-y-expansion-1024x683.jpg\" alt=\"\" class=\"wp-image-571196\" srcset=\"https:\/\/diariodominicano.com\/wp-content\/uploads\/2024\/11\/Grupo-Puntacana-celebra-su-55-aniversario-con-miras-hacia-un-futuro-sostenido-por-la-innovacion-y-expansion-1024x683.jpg 1024w, https:\/\/diariodominicano.com\/wp-content\/uploads\/2024\/11\/Grupo-Puntacana-celebra-su-55-aniversario-con-miras-hacia-un-futuro-sostenido-por-la-innovacion-y-expansion-300x200.jpg 300w, https:\/\/diariodominicano.com\/wp-content\/uploads\/2024\/11\/Grupo-Puntacana-celebra-su-55-aniversario-con-miras-hacia-un-futuro-sostenido-por-la-innovacion-y-expansion-768x512.jpg 768w, https:\/\/diariodominicano.com\/wp-content\/uploads\/2024\/11\/Grupo-Puntacana-celebra-su-55-aniversario-con-miras-hacia-un-futuro-sostenido-por-la-innovacion-y-expansion-1536x1024.jpg 1536w, https:\/\/diariodominicano.com\/wp-content\/uploads\/2024\/11\/Grupo-Puntacana-celebra-su-55-aniversario-con-miras-hacia-un-futuro-sostenido-por-la-innovacion-y-expansion-2048x1365.jpg 2048w, https:\/\/diariodominicano.com\/wp-content\/uploads\/2024\/11\/Grupo-Puntacana-celebra-su-55-aniversario-con-miras-hacia-un-futuro-sostenido-por-la-innovacion-y-expansion-816x544.jpg 816w\" sizes=\"auto, (max-width: 1024px) 100vw, 1024px\" \/><\/figure>\n<\/figure>\n\n\n\n<p>La marca, conformada por 12 empresas, es liderada por Frank El\u00edas Rainieri, presidente y CEO; Paola Rainieri, Chief Marketing Officer (CMO); y Francesca Rainieri, Chief Financial Officer (CFO) de Grupo Puntacana. La empresa impulsa el desarrollo de la regi\u00f3n Este a trav\u00e9s de un modelo de negocios \u00fanico, que abarca un aeropuerto, fundaci\u00f3n, hospitalidad, bienes ra\u00edces, servicios y comunidad, educaci\u00f3n y, m\u00e1s recientemente, un centro log\u00edstico y de zona franca.<\/p>\n\n\n\n<figure class=\"wp-block-gallery has-nested-images columns-default is-cropped wp-block-gallery-2 is-layout-flex wp-block-gallery-is-layout-flex\">\n<figure class=\"wp-block-image size-large\"><img loading=\"lazy\" decoding=\"async\" width=\"1024\" height=\"683\" data-id=\"571193\" src=\"https:\/\/diariodominicano.com\/wp-content\/uploads\/2024\/11\/Grupo-Puntacana-celebra-55-aniversario-con-miras-hacia-un-futuro-sostenido-por-la-innovacion-y-la-expansion-1024x683.jpg\" alt=\"\" class=\"wp-image-571193\" srcset=\"https:\/\/diariodominicano.com\/wp-content\/uploads\/2024\/11\/Grupo-Puntacana-celebra-55-aniversario-con-miras-hacia-un-futuro-sostenido-por-la-innovacion-y-la-expansion-1024x683.jpg 1024w, https:\/\/diariodominicano.com\/wp-content\/uploads\/2024\/11\/Grupo-Puntacana-celebra-55-aniversario-con-miras-hacia-un-futuro-sostenido-por-la-innovacion-y-la-expansion-300x200.jpg 300w, https:\/\/diariodominicano.com\/wp-content\/uploads\/2024\/11\/Grupo-Puntacana-celebra-55-aniversario-con-miras-hacia-un-futuro-sostenido-por-la-innovacion-y-la-expansion-768x512.jpg 768w, https:\/\/diariodominicano.com\/wp-content\/uploads\/2024\/11\/Grupo-Puntacana-celebra-55-aniversario-con-miras-hacia-un-futuro-sostenido-por-la-innovacion-y-la-expansion-1536x1024.jpg 1536w, https:\/\/diariodominicano.com\/wp-content\/uploads\/2024\/11\/Grupo-Puntacana-celebra-55-aniversario-con-miras-hacia-un-futuro-sostenido-por-la-innovacion-y-la-expansion-2048x1365.jpg 2048w, https:\/\/diariodominicano.com\/wp-content\/uploads\/2024\/11\/Grupo-Puntacana-celebra-55-aniversario-con-miras-hacia-un-futuro-sostenido-por-la-innovacion-y-la-expansion-816x544.jpg 816w\" sizes=\"auto, (max-width: 1024px) 100vw, 1024px\" \/><\/figure>\n<\/figure>\n\n\n\n<p>Desde sus inicios en 1969, los empresarios norteamericanos que iniciaron el proyecto junto Frank R. Rainieri, tuvieron la visi\u00f3n de desarrollar una comunidad tur\u00edstica respetuosa del medio ambiente y con responsabilidad social, para ofrecer al visitante experiencias \u00fanicas.<\/p>\n\n\n\n<figure class=\"wp-block-gallery has-nested-images columns-default is-cropped wp-block-gallery-3 is-layout-flex wp-block-gallery-is-layout-flex\">\n<figure class=\"wp-block-image size-large\"><img loading=\"lazy\" decoding=\"async\" width=\"1024\" height=\"799\" data-id=\"571198\" src=\"https:\/\/diariodominicano.com\/wp-content\/uploads\/2024\/11\/Grupo-Puntacana-celebra-su-55-aniversario-miras-hacia-un-futuro-sostenido-por-la-innovacion-y-expansion-1024x799.jpg\" alt=\"\" class=\"wp-image-571198\" srcset=\"https:\/\/diariodominicano.com\/wp-content\/uploads\/2024\/11\/Grupo-Puntacana-celebra-su-55-aniversario-miras-hacia-un-futuro-sostenido-por-la-innovacion-y-expansion-1024x799.jpg 1024w, https:\/\/diariodominicano.com\/wp-content\/uploads\/2024\/11\/Grupo-Puntacana-celebra-su-55-aniversario-miras-hacia-un-futuro-sostenido-por-la-innovacion-y-expansion-300x234.jpg 300w, https:\/\/diariodominicano.com\/wp-content\/uploads\/2024\/11\/Grupo-Puntacana-celebra-su-55-aniversario-miras-hacia-un-futuro-sostenido-por-la-innovacion-y-expansion-768x599.jpg 768w, https:\/\/diariodominicano.com\/wp-content\/uploads\/2024\/11\/Grupo-Puntacana-celebra-su-55-aniversario-miras-hacia-un-futuro-sostenido-por-la-innovacion-y-expansion-1536x1199.jpg 1536w, https:\/\/diariodominicano.com\/wp-content\/uploads\/2024\/11\/Grupo-Puntacana-celebra-su-55-aniversario-miras-hacia-un-futuro-sostenido-por-la-innovacion-y-expansion-2048x1598.jpg 2048w, https:\/\/diariodominicano.com\/wp-content\/uploads\/2024\/11\/Grupo-Puntacana-celebra-su-55-aniversario-miras-hacia-un-futuro-sostenido-por-la-innovacion-y-expansion-816x637.jpg 816w\" sizes=\"auto, (max-width: 1024px) 100vw, 1024px\" \/><\/figure>\n<\/figure>\n\n\n\n<p>Desde entonces, el grupo empresarial se sustenta en valores como la responsabilidad empresarial, social y ambiental; la lealtad, la \u00e9tica, la calidad y el servicio. Contin\u00faan apostando al crecimiento de la zona, a su desarrollo integral y al mejoramiento constante de las condiciones de vida de las comunidades que les rodean, ofreciendo oportunidades con acceso a vivienda, salud de calidad, educaci\u00f3n, recreaci\u00f3n y cultura.<\/p>\n\n\n\n<figure class=\"wp-block-gallery has-nested-images columns-default is-cropped wp-block-gallery-4 is-layout-flex wp-block-gallery-is-layout-flex\">\n<figure class=\"wp-block-image size-large\"><img loading=\"lazy\" decoding=\"async\" width=\"1024\" height=\"681\" data-id=\"571199\" src=\"https:\/\/diariodominicano.com\/wp-content\/uploads\/2024\/11\/Grupo-Puntacana-celebra-su-55-aniversario-miras-hacia-un-futuro-sostenido-por-la-innovacion-y-la-expansion-1024x681.jpg\" alt=\"\" class=\"wp-image-571199\" srcset=\"https:\/\/diariodominicano.com\/wp-content\/uploads\/2024\/11\/Grupo-Puntacana-celebra-su-55-aniversario-miras-hacia-un-futuro-sostenido-por-la-innovacion-y-la-expansion-1024x681.jpg 1024w, https:\/\/diariodominicano.com\/wp-content\/uploads\/2024\/11\/Grupo-Puntacana-celebra-su-55-aniversario-miras-hacia-un-futuro-sostenido-por-la-innovacion-y-la-expansion-300x200.jpg 300w, https:\/\/diariodominicano.com\/wp-content\/uploads\/2024\/11\/Grupo-Puntacana-celebra-su-55-aniversario-miras-hacia-un-futuro-sostenido-por-la-innovacion-y-la-expansion-768x511.jpg 768w, https:\/\/diariodominicano.com\/wp-content\/uploads\/2024\/11\/Grupo-Puntacana-celebra-su-55-aniversario-miras-hacia-un-futuro-sostenido-por-la-innovacion-y-la-expansion-1536x1022.jpg 1536w, https:\/\/diariodominicano.com\/wp-content\/uploads\/2024\/11\/Grupo-Puntacana-celebra-su-55-aniversario-miras-hacia-un-futuro-sostenido-por-la-innovacion-y-la-expansion-2048x1363.jpg 2048w, https:\/\/diariodominicano.com\/wp-content\/uploads\/2024\/11\/Grupo-Puntacana-celebra-su-55-aniversario-miras-hacia-un-futuro-sostenido-por-la-innovacion-y-la-expansion-816x543.jpg 816w\" sizes=\"auto, (max-width: 1024px) 100vw, 1024px\" \/><\/figure>\n<\/figure>\n\n\n\n<p>Su Fundaci\u00f3n Puntacana tiene un Centro de Sostenibilidad y un Centro de Innovaci\u00f3n Marino que maneja m\u00e1s de 10 programas de impacto ambiental. Adem\u00e1s, desarrolla proyectos sociales que impactan a las comunidades en el \u00e1rea de salud, educaci\u00f3n, cultura, deportes, desarrollo comunitario y seguridad ciudadana.<\/p>\n\n\n\n<figure class=\"wp-block-gallery has-nested-images columns-default is-cropped wp-block-gallery-5 is-layout-flex wp-block-gallery-is-layout-flex\">\n<figure class=\"wp-block-image size-large\"><img loading=\"lazy\" decoding=\"async\" width=\"1024\" height=\"683\" data-id=\"571195\" src=\"https:\/\/diariodominicano.com\/wp-content\/uploads\/2024\/11\/Grupo-Puntacana-celebra-su-55-aniversario-con-miras-hacia-un-futuro-sostenido-por-innovacion-y-la-expansion-1024x683.jpg\" alt=\"\" class=\"wp-image-571195\" srcset=\"https:\/\/diariodominicano.com\/wp-content\/uploads\/2024\/11\/Grupo-Puntacana-celebra-su-55-aniversario-con-miras-hacia-un-futuro-sostenido-por-innovacion-y-la-expansion-1024x683.jpg 1024w, https:\/\/diariodominicano.com\/wp-content\/uploads\/2024\/11\/Grupo-Puntacana-celebra-su-55-aniversario-con-miras-hacia-un-futuro-sostenido-por-innovacion-y-la-expansion-300x200.jpg 300w, https:\/\/diariodominicano.com\/wp-content\/uploads\/2024\/11\/Grupo-Puntacana-celebra-su-55-aniversario-con-miras-hacia-un-futuro-sostenido-por-innovacion-y-la-expansion-768x512.jpg 768w, https:\/\/diariodominicano.com\/wp-content\/uploads\/2024\/11\/Grupo-Puntacana-celebra-su-55-aniversario-con-miras-hacia-un-futuro-sostenido-por-innovacion-y-la-expansion-1536x1024.jpg 1536w, https:\/\/diariodominicano.com\/wp-content\/uploads\/2024\/11\/Grupo-Puntacana-celebra-su-55-aniversario-con-miras-hacia-un-futuro-sostenido-por-innovacion-y-la-expansion-2048x1365.jpg 2048w, https:\/\/diariodominicano.com\/wp-content\/uploads\/2024\/11\/Grupo-Puntacana-celebra-su-55-aniversario-con-miras-hacia-un-futuro-sostenido-por-innovacion-y-la-expansion-816x544.jpg 816w\" sizes=\"auto, (max-width: 1024px) 100vw, 1024px\" \/><\/figure>\n<\/figure>\n\n\n\n<p><strong>Hitos del 2024<\/strong><\/p>\n\n\n\n<p>Este a\u00f1o, conmemoran 40 a\u00f1os de hitos hist\u00f3ricos del Aeropuerto de Punta Cana y la expansi\u00f3n de la Terminal B. El aeropuerto inici\u00f3 sus operaciones en 1983, siendo el primer aer\u00f3dromo privado de uso comercial internacional en el mundo, manejando el 68% del tr\u00e1fico a\u00e9reo tur\u00edstico del pa\u00eds, conectando con 75 ciudades en 34 pa\u00edses a trav\u00e9s de 58 aerol\u00edneas, movilizando m\u00e1s de 9 millones de pasajeros y transportando m\u00e1s de 25 millones de kilos de carga anualmente. El PUJ dispone de 2 pistas, 33 puertas de embarque, 38 parqueos de aviones y 7 salones VIP.<\/p>\n\n\n\n<p>Adem\u00e1s, celebraron de manera exitosa la d\u00e9cimo quinta (15ta) edici\u00f3n del Carnaval de Punta Cana, la s\u00e9ptima edici\u00f3n del Corales Puntacana Championship, primer evento del PGA TOUR en Rep\u00fablica Dominicana; y firmaron un acuerdo junto a Cheddi Jagan International Airport para la construcci\u00f3n, operaci\u00f3n y administraci\u00f3n conjunta de una nueva terminal aeroportuaria en el Cheddi Jagan International Airport de Guayana.<\/p>\n\n\n\n<p>Su trabajo incansable, enfocado en resultados, les permiti\u00f3 ser reconocidos en 3 categor\u00edas en la decimoprimera entrega de los Latam Digital 2024, que realiza Interlat cada a\u00f1o como reconocimiento a la industria digital en Latinoam\u00e9rica y el Caribe. Tambi\u00e9n, fueron reconocidos por el Ministerio de Trabajo, por segundo a\u00f1o consecutivo, como \u201cempresa de excelencia en materia de Buenas Pr\u00e1cticas de Seguridad y Salud en el Trabajo\u201d, por invertir en la salud y el bienestar de sus empleados, promoviendo un ambiente de trabajo positivo y productivo.<\/p>\n\n\n\n<p><strong>Expansi\u00f3n e Innovaci\u00f3n<\/strong><\/p>\n\n\n\n<p>Actualmente, se encuentra en etapa final la construcci\u00f3n del Punta Cana Free Trade Zone (PCFTZ), un centro log\u00edstico a\u00e9reo, mar\u00edtimo y terrestre con un parque de zona franca, desde donde se albergar\u00e1n operaciones log\u00edsticas de carga y oficinas para el desarrollo del Punta Cana Hub, destinado a la innovaci\u00f3n y desarrollo de empresas Fintech. Con este proyecto se contribuye al crecimiento econ\u00f3mico sostenido de la zona, con la creaci\u00f3n de 10 mil empleos, y posiciona a Punta Cana y Rep\u00fablica Dominicana como l\u00edderes de comercio e inversi\u00f3n extranjera a nivel internacional.<\/p>\n\n\n\n<p>Como parte de la pol\u00edtica de sostenibilidad, est\u00e1n desarrollando junto a la empresa Eurelius un proyecto de generaci\u00f3n de energ\u00eda solar que suministrar\u00e1 m\u00e1s del 50% de la electricidad que consume la comunidad de Punta Cana, contribuyendo as\u00ed al desarrollo de un destino m\u00e1s sostenible, y evitando la emisi\u00f3n de m\u00e1s de 25 mil toneladas de CO2 por a\u00f1o, lo que disminuir\u00e1 el costo energ\u00e9tico.<\/p>\n\n\n\n<p>La empresa contin\u00faa creando empleos de calidad, oportunidades y apostando a la expansi\u00f3n, esta vez, junto a Mac Hotels y Marriott International, con quienes se uni\u00f3 para abrir el W Punta Cana, primer W Hotels en el pa\u00eds, ubicado en Uvero Alto, se preparan para inaugurar una propiedad de lujo todo incluido solo para adultos, uno de los primeros resorts \u201cW all-Inclusive\u201d a nivel mundial, con una inversi\u00f3n de 130 millones de d\u00f3lares que generar\u00e1 600 empleos.<\/p>\n\n\n\n<figure class=\"wp-block-embed\"><div class=\"wp-block-embed__wrapper\">\nhttps:\/\/www.grupopuntacana.com.do\/es\/\n<\/div><\/figure>\n\n\n\n<p><strong>Lujan Acevedo<\/strong><\/p>\n\n\n\n<p>Relaciones P\u00fablicas<strong><br><\/strong><\/p>\n","protected":false},"excerpt":{"rendered":"<p>Su trayectoria evidencia su liderazgo empresarial y posicionamiento en la industria tur\u00edstica nacional. Punta Cana, La Altagracia. \u2013&nbsp;Grupo Puntacana celebra su 55 aniversario reafirmando su legado con una visi\u00f3n clara: impulsar la innovaci\u00f3n y expandir sus operaciones. Esto forma parte de sus estrategias de diversificaci\u00f3n, orientadas a sus pilares fundamentales: crecimiento econ\u00f3mico, desarrollo social y [&hellip;]<\/p>\n","protected":false},"author":7,"featured_media":571197,"comment_status":"closed","ping_status":"closed","sticky":false,"template":"","format":"standard","meta":{"footnotes":""},"categories":[32],"tags":[689],"class_list":["post-571159","post","type-post","status-publish","format-standard","has-post-thumbnail","hentry","category-turismo","tag-grupo-puntacana"],"_links":{"self":[{"href":"https:\/\/diariodominicano.com\/index.php?rest_route=\/wp\/v2\/posts\/571159","targetHints":{"allow":["GET"]}}],"collection":[{"href":"https:\/\/diariodominicano.com\/index.php?rest_route=\/wp\/v2\/posts"}],"about":[{"href":"https:\/\/diariodominicano.com\/index.php?rest_route=\/wp\/v2\/types\/post"}],"author":[{"embeddable":true,"href":"https:\/\/diariodominicano.com\/index.php?rest_route=\/wp\/v2\/users\/7"}],"replies":[{"embeddable":true,"href":"https:\/\/diariodominicano.com\/index.php?rest_route=%2Fwp%2Fv2%2Fcomments&post=571159"}],"version-history":[{"count":1,"href":"https:\/\/diariodominicano.com\/index.php?rest_route=\/wp\/v2\/posts\/571159\/revisions"}],"predecessor-version":[{"id":571204,"href":"https:\/\/diariodominicano.com\/index.php?rest_route=\/wp\/v2\/posts\/571159\/revisions\/571204"}],"wp:featuredmedia":[{"embeddable":true,"href":"https:\/\/diariodominicano.com\/index.php?rest_route=\/wp\/v2\/media\/571197"}],"wp:attachment":[{"href":"https:\/\/diariodominicano.com\/index.php?rest_route=%2Fwp%2Fv2%2Fmedia&parent=571159"}],"wp:term":[{"taxonomy":"category","embeddable":true,"href":"https:\/\/diariodominicano.com\/index.php?rest_route=%2Fwp%2Fv2%2Fcategories&post=571159"},{"taxonomy":"post_tag","embeddable":true,"href":"https:\/\/diariodominicano.com\/index.php?rest_route=%2Fwp%2Fv2%2Ftags&post=571159"}],"curies":[{"name":"wp","href":"https:\/\/api.w.org\/{rel}","templated":true}]}}