{"id":571157,"date":"2024-11-01T13:47:06","date_gmt":"2024-11-01T17:47:06","guid":{"rendered":"https:\/\/diariodominicano.com\/?p=571157"},"modified":"2024-11-01T14:01:11","modified_gmt":"2024-11-01T18:01:11","slug":"dominicanos-en-nyc-sostienen-que-el-trumpismo-emula-el-fascismo-y-nazismo","status":"publish","type":"post","link":"https:\/\/diariodominicano.com\/?p=571157","title":{"rendered":"Dominicanos en NYC sostienen que el Trumpismo emula el fascismo y nazismo"},"content":{"rendered":"\n<p><strong>Por Ram\u00f3n Mercedes<\/strong><\/p>\n\n\n\n<p><strong>NUEVA YORK.-&nbsp;<\/strong>Dominicanos representantes de diversas entidades en esta ciudad sostienen que el Proyecto 2025, especie de manifiesto program\u00e1tico e ideol\u00f3gico para la extrema derecha mundial, conlleva, de acuerdo con la Heritage Fundation, \u201cinstitucionalizar el trump\u00edsmo\u201d.<\/p>\n\n\n\n<p>Se\u00f1alan es lo mismo que convertir, desde el poder y la base de la sociedad, el discurso y la ret\u00f3rica pol\u00edtica de Donald Trump en una nueva teor\u00eda e ideolog\u00eda tal y como result\u00f3 el fascismo, encabezado por Benito Mussolini, y el nazismo liderado por Adolfo Hitler. Es su nuevo paradigma para ver, interpretar y dirigir el mundo, indican.<\/p>\n\n\n\n<p>Exhortan a sus connacionales, y otras etnias, votar el pr\u00f3ximo 5 de noviembre en contra de Trump.<\/p>\n\n\n\n<p>Su narrativa es directa y asimilable, sobre todo entre los sectores sociales m\u00e1s perjudicados por las crisis econ\u00f3micas y por pol\u00edticas p\u00fablicas dise\u00f1adas y aplicadas por las \u00e9lites del poder que solo responden a sus propios intereses.<\/p>\n\n\n\n<p>El \u201ctrump\u00edsmo\u201d est\u00e1 enfocado monol\u00edticamente en Estados Unidos en lograr una alta concentraci\u00f3n de poder en el Ejecutivo, suficiente como para que el presidente act\u00fae como \u201cun dictador\u201d aun sea en su \u201cprimer d\u00eda\u201d en caso de ganar las elecciones, como indic\u00f3 el propio Trump. Se trata de instalar un r\u00e9gimen autocr\u00e1tico, sostienen.<\/p>\n\n\n\n<p>Reestructurar importantes agencias federales se corresponde con su prop\u00f3sito de quebrar el principio muy propio e hist\u00f3rico de la sociedad estadounidense de \u201cchecks and balances\u201d, principio que en su definici\u00f3n pretende evitar el poder tir\u00e1nico centralizado en el presidente.<\/p>\n\n\n\n<p>Est\u00e1n en juego el Estado de derechos y la independencia de agencias como el Departamento de Justicia, Administraci\u00f3n de Alimentos y Medicamentos, Comisi\u00f3n de Bolsa de Valores e incluso la propia permanencia del Departamento de Educaci\u00f3n.&nbsp;<\/p>\n\n\n\n<p>Asimismo, el FBI, agencia clave para la seguridad nacional, corre el riesgo de responder de manera directa al poder omn\u00edmodo del mandatario.<\/p>\n\n\n\n<p>En documento, especifican que la agenda \u201ctrump\u00edsta\u201d est\u00e1 marcadamente a favor de las corporaciones y la poderosa \u00e9lite de multibillonarios de EE. UU.&nbsp;&nbsp;y no oculta su intenci\u00f3n de ayudar a incrementar las obscenas ganancias de Wall Street y cortar impuestos a los ciudadanos con mayor nivel de ingresos.<\/p>\n\n\n\n<p>Mientras, en su reverso apuesta a desaparecer \u201cprotecciones civiles cr\u00edticas\u201d, privatizar servicios p\u00fablicos esenciales y menguar la trascendencia de programas de inmenso valor para los trabajadores y sectores sociales carenciados, ejemplo Medicare, Medicaid y el Seguro Social. He ah\u00ed la tragedia hist\u00f3rica vivida: las ganancias primero para el 1% de la poblaci\u00f3n versus las necesidades humanas del 99%, dicen.<\/p>\n\n\n\n<p>Son mis\u00f3ginos; pretenden perpetuar la restricci\u00f3n y negaci\u00f3n de derechos b\u00e1sicos para la mujer.<\/p>\n\n\n\n<p>La Inmigraci\u00f3n es un tema com\u00fan y rutinario en el discurso de l\u00edderes y candidatos de la extrema derecha internacional. Asumido como un factor negativo de f\u00e1cil \u201cventa\u201d, encuentra adherentes en diversos estratos sociales y votantes en procesos electorales suficientes como para determinar resultados y consolidar poder pol\u00edtico en importantes naciones.<\/p>\n\n\n\n<p>El discurso \u201ctrump\u00edsta\u201d demoniza a los inmigrantes. Propaga que provienen de \u201cpa\u00edses letrinas\u201d, salidos de \u201cmanicomios\u201d, \u201cmiembros de bandas criminales y del narcotr\u00e1fico\u201d; que se comen \u201cnuestras mascotas, gatos, perros\u201d y est\u00e1n \u201cenvenenando la sangre de USA\u201d.&nbsp;<\/p>\n\n\n\n<p>Su xen\u00f3foba visi\u00f3n le lleva a intensificar su repudio a los puertorrique\u00f1os, llegando a catalogar su territorio como una \u201cisla flotante de basura\u201d.<\/p>\n\n\n\n<p>Entre los firmantes figuran: Luis Mayobanex Rodr\u00edguez, activista pol\u00edtico-NY; Fernando Aquino, PhD-NY; Gladys S\u00e1nchez, activista comunitaria en NJ; Estela V\u00e1squez, ex vicepresidenta ejecutiva de la 1199-SEIU; Sussy Lozada, l\u00edder sindical-NY; Iv\u00e1n Dom\u00ednguez, educador, m\u00fasico y folclorista-NY; y Luis \u00c1lvarez-L\u00f3pez, profesor, escritor y miembro de la Academia de la Historia Dominicana-NY.<\/p>\n\n\n\n<p>Asimismo, Maximino Vargas (Carolina del Norte); Jos\u00e9 Miguel N\u00fa\u00f1ez (Pennsylvania); Roberto Reyes (Washington DC); Pavel Gerardo (Florida); Luis Castillo (Boston-Massachusetts), entre otros de diferentes lugares en USA.<\/p>\n","protected":false},"excerpt":{"rendered":"<p>Por Ram\u00f3n Mercedes NUEVA YORK.-&nbsp;Dominicanos representantes de diversas entidades en esta ciudad sostienen que el Proyecto 2025, especie de manifiesto program\u00e1tico e ideol\u00f3gico para la extrema derecha mundial, conlleva, de acuerdo con la Heritage Fundation, \u201cinstitucionalizar el trump\u00edsmo\u201d. Se\u00f1alan es lo mismo que convertir, desde el poder y la base de la sociedad, el discurso [&hellip;]<\/p>\n","protected":false},"author":7,"featured_media":571164,"comment_status":"closed","ping_status":"closed","sticky":false,"template":"","format":"standard","meta":{"footnotes":""},"categories":[23],"tags":[181],"class_list":["post-571157","post","type-post","status-publish","format-standard","has-post-thumbnail","hentry","category-internacional","tag-ramon-mercedes"],"_links":{"self":[{"href":"https:\/\/diariodominicano.com\/index.php?rest_route=\/wp\/v2\/posts\/571157","targetHints":{"allow":["GET"]}}],"collection":[{"href":"https:\/\/diariodominicano.com\/index.php?rest_route=\/wp\/v2\/posts"}],"about":[{"href":"https:\/\/diariodominicano.com\/index.php?rest_route=\/wp\/v2\/types\/post"}],"author":[{"embeddable":true,"href":"https:\/\/diariodominicano.com\/index.php?rest_route=\/wp\/v2\/users\/7"}],"replies":[{"embeddable":true,"href":"https:\/\/diariodominicano.com\/index.php?rest_route=%2Fwp%2Fv2%2Fcomments&post=571157"}],"version-history":[{"count":1,"href":"https:\/\/diariodominicano.com\/index.php?rest_route=\/wp\/v2\/posts\/571157\/revisions"}],"predecessor-version":[{"id":571172,"href":"https:\/\/diariodominicano.com\/index.php?rest_route=\/wp\/v2\/posts\/571157\/revisions\/571172"}],"wp:featuredmedia":[{"embeddable":true,"href":"https:\/\/diariodominicano.com\/index.php?rest_route=\/wp\/v2\/media\/571164"}],"wp:attachment":[{"href":"https:\/\/diariodominicano.com\/index.php?rest_route=%2Fwp%2Fv2%2Fmedia&parent=571157"}],"wp:term":[{"taxonomy":"category","embeddable":true,"href":"https:\/\/diariodominicano.com\/index.php?rest_route=%2Fwp%2Fv2%2Fcategories&post=571157"},{"taxonomy":"post_tag","embeddable":true,"href":"https:\/\/diariodominicano.com\/index.php?rest_route=%2Fwp%2Fv2%2Ftags&post=571157"}],"curies":[{"name":"wp","href":"https:\/\/api.w.org\/{rel}","templated":true}]}}