{"id":570978,"date":"2024-10-31T23:00:48","date_gmt":"2024-11-01T03:00:48","guid":{"rendered":"https:\/\/diariodominicano.com\/?p=570978"},"modified":"2024-10-31T23:02:09","modified_gmt":"2024-11-01T03:02:09","slug":"el-salvador-establece-protecciones-judiciales-para-contingente-militar-enviado-a-haiti","status":"publish","type":"post","link":"https:\/\/diariodominicano.com\/?p=570978","title":{"rendered":"El Salvador establece protecciones judiciales para contingente militar enviado a Hait\u00ed"},"content":{"rendered":"\n<p>ARCHIVO &#8211; Hait\u00ed lucha contra bandas armadas lideradas por el l\u00edder pandillero Jimmy Cherizier, alias \u00abBarbecue\u00bb, un expolic\u00eda haitiano se\u00f1alado por la ONU y Estados Unidos como responsable de numerosas atrocidades.<\/p>\n\n\n\n<p>octubre 31, 2024<\/p>\n\n\n\n<ul class=\"wp-block-list\">\n<li><a href=\"https:\/\/www.vozdeamerica.com\/author\/karla-arevalo\/qbuyv\">Karla Ar\u00e9valo<\/a><\/li>\n<\/ul>\n\n\n\n<ul class=\"wp-block-list\">\n<li><a href=\"https:\/\/facebook.com\/sharer.php?u=https%3a%2f%2fwww.vozdeamerica.com%2fa%2fel-salvador-establece-protecciones-judiciales-para-contingente-militar-enviado-a-haiti-%2f7846298.html\" target=\"_blank\" rel=\"noreferrer noopener\"><\/a><\/li>\n\n\n\n<li><a href=\"https:\/\/twitter.com\/share?url=https%3a%2f%2fwww.vozdeamerica.com%2fa%2fel-salvador-establece-protecciones-judiciales-para-contingente-militar-enviado-a-haiti-%2f7846298.html&amp;text=El+Salvador+establece+protecciones+judiciales+para+contingente+militar+enviado+a+Hait%c3%ad+\" target=\"_blank\" rel=\"noreferrer noopener\"><\/a><\/li>\n\n\n\n<li><\/li>\n\n\n\n<li><a href=\"mailto:?body=https%3a%2f%2fwww.vozdeamerica.com%2fa%2fel-salvador-establece-protecciones-judiciales-para-contingente-militar-enviado-a-haiti-%2f7846298.html&amp;subject=El%20Salvador%20establece%20protecciones%20judiciales%20para%20contingente%20militar%20enviado%20a%20Hait%C3%AD\"><\/a><\/li>\n<\/ul>\n\n\n\n<p><a href=\"https:\/\/www.vozdeamerica.com\/a\/el-salvador-establece-protecciones-judiciales-para-contingente-militar-enviado-a-haiti-\/7846298.html#comments\">&nbsp;Vea comentarios<\/a><\/p>\n\n\n\n<p>El acuerdo ratificado en la Asamblea Legislativa de El Salvador formaliza los t\u00e9rminos y condiciones para el despliegue y funcionamiento de la misi\u00f3n salvadore\u00f1a en Hait\u00ed, que buscar\u00e1 apoyar los esfuerzos para restablecer la seguridad en el pa\u00eds golpeado por la violencia.<\/p>\n\n\n\n<p>SAN SALVADOR \u2014&nbsp;<\/p>\n\n\n\n<p>Con los votos de 57 de 60 legisladores, El Salvador ratific\u00f3 el mi\u00e9rcoles un&nbsp;<em><strong><a href=\"https:\/\/www.asamblea.gob.sv\/node\/13351\" target=\"_blank\" rel=\"noreferrer noopener\">convenio sobre las protecciones para un contingente militar<\/a><\/strong><\/em>&nbsp;salvadore\u00f1o enviado a Hait\u00ed, que inicialmente apoyar\u00e1 a la naci\u00f3n insular en evacuaciones m\u00e9dicas y luego contribuir\u00e1 en misiones de seguridad.<\/p>\n\n\n\n<p>\u201cEl acuerdo otorga inmunidades al personal de la misi\u00f3n, tanto en aspectos judiciales como en derechos fiscales, permiti\u00e9ndoles operar en el pa\u00eds sin las restricciones habituales, lo que asegura protecci\u00f3n legal y operativa del personal de la misi\u00f3n\u201d, indic\u00f3 el legislador Ra\u00fal Chamagua, miembro del partido oficialista<em>&nbsp;<\/em>Nuevas Ideas.<\/p>\n\n\n\n<p>Con el aval parlamentario de este pacto, El Salvador se integra oficialmente a&nbsp;<a href=\"https:\/\/www.vozdeamerica.com\/a\/onu-autoriza-un-ano-mas-despliegue-fuerzas-seguridad-haiti\/7804960.html\" target=\"_blank\" rel=\"noreferrer noopener\"><em><strong>la<\/strong><\/em>&nbsp;<em><strong>misi\u00f3n de seguridad respaldada por las Naciones Unidas y liderada por Kenia<\/strong><\/em><\/a>, que apoya a Hait\u00ed en su intento por recuperar el control de las \u00e1reas dominadas por las pandillas.<\/p>\n\n\n\n<p>\u00ab[La misi\u00f3n salvadore\u00f1a en Hait\u00ed] operar\u00e1 de acuerdo con el derecho internacional, las leyes locales y los derechos humanos\u201d, indic\u00f3 el texto. Parlamentarios dijeron que esto garantizar\u00e1 el respeto a la soberan\u00eda de Hait\u00ed de parte del contingente salvadore\u00f1o, que intervendr\u00e1 \u00fanicamente en la promoci\u00f3n de la seguridad y estabilidad de la mano de la polic\u00eda local.<\/p>\n\n\n\n<p><a href=\"https:\/\/www.vozdeamerica.com\/a\/el-salvador-se-une-a-mision-de-apoyo-para-luchar-contra-las-pandillas-canciller-haitiana\/7828371.html\"><\/a><\/p>\n\n\n\n<p><a href=\"https:\/\/www.vozdeamerica.com\/a\/el-salvador-se-une-a-mision-de-apoyo-para-luchar-contra-las-pandillas-canciller-haitiana\/7828371.html\">Tambi\u00e9n lea<\/a><\/p>\n\n\n\n<h4 class=\"wp-block-heading\"><a href=\"https:\/\/www.vozdeamerica.com\/a\/el-salvador-se-une-a-mision-de-apoyo-para-luchar-contra-las-pandillas-canciller-haitiana\/7828371.html\">El Salvador se une a misi\u00f3n de apoyo para luchar contra las pandillas: Canciller haitiana<\/a><\/h4>\n\n\n\n<p>El acuerdo garantiza adem\u00e1s la libertad de movimiento del personal, equipo y recursos de la misi\u00f3n salvadore\u00f1a dentro del pa\u00eds haitiano \u201csin necesidad de permisos o restricciones\u201d.<\/p>\n\n\n\n<p>El diputado Walter Alem\u00e1n afirm\u00f3 que el decreto formaliza los t\u00e9rminos y condiciones ideales para el despliegue y funcionamiento de la delegaci\u00f3n en Hait\u00ed.<\/p>\n\n\n\n<p><video poster=\"https:\/\/gdb.voanews.com\/54b6a281-c65f-4f01-b825-423089f58721_tv_w650_r1.jpg\" src=\"https:\/\/voa-video-ns.akamaized.net\/pangeavideo\/2024\/10\/5\/54\/54b6a281-c65f-4f01-b825-423089f58721_720p.mp4\" height=\"381\" width=\"676\"><\/video><\/p>\n\n\n\n<h5 class=\"wp-block-heading\"><a href=\"https:\/\/www.vozdeamerica.com\/a\/7846491.html\" target=\"_blank\" rel=\"noreferrer noopener\">El diputado de la Asamblea Legislativa de El Salvador habla de la misi\u00f3n para Hait\u00ed<\/a><\/h5>\n\n\n\n<ul class=\"wp-block-list\">\n<li><a href=\"https:\/\/facebook.com\/sharer.php?u=https%3a%2f%2fwww.vozdeamerica.com%2fa%2f7846491.html\" target=\"_blank\" rel=\"noreferrer noopener\">Comparta en Facebook<\/a><\/li>\n\n\n\n<li><a href=\"https:\/\/twitter.com\/share?url=https%3a%2f%2fwww.vozdeamerica.com%2fa%2f7846491.html&amp;text=El+diputado+de+la+Asamblea+Legislativa+de+El+Salvador+habla+de+la+misi%c3%b3n+para+Hait%c3%ad\" target=\"_blank\" rel=\"noreferrer noopener\">Comparta en Twitter<\/a><\/li>\n<\/ul>\n\n\n\n<hr class=\"wp-block-separator has-alpha-channel-opacity\"\/>\n\n\n\n<p><a href=\"https:\/\/www.vozdeamerica.com\/embed\/player\/Article\/7846491.html?type=video&amp;FullScreenMode=True\" target=\"_blank\" rel=\"noreferrer noopener\"><\/a><\/p>\n\n\n\n<h3 class=\"wp-block-heading\">Apoyo desde la experiencia<\/h3>\n\n\n\n<p>El presidente salvadore\u00f1o, Nayib Bukele, hab\u00eda ofrecido a comienzos del 2024 su contribuci\u00f3n para resolver el problema de inseguridad en la naci\u00f3n caribe\u00f1a y las Naciones Unidas y Hait\u00ed le tomaron la palabra.<\/p>\n\n\n\n<p>La ministra de Relaciones Exteriores de Hait\u00ed, Dominique Dupuy, inform\u00f3 a la&nbsp;<em><strong>Voz de Am\u00e9rica&nbsp;<\/strong><\/em>durante una entrevista el 21 de octubre pasado que El Salvador ya era parte de la misi\u00f3n internacional que apoya en su pa\u00eds.<\/p>\n\n\n\n<p>\u00abLo que El Salvador ha hecho al firmar este acuerdo es reconocer su voluntad de acompa\u00f1arnos en el esfuerzo contra las pandillas. Ellos ofrecieron m\u00faltiples compromisos que se implementar\u00e1n pronto\u00bb, dijo Dupuy. \u00abHay muchas cosas que podemos aprender de su experiencia. Su decisi\u00f3n de unirse a nosotros es simb\u00f3licamente significativa\u00bb, agreg\u00f3.<\/p>\n\n\n\n<p><a href=\"https:\/\/www.vozdeamerica.com\/a\/mas-10-mil-haitianos-huyen-ataques-pandillas-\/7838552.html\"><\/a><\/p>\n\n\n\n<p><a href=\"https:\/\/www.vozdeamerica.com\/a\/mas-10-mil-haitianos-huyen-ataques-pandillas-\/7838552.html\">Tambi\u00e9n lea<\/a><\/p>\n\n\n\n<h4 class=\"wp-block-heading\"><a href=\"https:\/\/www.vozdeamerica.com\/a\/mas-10-mil-haitianos-huyen-ataques-pandillas-\/7838552.html\">M\u00e1s de 10.000 haitianos huyen de los ataques de las pandillas en la \u00faltima semana, seg\u00fan la ONU<\/a><\/h4>\n\n\n\n<p>\u201cTodos los \u2018expertos\u2019 dijeron que esos grupos no pod\u00edan ser derrotados porque eran una \u2018parte intr\u00ednseca de nuestra sociedad\u2019. Ellos estaban equivocados. Los aniquilamos. Lo mismo debe hacerse en Hait\u00ed\u201d, dijo Bukele el 10 de marzo pasado cuando se ofreci\u00f3 en su cuenta de X a darle soluci\u00f3n al problema haitiano.<\/p>\n\n\n\n<p>El presidente hizo referencia en su publicaci\u00f3n a la end\u00e9mica crisis de seguridad que sufr\u00eda El Salvador y su pol\u00e9mica pol\u00edtica de mano dura para solucionarla, que cuenta con seguidores y detractores a partes iguales.<\/p>\n\n\n\n<p>\u201cNecesitaremos una resoluci\u00f3n del Consejo de Seguridad de la ONU, el consentimiento del pa\u00eds anfitri\u00f3n y todos los gastos de la misi\u00f3n que cubrir\u201d, agreg\u00f3 entonces.<\/p>\n","protected":false},"excerpt":{"rendered":"<p>ARCHIVO &#8211; Hait\u00ed lucha contra bandas armadas lideradas por el l\u00edder pandillero Jimmy Cherizier, alias \u00abBarbecue\u00bb, un expolic\u00eda haitiano se\u00f1alado por la ONU y Estados Unidos como responsable de numerosas atrocidades. octubre 31, 2024 &nbsp;Vea comentarios El acuerdo ratificado en la Asamblea Legislativa de El Salvador formaliza los t\u00e9rminos y condiciones para el despliegue y [&hellip;]<\/p>\n","protected":false},"author":28,"featured_media":570979,"comment_status":"closed","ping_status":"closed","sticky":true,"template":"","format":"standard","meta":{"footnotes":""},"categories":[23,24,27],"tags":[],"class_list":["post-570978","post","type-post","status-publish","format-standard","has-post-thumbnail","hentry","category-internacional","category-justicia-y-derecho","category-portada"],"_links":{"self":[{"href":"https:\/\/diariodominicano.com\/index.php?rest_route=\/wp\/v2\/posts\/570978","targetHints":{"allow":["GET"]}}],"collection":[{"href":"https:\/\/diariodominicano.com\/index.php?rest_route=\/wp\/v2\/posts"}],"about":[{"href":"https:\/\/diariodominicano.com\/index.php?rest_route=\/wp\/v2\/types\/post"}],"author":[{"embeddable":true,"href":"https:\/\/diariodominicano.com\/index.php?rest_route=\/wp\/v2\/users\/28"}],"replies":[{"embeddable":true,"href":"https:\/\/diariodominicano.com\/index.php?rest_route=%2Fwp%2Fv2%2Fcomments&post=570978"}],"version-history":[{"count":2,"href":"https:\/\/diariodominicano.com\/index.php?rest_route=\/wp\/v2\/posts\/570978\/revisions"}],"predecessor-version":[{"id":570982,"href":"https:\/\/diariodominicano.com\/index.php?rest_route=\/wp\/v2\/posts\/570978\/revisions\/570982"}],"wp:featuredmedia":[{"embeddable":true,"href":"https:\/\/diariodominicano.com\/index.php?rest_route=\/wp\/v2\/media\/570979"}],"wp:attachment":[{"href":"https:\/\/diariodominicano.com\/index.php?rest_route=%2Fwp%2Fv2%2Fmedia&parent=570978"}],"wp:term":[{"taxonomy":"category","embeddable":true,"href":"https:\/\/diariodominicano.com\/index.php?rest_route=%2Fwp%2Fv2%2Fcategories&post=570978"},{"taxonomy":"post_tag","embeddable":true,"href":"https:\/\/diariodominicano.com\/index.php?rest_route=%2Fwp%2Fv2%2Ftags&post=570978"}],"curies":[{"name":"wp","href":"https:\/\/api.w.org\/{rel}","templated":true}]}}