{"id":570940,"date":"2024-10-31T15:30:08","date_gmt":"2024-10-31T19:30:08","guid":{"rendered":"https:\/\/diariodominicano.com\/?p=570940"},"modified":"2024-10-31T22:37:34","modified_gmt":"2024-11-01T02:37:34","slug":"ministerio-de-trabajo-reitera-feriado-del-dia-de-la-constitucion-se-cambia-para-el-lunes-4-de-noviembre","status":"publish","type":"post","link":"https:\/\/diariodominicano.com\/?p=570940","title":{"rendered":"Trabajo recuerda que el feriado del D\u00eda de la Constituci\u00f3n es  el lunes 4 de noviembre"},"content":{"rendered":"\n<p>diariodominicano.com<\/p>\n\n\n\n<p>Santo Domingo, R. D.,\u200231 de octubre, 2024.- El Ministerio de Trabajo record\u00f3  el jueves a toda la colectividad empresarial y trabajadora de Rep\u00fablica Dominicana que el\u00a0<strong>D\u00eda de la Constituci\u00f3n<\/strong>, que se celebra el <strong>mi\u00e9rcoles 6 de noviembre<\/strong>\u00a0se trabaja, y\u00a0<strong>se cambia el feriado para el lunes 4 de noviembre.<\/strong>\u00a0<\/p>\n\n\n\n<p>La clase trabajadora debe&nbsp;<strong>reintegrarse a sus labores cotidianas el martes 5 de noviembre,<\/strong>&nbsp;seg\u00fan lo establece la&nbsp;<strong>Ley 139-97<\/strong>, atendiendo a la aplicaci\u00f3n de los d\u00edas feriados.<\/p>\n\n\n\n<p>La celebraci\u00f3n de estas fechas de conformidad con lo establecido por la legislaci\u00f3n dominicana, deber\u00e1 ser aplicada en&nbsp;<strong>todos los establecimientos<\/strong>&nbsp;de la Rep\u00fablica Dominicana, seg\u00fan lo notifica la&nbsp;<strong>Direcci\u00f3n de Comunicaciones del Ministerio de Trabajo.<\/strong><\/p>\n\n\n\n<p>Fuente: Direcci\u00f3n de Estrategia y Comunicaci\u00f3n<\/p>\n\n\n\n<p>Ministerio Administrativo de la Presidencia de la Rep\u00fablica Dominicana<\/p>\n","protected":false},"excerpt":{"rendered":"<p>diariodominicano.com Santo Domingo, R. D.,\u200231 de octubre, 2024.- El Ministerio de Trabajo record\u00f3 el jueves a toda la colectividad empresarial y trabajadora de Rep\u00fablica Dominicana que el\u00a0D\u00eda de la Constituci\u00f3n, que se celebra el mi\u00e9rcoles 6 de noviembre\u00a0se trabaja, y\u00a0se cambia el feriado para el lunes 4 de noviembre.\u00a0 La clase trabajadora debe&nbsp;reintegrarse a sus [&hellip;]<\/p>\n","protected":false},"author":5,"featured_media":469803,"comment_status":"closed","ping_status":"closed","sticky":true,"template":"","format":"standard","meta":{"footnotes":""},"categories":[23,27],"tags":[],"class_list":["post-570940","post","type-post","status-publish","format-standard","has-post-thumbnail","hentry","category-internacional","category-portada"],"_links":{"self":[{"href":"https:\/\/diariodominicano.com\/index.php?rest_route=\/wp\/v2\/posts\/570940","targetHints":{"allow":["GET"]}}],"collection":[{"href":"https:\/\/diariodominicano.com\/index.php?rest_route=\/wp\/v2\/posts"}],"about":[{"href":"https:\/\/diariodominicano.com\/index.php?rest_route=\/wp\/v2\/types\/post"}],"author":[{"embeddable":true,"href":"https:\/\/diariodominicano.com\/index.php?rest_route=\/wp\/v2\/users\/5"}],"replies":[{"embeddable":true,"href":"https:\/\/diariodominicano.com\/index.php?rest_route=%2Fwp%2Fv2%2Fcomments&post=570940"}],"version-history":[{"count":4,"href":"https:\/\/diariodominicano.com\/index.php?rest_route=\/wp\/v2\/posts\/570940\/revisions"}],"predecessor-version":[{"id":570967,"href":"https:\/\/diariodominicano.com\/index.php?rest_route=\/wp\/v2\/posts\/570940\/revisions\/570967"}],"wp:featuredmedia":[{"embeddable":true,"href":"https:\/\/diariodominicano.com\/index.php?rest_route=\/wp\/v2\/media\/469803"}],"wp:attachment":[{"href":"https:\/\/diariodominicano.com\/index.php?rest_route=%2Fwp%2Fv2%2Fmedia&parent=570940"}],"wp:term":[{"taxonomy":"category","embeddable":true,"href":"https:\/\/diariodominicano.com\/index.php?rest_route=%2Fwp%2Fv2%2Fcategories&post=570940"},{"taxonomy":"post_tag","embeddable":true,"href":"https:\/\/diariodominicano.com\/index.php?rest_route=%2Fwp%2Fv2%2Ftags&post=570940"}],"curies":[{"name":"wp","href":"https:\/\/api.w.org\/{rel}","templated":true}]}}