{"id":570914,"date":"2024-10-31T14:18:23","date_gmt":"2024-10-31T18:18:23","guid":{"rendered":"https:\/\/diariodominicano.com\/?p=570914"},"modified":"2024-10-31T22:47:27","modified_gmt":"2024-11-01T02:47:27","slug":"actividades-conmemorativas-del-23-aniversario-del-fallecimiento-del-profesor-juan-bosch","status":"publish","type":"post","link":"https:\/\/diariodominicano.com\/?p=570914","title":{"rendered":"Anuncian actividades conmemorativas del 23 aniversario del fallecimiento del Profesor Juan Bosch"},"content":{"rendered":"\n<p>diariodominicano.com<\/p>\n\n\n\n<p>Santo Domingo, R. D., 31 de octubre, 2024.-\u2002<strong>El Partido de la Liberaci\u00f3n Dominicana (PLD)<\/strong>\u00a0conmemora este viernes, con varias actividades, el vig\u00e9simo tercer aniversario del fallecimiento de su fundador y ex presidente de la Rep\u00fablica, profesor Juan Bosch.<\/p>\n\n\n\n<p>La actividad central ser\u00e1 una eucarist\u00eda en la parroquia San Antonio de Padua a las 6 de la tarde del viernes 1 de noviembre, fecha en la que se registr\u00f3 el deceso de Bosch en el a\u00f1o 2001.<\/p>\n\n\n\n<p>Una representaci\u00f3n de la direcci\u00f3n de la organizaci\u00f3n pol\u00edtica estar\u00e1 presente en la ceremonia religiosa en la que tambi\u00e9n se celebra el D\u00eda de Todos los Santos.<\/p>\n\n\n\n<p>Para las diez de la ma\u00f1ana de este viernes el&nbsp;<strong>Comit\u00e9 Provincial del PLD de &nbsp;&nbsp;La Vega,<\/strong>&nbsp;los&nbsp;<strong>Comit\u00e9s Municipales de Jarabacoa, Constanza y del municipio cabecera<\/strong>&nbsp;realizar\u00e1n una ofrenda floral ante el mausoleo del&nbsp;<strong>Profesor Juan Bosch en el Cementerio Ornamental de La Vega. &nbsp;<\/strong><strong><\/strong><\/p>\n\n\n\n<p>Cumpliendo los propios deseos del fundador del PLD, sus restos fueron sepultados en la misma ciudad que le vio nacer, La Vega, en donde las direcciones de sus municipios y las provincias cercanas le rinden los honores correspondientes.<\/p>\n\n\n\n<p>La Comisi\u00f3n de Celebraci\u00f3n y Conmemoraci\u00f3n del PLD inform\u00f3, mediante un despacho de prensa de la Secretar\u00eda de Comunicaciones, que desde las seccionales del PLD en el exterior se han reportado la organizaci\u00f3n de diversas actividades por parte de diferentes organismos del Partido, como la seccional de New Jersey que program\u00f3 una ofrenda Floral ante el busto de Bosch &nbsp;&nbsp;en Paterson, ubicado en Straight y Park Ave. Dominican Way a las 12.00 p.m.<\/p>\n\n\n\n<p>Otros Comit\u00e9s provinciales, municipales e intermedios del PLD en el pa\u00eds, tradicionalmente organizan actividades en sus locales y plazas p\u00fablicas, recordando al fundador del PLD, Juan Bosch, quien defini\u00f3 al Partido morado de la estrella amarilla, como su principal obra pol\u00edtica.<\/p>\n\n\n\n<p><strong>SECRETARIA COMUNICACIONES<\/strong> PLD<\/p>\n\n\n\n<p><strong>31 DE OCTUBRE, 2024.-&nbsp;<\/strong><\/p>\n","protected":false},"excerpt":{"rendered":"<p>diariodominicano.com Santo Domingo, R. D., 31 de octubre, 2024.-\u2002El Partido de la Liberaci\u00f3n Dominicana (PLD)\u00a0conmemora este viernes, con varias actividades, el vig\u00e9simo tercer aniversario del fallecimiento de su fundador y ex presidente de la Rep\u00fablica, profesor Juan Bosch. La actividad central ser\u00e1 una eucarist\u00eda en la parroquia San Antonio de Padua a las 6 de [&hellip;]<\/p>\n","protected":false},"author":5,"featured_media":570916,"comment_status":"closed","ping_status":"closed","sticky":true,"template":"","format":"standard","meta":{"footnotes":""},"categories":[20,26,27],"tags":[],"class_list":["post-570914","post","type-post","status-publish","format-standard","has-post-thumbnail","hentry","category-dominicana-hoy","category-efemerides","category-portada"],"_links":{"self":[{"href":"https:\/\/diariodominicano.com\/index.php?rest_route=\/wp\/v2\/posts\/570914","targetHints":{"allow":["GET"]}}],"collection":[{"href":"https:\/\/diariodominicano.com\/index.php?rest_route=\/wp\/v2\/posts"}],"about":[{"href":"https:\/\/diariodominicano.com\/index.php?rest_route=\/wp\/v2\/types\/post"}],"author":[{"embeddable":true,"href":"https:\/\/diariodominicano.com\/index.php?rest_route=\/wp\/v2\/users\/5"}],"replies":[{"embeddable":true,"href":"https:\/\/diariodominicano.com\/index.php?rest_route=%2Fwp%2Fv2%2Fcomments&post=570914"}],"version-history":[{"count":2,"href":"https:\/\/diariodominicano.com\/index.php?rest_route=\/wp\/v2\/posts\/570914\/revisions"}],"predecessor-version":[{"id":570972,"href":"https:\/\/diariodominicano.com\/index.php?rest_route=\/wp\/v2\/posts\/570914\/revisions\/570972"}],"wp:featuredmedia":[{"embeddable":true,"href":"https:\/\/diariodominicano.com\/index.php?rest_route=\/wp\/v2\/media\/570916"}],"wp:attachment":[{"href":"https:\/\/diariodominicano.com\/index.php?rest_route=%2Fwp%2Fv2%2Fmedia&parent=570914"}],"wp:term":[{"taxonomy":"category","embeddable":true,"href":"https:\/\/diariodominicano.com\/index.php?rest_route=%2Fwp%2Fv2%2Fcategories&post=570914"},{"taxonomy":"post_tag","embeddable":true,"href":"https:\/\/diariodominicano.com\/index.php?rest_route=%2Fwp%2Fv2%2Ftags&post=570914"}],"curies":[{"name":"wp","href":"https:\/\/api.w.org\/{rel}","templated":true}]}}