{"id":570906,"date":"2024-10-31T14:38:21","date_gmt":"2024-10-31T18:38:21","guid":{"rendered":"https:\/\/diariodominicano.com\/?p=570906"},"modified":"2024-10-31T14:38:23","modified_gmt":"2024-10-31T18:38:23","slug":"tetra-pak-potenciando-el-valor-del-reciclaje-en-republica-dominicana","status":"publish","type":"post","link":"https:\/\/diariodominicano.com\/?p=570906","title":{"rendered":"Tetra Pak: Potenciando el valor del reciclaje en Rep\u00fablica Dominicana"},"content":{"rendered":"\n<p><em>Tetra Pak trabaja en estrecha colaboraci\u00f3n con sus clientes, proveedores y socios para fomentar la recolecci\u00f3n y el reciclaje de envases de cart\u00f3n posconsumo, as\u00ed en conjunto encontrar soluciones sostenibles para los desaf\u00edos actuales y futuros del pa\u00eds<\/em><\/p>\n\n\n\n<p><strong>Santo Domingo, octubre 2024<\/strong>.- Tetra Pak, en colaboraci\u00f3n con la Red empresarial para el Desarrollo Sostenible (ECORED), que es una organizaci\u00f3n que promueve y fomenta la transformaci\u00f3n sostenible del medio ambiente, la econom\u00eda y la sociedad, organiz\u00f3 una conferencia magistral con el objetivo de destacar la importancia de potenciar la cadena del valor del reciclaje y establecer un sistema eficiente de recolecci\u00f3n de envases de cart\u00f3n para bebidas posconsumo en Rep\u00fablica Dominicana.<\/p>\n\n\n\n<figure class=\"wp-block-gallery has-nested-images columns-default is-cropped wp-block-gallery-1 is-layout-flex wp-block-gallery-is-layout-flex\">\n<figure class=\"wp-block-image size-large\"><img loading=\"lazy\" decoding=\"async\" width=\"1024\" height=\"682\" data-id=\"570919\" src=\"https:\/\/diariodominicano.com\/wp-content\/uploads\/2024\/10\/Tetra-Pak-Potenciando-valor-del-reciclaje-en-Republica-Dominicana-1-1024x682.jpeg\" alt=\"\" class=\"wp-image-570919\" srcset=\"https:\/\/diariodominicano.com\/wp-content\/uploads\/2024\/10\/Tetra-Pak-Potenciando-valor-del-reciclaje-en-Republica-Dominicana-1-1024x682.jpeg 1024w, https:\/\/diariodominicano.com\/wp-content\/uploads\/2024\/10\/Tetra-Pak-Potenciando-valor-del-reciclaje-en-Republica-Dominicana-1-300x200.jpeg 300w, https:\/\/diariodominicano.com\/wp-content\/uploads\/2024\/10\/Tetra-Pak-Potenciando-valor-del-reciclaje-en-Republica-Dominicana-1-768x512.jpeg 768w, https:\/\/diariodominicano.com\/wp-content\/uploads\/2024\/10\/Tetra-Pak-Potenciando-valor-del-reciclaje-en-Republica-Dominicana-1-1536x1023.jpeg 1536w, https:\/\/diariodominicano.com\/wp-content\/uploads\/2024\/10\/Tetra-Pak-Potenciando-valor-del-reciclaje-en-Republica-Dominicana-1-816x544.jpeg 816w, https:\/\/diariodominicano.com\/wp-content\/uploads\/2024\/10\/Tetra-Pak-Potenciando-valor-del-reciclaje-en-Republica-Dominicana-1.jpeg 1600w\" sizes=\"auto, (max-width: 1024px) 100vw, 1024px\" \/><\/figure>\n<\/figure>\n\n\n\n<p>Gabriela Vargas, Gerente de Sostenibilidad de Tetra Pak, explic\u00f3 a los asistentes que es fundamental fortalecer la infraestructura de recolecci\u00f3n y separaci\u00f3n de residuos en el pa\u00eds, ya que esto fomenta un sentido de responsabilidad hacia el medio ambiente. Adem\u00e1s, destac\u00f3 la colaboraci\u00f3n de los aliados quienes han permitido importantes avances en la recolecci\u00f3n y el fortalecimiento de esta cadena en diversas zonas del pa\u00eds. Tambi\u00e9n resalt\u00f3 las alianzas y esfuerzos que, en lo que va del a\u00f1o, han permitido recolectar el equivalente a m\u00e1s de 13 millones de envases de 1 litro para su reciclaje.<\/p>\n\n\n\n<figure class=\"wp-block-gallery has-nested-images columns-default is-cropped wp-block-gallery-2 is-layout-flex wp-block-gallery-is-layout-flex\">\n<figure class=\"wp-block-image size-large\"><img loading=\"lazy\" decoding=\"async\" width=\"1024\" height=\"682\" data-id=\"570918\" src=\"https:\/\/diariodominicano.com\/wp-content\/uploads\/2024\/10\/Tetra-Pak-Potenciando-valor-del-reciclaje-Republica-Dominicana-1024x682.jpeg\" alt=\"\" class=\"wp-image-570918\" srcset=\"https:\/\/diariodominicano.com\/wp-content\/uploads\/2024\/10\/Tetra-Pak-Potenciando-valor-del-reciclaje-Republica-Dominicana-1024x682.jpeg 1024w, https:\/\/diariodominicano.com\/wp-content\/uploads\/2024\/10\/Tetra-Pak-Potenciando-valor-del-reciclaje-Republica-Dominicana-300x200.jpeg 300w, https:\/\/diariodominicano.com\/wp-content\/uploads\/2024\/10\/Tetra-Pak-Potenciando-valor-del-reciclaje-Republica-Dominicana-768x512.jpeg 768w, https:\/\/diariodominicano.com\/wp-content\/uploads\/2024\/10\/Tetra-Pak-Potenciando-valor-del-reciclaje-Republica-Dominicana-1536x1023.jpeg 1536w, https:\/\/diariodominicano.com\/wp-content\/uploads\/2024\/10\/Tetra-Pak-Potenciando-valor-del-reciclaje-Republica-Dominicana-816x544.jpeg 816w, https:\/\/diariodominicano.com\/wp-content\/uploads\/2024\/10\/Tetra-Pak-Potenciando-valor-del-reciclaje-Republica-Dominicana.jpeg 1600w\" sizes=\"auto, (max-width: 1024px) 100vw, 1024px\" \/><\/figure>\n<\/figure>\n\n\n\n<p>El evento cont\u00f3 con la participaci\u00f3n de Felipe Beltr\u00e1n, miembro del Consejo de directores de ECORED, qui\u00e9n ofreci\u00f3 las palabras de bienvenida y subray\u00f3 lo positivo de contar con empresas comprometidas con la sostenibilidad ambiental.<\/p>\n\n\n\n<p>Los envases de Tetra Pak, compuestos en promedio por un 70% de cart\u00f3n, 25% de pl\u00e1stico y 5% de aluminio, est\u00e1n dise\u00f1ados para garantizar la disponibilidad e inocuidad de los alimentos en todas partes. Con este enfoque, la empresa reafirma su compromiso de proteger lo bueno: los alimentos, las personas y el planeta. Se enfoca en liderar soluciones circulares, con la ambici\u00f3n de dise\u00f1ar envases reciclables, utilizando materiales reciclados y renovables, al tiempo que expande la recolecci\u00f3n y el reciclaje de envases posconsumo, para mantener los materiales en uso y fuera de los vertederos.\u00a0<\/p>\n\n\n\n<figure class=\"wp-block-gallery has-nested-images columns-default is-cropped wp-block-gallery-3 is-layout-flex wp-block-gallery-is-layout-flex\">\n<figure class=\"wp-block-image size-large\"><img loading=\"lazy\" decoding=\"async\" width=\"1024\" height=\"646\" data-id=\"570917\" src=\"https:\/\/diariodominicano.com\/wp-content\/uploads\/2024\/10\/Tetra-Pak-Potenciando-el-valor-del-reciclaje-en-Republica-Dominicana-1024x646.png\" alt=\"\" class=\"wp-image-570917\" srcset=\"https:\/\/diariodominicano.com\/wp-content\/uploads\/2024\/10\/Tetra-Pak-Potenciando-el-valor-del-reciclaje-en-Republica-Dominicana-1024x646.png 1024w, https:\/\/diariodominicano.com\/wp-content\/uploads\/2024\/10\/Tetra-Pak-Potenciando-el-valor-del-reciclaje-en-Republica-Dominicana-300x189.png 300w, https:\/\/diariodominicano.com\/wp-content\/uploads\/2024\/10\/Tetra-Pak-Potenciando-el-valor-del-reciclaje-en-Republica-Dominicana-768x484.png 768w, https:\/\/diariodominicano.com\/wp-content\/uploads\/2024\/10\/Tetra-Pak-Potenciando-el-valor-del-reciclaje-en-Republica-Dominicana-1536x969.png 1536w, https:\/\/diariodominicano.com\/wp-content\/uploads\/2024\/10\/Tetra-Pak-Potenciando-el-valor-del-reciclaje-en-Republica-Dominicana-816x515.png 816w, https:\/\/diariodominicano.com\/wp-content\/uploads\/2024\/10\/Tetra-Pak-Potenciando-el-valor-del-reciclaje-en-Republica-Dominicana.png 1766w\" sizes=\"auto, (max-width: 1024px) 100vw, 1024px\" \/><\/figure>\n<\/figure>\n\n\n\n<p>Para ello, es crucial concientizar a los consumidores sobre la importancia del reciclaje y promover la educaci\u00f3n desde el hogar, las empresas y las instituciones educativas. Adem\u00e1s, se deben fomentar oportunidades de negocio para quienes se dedican a la recolecci\u00f3n de materiales reciclables, as\u00ed como para las plantas recicladoras, expandiendo los mercados para estos materiales.<\/p>\n\n\n\n<p>Tetra Pak, a trav\u00e9s de su programa de reciclaje \u00abTu Papel Cuenta\u00bb, iniciado en 2008 en Panam\u00e1 y ahora presente en toda Centroam\u00e9rica y el Caribe trabaja para incrementar la conciencia ambiental del consumidor y fortalecer la infraestructura de recolecci\u00f3n y separaci\u00f3n de materiales reciclables, por medio de diferentes iniciativas.&nbsp;<\/p>\n\n\n\n<p>\u201cBuscamos establecer alianzas con todos aquellos actores relevantes en la cadena de recolecci\u00f3n de materiales reciclables en la Rep\u00fablica Dominicana para ampliar la cobertura de recolecci\u00f3n de envases de Tetra Pak posconsumo para reciclaje, a trav\u00e9s de la disponibilidad de planes de incentivos por cada tonelada de envases recuperados, fomentando as\u00ed una cultura de reciclaje y la promoci\u00f3n de pr\u00e1cticas sostenibles. Esto adem\u00e1s generar\u00e1 nuevas oportunidades econ\u00f3micas y sociales para empresas y comunidades dominicanas.\u201d coment\u00f3 Gabriela Vargas durante la conferencia.&nbsp;<\/p>\n\n\n\n<p>La jornada tambi\u00e9n incluy\u00f3 una demostraci\u00f3n de reciclaje, en la que los asistentes pod\u00edan observar y comprender en detalle c\u00f3mo se reciclan los envases posconsumo de Tetra Pak.&nbsp;<\/p>\n\n\n\n<p><strong>Entrega de reconocimientos&nbsp;<\/strong><\/p>\n\n\n\n<p>El evento tambi\u00e9n fue escenario para resaltar las acciones de diversos actores que contribuyen a un entorno m\u00e1s sostenible. En ese sentido, Tetra Pak otorg\u00f3 diplomas de reconocimiento a todos aquellos involucrados en la recolecci\u00f3n de envases de Tetra Pak posconsumo, destacando de manera especial a: Green Love, Capobianco Soluciones Ecol\u00f3gicas, Cilpen Global, Reci Carplastic, Meca Group, y a Joaqu\u00edn Castillo, intermediario entre Meca Group y los recolectores de base del vertedero de Duquesa, quienes recibieron una distinci\u00f3n en forma de envase por su destacada contribuci\u00f3n.<\/p>\n\n\n\n<p><strong>Annay Martinez<\/strong> &lt;<a href=\"mailto:annay.martinez@caribbeanpn.com\">annay.martinez@caribbeanpn.com<\/a>&gt;&nbsp;<\/p>\n\n\n\n<p><strong>Annay Martinez<\/strong>\u00a0&lt;annay.martinez@caribbeanpn.com>\u2002<\/p>\n","protected":false},"excerpt":{"rendered":"<p>Tetra Pak trabaja en estrecha colaboraci\u00f3n con sus clientes, proveedores y socios para fomentar la recolecci\u00f3n y el reciclaje de envases de cart\u00f3n posconsumo, as\u00ed en conjunto encontrar soluciones sostenibles para los desaf\u00edos actuales y futuros del pa\u00eds Santo Domingo, octubre 2024.- Tetra Pak, en colaboraci\u00f3n con la Red empresarial para el Desarrollo Sostenible (ECORED), [&hellip;]<\/p>\n","protected":false},"author":7,"featured_media":570915,"comment_status":"closed","ping_status":"closed","sticky":false,"template":"","format":"standard","meta":{"footnotes":""},"categories":[36],"tags":[679,197,145],"class_list":["post-570906","post","type-post","status-publish","format-standard","has-post-thumbnail","hentry","category-hombresmujeresycosas","tag-reciclaje","tag-republica-dominicana","tag-tetra-pak"],"_links":{"self":[{"href":"https:\/\/diariodominicano.com\/index.php?rest_route=\/wp\/v2\/posts\/570906","targetHints":{"allow":["GET"]}}],"collection":[{"href":"https:\/\/diariodominicano.com\/index.php?rest_route=\/wp\/v2\/posts"}],"about":[{"href":"https:\/\/diariodominicano.com\/index.php?rest_route=\/wp\/v2\/types\/post"}],"author":[{"embeddable":true,"href":"https:\/\/diariodominicano.com\/index.php?rest_route=\/wp\/v2\/users\/7"}],"replies":[{"embeddable":true,"href":"https:\/\/diariodominicano.com\/index.php?rest_route=%2Fwp%2Fv2%2Fcomments&post=570906"}],"version-history":[{"count":1,"href":"https:\/\/diariodominicano.com\/index.php?rest_route=\/wp\/v2\/posts\/570906\/revisions"}],"predecessor-version":[{"id":570928,"href":"https:\/\/diariodominicano.com\/index.php?rest_route=\/wp\/v2\/posts\/570906\/revisions\/570928"}],"wp:featuredmedia":[{"embeddable":true,"href":"https:\/\/diariodominicano.com\/index.php?rest_route=\/wp\/v2\/media\/570915"}],"wp:attachment":[{"href":"https:\/\/diariodominicano.com\/index.php?rest_route=%2Fwp%2Fv2%2Fmedia&parent=570906"}],"wp:term":[{"taxonomy":"category","embeddable":true,"href":"https:\/\/diariodominicano.com\/index.php?rest_route=%2Fwp%2Fv2%2Fcategories&post=570906"},{"taxonomy":"post_tag","embeddable":true,"href":"https:\/\/diariodominicano.com\/index.php?rest_route=%2Fwp%2Fv2%2Ftags&post=570906"}],"curies":[{"name":"wp","href":"https:\/\/api.w.org\/{rel}","templated":true}]}}