{"id":570896,"date":"2024-10-31T13:16:30","date_gmt":"2024-10-31T17:16:30","guid":{"rendered":"https:\/\/diariodominicano.com\/?p=570896"},"modified":"2024-10-31T13:16:37","modified_gmt":"2024-10-31T17:16:37","slug":"en-cines-filme-perez-rodriguez-una-satira-de-la-familia-dominicana","status":"publish","type":"post","link":"https:\/\/diariodominicano.com\/?p=570896","title":{"rendered":"En cines filme \u00abP\u00e9rez Rodr\u00edguez\u00bb, una s\u00e1tira de la familia dominicana"},"content":{"rendered":"\n<p>diariodominicano.com<\/p>\n\n\n\n<p>Santo Domingo, 31 oct (Prensa Latina) El filme \u00abP\u00e9rez Rodr\u00edguez\u201d , una s\u00e1tira de la familia dominicana, se proyectar\u00e1 a partir de hoy en los principales cines de la Rep\u00fablica Dominicana, luego de su estreno anoche en esta capital.<\/p>\n\n\n\n<p>Cinedominicano destac\u00f3 la c\u00e1lida acogida de la cinta por la cr\u00edtica especializada y los espectadores que asistieron a la premier en Caribbean Cinemas Downtown Center, entre estos personalidades del mundo del s\u00e9ptimo arte y la televisi\u00f3n.<\/p>\n\n\n\n<p>La pel\u00edcula, producida por Lantica Studios bajo la producci\u00f3n de Rafael El\u00edas Mu\u00f1oz, combina comedia y drama para recrear temas como las tensiones familiares, la maternidad, las expectativas sociales y el impacto de la emigraci\u00f3n.<\/p>\n\n\n\n<p>De acuerdo con su productor, la obra refleja la identidad del dominicano, \u00abinvit\u00e1ndonos tanto a evaluarnos, como a celebrarnos\u201d.<\/p>\n\n\n\n<p>\u201cP\u00e9rez Rodr\u00edguez\u201d es un retrato sat\u00edrico y emotivo de una familia que enfrenta los altibajos de la vida a lo largo de generaciones.<\/p>\n\n\n\n<p>La historia comienza con el nacimiento de Juan Carlos en un hospital de Santo Domingo, un evento que re\u00fane a los P\u00e9rez Rodr\u00edguez en un momento de alegr\u00eda.<\/p>\n\n\n\n<p>Desde el primer encuentro, la trama presenta infinidad de personajes, cada uno con sus propias luchas, sue\u00f1os y contradicciones, \u00abretratando la esencia din\u00e1mica y compleja de la vida familiar en el pa\u00eds\u00bb, resumi\u00f3 Cinedominicano.<\/p>\n\n\n\n<p>En el centro de la historia est\u00e1 Carmen, una madre primeriza que enfrenta las incertidumbres de la maternidad.<\/p>\n\n\n\n<p>A medida que sus seres queridos la apoyan en ese momento tan especial para ella, emergen temas fundamentales como las expectativas familiares, las tensiones entre tradici\u00f3n y modernidad, y los retos resultantes de la emigraci\u00f3n.<\/p>\n\n\n\n<p>Con la muerte del patriarca Juancho, la narrativa da un giro impensado, pues afloran conflictos hasta entonces ocultos y secretos guardados por a\u00f1os, mientras la familia enfrenta el desaf\u00edo de reconstruir sus v\u00ednculos.<\/p>\n\n\n\n<p>\u00abSu director Humberto Tav\u00e1rez se ha ganado el reconocimiento por su estilo narrativo ingenioso y su capacidad para capturar la esencia de la clase media dominicana\u00bb, destac\u00f3 Cinedominicano.<\/p>\n\n\n\n<p>En su \u00f3pera prima, Tav\u00e1rez apuesta por un elenco de excelencia, entre estos Cuqu\u00edn Victoria y Luis Jos\u00e9 Germ\u00e1n, reconocidas figuras del entretenimiento local, junto a talentos emergentes como Stephany Liriano, Lizbeth Santos y Joshua Wagner.<\/p>\n\n\n\n<p>mem\/mpv<\/p>\n","protected":false},"excerpt":{"rendered":"<p>diariodominicano.com Santo Domingo, 31 oct (Prensa Latina) El filme \u00abP\u00e9rez Rodr\u00edguez\u201d , una s\u00e1tira de la familia dominicana, se proyectar\u00e1 a partir de hoy en los principales cines de la Rep\u00fablica Dominicana, luego de su estreno anoche en esta capital. Cinedominicano destac\u00f3 la c\u00e1lida acogida de la cinta por la cr\u00edtica especializada y los espectadores [&hellip;]<\/p>\n","protected":false},"author":5,"featured_media":570897,"comment_status":"closed","ping_status":"closed","sticky":true,"template":"","format":"standard","meta":{"footnotes":""},"categories":[21,25,27],"tags":[],"class_list":["post-570896","post","type-post","status-publish","format-standard","has-post-thumbnail","hentry","category-cultura","category-gente","category-portada"],"_links":{"self":[{"href":"https:\/\/diariodominicano.com\/index.php?rest_route=\/wp\/v2\/posts\/570896","targetHints":{"allow":["GET"]}}],"collection":[{"href":"https:\/\/diariodominicano.com\/index.php?rest_route=\/wp\/v2\/posts"}],"about":[{"href":"https:\/\/diariodominicano.com\/index.php?rest_route=\/wp\/v2\/types\/post"}],"author":[{"embeddable":true,"href":"https:\/\/diariodominicano.com\/index.php?rest_route=\/wp\/v2\/users\/5"}],"replies":[{"embeddable":true,"href":"https:\/\/diariodominicano.com\/index.php?rest_route=%2Fwp%2Fv2%2Fcomments&post=570896"}],"version-history":[{"count":1,"href":"https:\/\/diariodominicano.com\/index.php?rest_route=\/wp\/v2\/posts\/570896\/revisions"}],"predecessor-version":[{"id":570898,"href":"https:\/\/diariodominicano.com\/index.php?rest_route=\/wp\/v2\/posts\/570896\/revisions\/570898"}],"wp:featuredmedia":[{"embeddable":true,"href":"https:\/\/diariodominicano.com\/index.php?rest_route=\/wp\/v2\/media\/570897"}],"wp:attachment":[{"href":"https:\/\/diariodominicano.com\/index.php?rest_route=%2Fwp%2Fv2%2Fmedia&parent=570896"}],"wp:term":[{"taxonomy":"category","embeddable":true,"href":"https:\/\/diariodominicano.com\/index.php?rest_route=%2Fwp%2Fv2%2Fcategories&post=570896"},{"taxonomy":"post_tag","embeddable":true,"href":"https:\/\/diariodominicano.com\/index.php?rest_route=%2Fwp%2Fv2%2Ftags&post=570896"}],"curies":[{"name":"wp","href":"https:\/\/api.w.org\/{rel}","templated":true}]}}