{"id":570865,"date":"2024-10-31T12:36:29","date_gmt":"2024-10-31T16:36:29","guid":{"rendered":"https:\/\/diariodominicano.com\/?p=570865"},"modified":"2024-10-31T22:52:22","modified_gmt":"2024-11-01T02:52:22","slug":"despenalizar-la-mala-praxis-medica","status":"publish","type":"post","link":"https:\/\/diariodominicano.com\/?p=570865","title":{"rendered":"\u00bfDespenalizar la mala praxis medica?"},"content":{"rendered":"\n<p>diariodominicano.com<\/p>\n\n\n\n<figure class=\"wp-block-table\"><table><tbody><tr><td>Por\u2002<strong>Arismendi Diaz Santana<\/strong><\/td><\/tr><\/tbody><\/table><\/figure>\n\n\n\n<p>Santo Domingo, R. D.,\u200231 de octubre, 2024.-\u2002<strong><em>Si la muerte de un paciente s\u00f3lo ser\u00eda penalizada cuando exista una mala intenci\u00f3n del m\u00e9dico, entonces tambi\u00e9n habr\u00eda que liberar a un conductor que mata en un accidente involuntario<\/em><\/strong><\/p>\n\n\n\n<p>Ha causado muchos comentarios y controversias el dep\u00f3sito del Colegio M\u00e9dico Dominicano (CMD) en el Congreso de un anteproyecto de ley para&nbsp;<strong>despenalizar<\/strong>&nbsp;los actos m\u00e9dicos que tengan desenlaces fatales&nbsp;<strong>cuando no haya intenci\u00f3n da\u00f1ina<\/strong><strong>.<\/strong><\/p>\n\n\n\n<p>R\u00e1pidamente, circul\u00f3 en todas las redes sociales el siguiente mensaje:&nbsp;<strong>\u201cEl cirujano dej\u00f3 una gasa dentro.&nbsp;&nbsp;Se muri\u00f3 la paciente. No fue intencional. No hay problema\u201d.<\/strong>&nbsp;Este corto mensaje se torn\u00f3 viral y lo reenvi\u00e9 en varias redes sociales.&nbsp;&nbsp;Hubo muchos comentarios y uno muy especial de&nbsp;<strong>un m\u00e9dico eminente<\/strong>&nbsp;con quien me une una amistad y lo admiro por sus \u00e9xitos profesionales en una cl\u00ednica con acreditaci\u00f3n internacional. Creo que el intercambio result\u00f3 de gran inter\u00e9s.&nbsp;&nbsp;<\/p>\n\n\n\n<p>\u201cArismendi NO FUE INTENCIONAL. Eso ha ocurrido toda la vida. Se le persigue por v\u00eda civil, para reparaci\u00f3n de da\u00f1os y perjuicios. Le pueden penalizar todo el dinero que la ley permite. Pero, CARAJO, algo as\u00ed que es&nbsp;<strong>atribuible a un error de humanos<\/strong>&nbsp;no puede ser motivo de meterle 5 a 10 A\u00d1OS DE CARCEL\u201d.<\/p>\n\n\n\n<p>\u201cCreo, querido amigo, que debes nivelar un poco tu percepci\u00f3n de los miles y miles de profesionales en una cirug\u00eda de emergencia, donde la vida del paciente depende de la rapidez del equipo quir\u00fargico. Para fundamentar una demanda por mala pr\u00e1ctica m\u00e9dica, es necesario construir un caso s\u00f3lido&nbsp;<strong>que demuestre que el profesional actu\u00f3 de manera negligente o fuera de los est\u00e1ndares aceptados<\/strong>, resultando en da\u00f1o al paciente\u201d.<\/p>\n\n\n\n<p>Querido amigo.&nbsp;<strong>Esas normas existen en pa\u00edses en donde realmente se respetan los derechos humanos<\/strong>. Se trata de la vida de pacientes indefensos, por lo que hay que poner m\u00e1s atenci\u00f3n y nunca dejar una gaza ni una tijera en su cuerpo. Aprecio a much\u00edsimos m\u00e9dicos amigos, incluy\u00e9ndote como te consta, pero, perd\u00f3name, ni a m\u00ed ni a ning\u00fan familiar me gustar\u00eda ser v\u00edctima de un descuido de ese tipo. Puede ocurrir porque son humanos, pero con penalidad, te aseguro que ser\u00e1n mucho menores.&nbsp;<strong>\u00bfSi yo atropello a un transe\u00fante y lo invalido con mi veh\u00edculo, no tendr\u00eda penalidad porque no fue mi intensi\u00f3n?<\/strong>&nbsp;Aja? Y por qu\u00e9 tiene que ser distinto, trat\u00e1ndose de un m\u00e9dico y de la vida humana? Saludos especiales.<\/p>\n\n\n\n<p>\u201cArismendi es as\u00ed. Un error humano NO INTENCIONADO no puede convertirse en el FINAL ABRUPTO de un profesional tan necesario para la sociedad. Pero \u00abno hay problema\u00bb, ya pronto no los necesitaremos, todo lo vamos a resolver con Google y la IA. Y adem\u00e1s, mi querido amigo Arismendi, la principal \u00abespada de Damocles\u00bb para nuestro gran sistema del seguro familiar de salud, SON LOS COSTOS por&nbsp;<strong>el uso excesivo e indiscriminado de los procedimientos diagn\u00f3sticos,<\/strong>&nbsp;que se obliga al m\u00e9dico, para \u00abtener instrumentos de defensa\u00bb en caso de la demanda. Algo que ha dado una vuelta de 180 grados en la destruida relaci\u00f3n m\u00e9dico-paciente de anta\u00f1o. Muchos m\u00e9dicos estar\u00edan dispuestos a colaborar en su contenci\u00f3n, siempre que no haya un riesgo mayor de DESTRUIR SU PROFESI\u00d3N, EL SUSTENTO DE LA FAMILIA Y SU PROPIA PERSONA. Se los garantizo yo, que hace ya m\u00e1s de 15 a\u00f1os que no tengo ese riesgo, pero que lo vivo a diario, con mis colaboradores m\u00e9dicos de todas las ramas de la medicina\u201d.<\/p>\n\n\n\n<p>Apreciado amigo, tienes toda la raz\u00f3n sobre el gran problema de los costos y sobre prescripci\u00f3n de estudios y an\u00e1lisis.&nbsp;<strong>As\u00ed ning\u00fan sistema ser\u00e1 sostenible<\/strong>. Y qu\u00e9 bueno que venga de tu parte.&nbsp;<strong>Entiendo el lado de los m\u00e9dicos, pero tambi\u00e9n siento la angustia e inseguridad de los pacientes y de sus familiares<\/strong>. Sigo creyendo que el mejor equilibrio reside en el cumplimiento de los protocolos de atenci\u00f3n que en el 65% de los casos no se cumple, seg\u00fan un exministro.&nbsp;<strong>La demanda por mala pr\u00e1ctica solo es v\u00e1lida cuando se demuestra que el da\u00f1o se deriv\u00f3 del incumplimiento de la gu\u00eda o protocolo<\/strong>. As\u00ed se protege tanto al paciente como al m\u00e9dico.&nbsp;<strong>Sin protocolos, \u00bfc\u00f3mo controlamos los costos y garantizamos el equilibrio financiero?<\/strong>. \u00bfEsa propuesta contribuir\u00eda a reducir la alta mortalidad materno-infantil? Mis respetos de siempre.<\/p>\n\n\n\n<p>\u201cArismendy es absolutamente FALSA tu percepci\u00f3n de que la validez de las demandas se hace por la NO verificaci\u00f3n del cumplimiento de los protocolos. NOOOO. Las demandas EN NUESTRO PA\u00cdS no tienen nada que ver con eso, ni tampoco las sentencias de nuestros tribunales mal informados.&nbsp;<strong>Las demandas SON SOLO UN INSTRUMENTO PARA ROBARLE AL SISTEMA Y A LA SOCIEDAD UN DINERO<\/strong>.&nbsp;&nbsp;Por eso las conciliaciones nunca ocurren. Por eso los peritajes no son valorados en la corte. Y la inmensa mayor\u00eda de las demandas que incluyen aspectos penales (aparte de los civiles) lo usan para presionar, por el dinero. La sociedad no se da cuenta de esta encerrona donde nos est\u00e1n metiendo, tampoco lo entienden las ARSs; mucho menos los pol\u00edticos que son mayoritariamente abogados.&nbsp;&nbsp;Si seguimos con esta falsa percepci\u00f3n, nunca podremos llegar a tener un sistema sostenible. Y este tema TIENE QUE DISCUTIRSE, no es solo seguir con la ceguera de querer echarle la culpa a un lado de la ecuaci\u00f3n: LOS M\u00c9DICOS.<\/p>\n\n\n\n<p>En este interesante momento intervino una brillante profesional, de muy alto nivel acad\u00e9mico y d\u00e9cadas en el sector salud y escribi\u00f3 \u201c<strong>Creo que Arismendi expresaba lo que deber\u00eda ser, no lo que es actualmente\u201d.<\/strong><\/p>\n\n\n\n<p>Apreciado amigo, entonces si no es as\u00ed, lo que procede es modificar la ley para&nbsp;<strong>que la mala praxis se penalice por incumplimiento de los protocolos<\/strong>, lo que dicta mucho de la propuesta del CMD.&nbsp;Estamos claros que hay que evitar el abuso de los vividores. Pero&nbsp;la Constituci\u00f3n no permite privilegios, si la penalidad m\u00e9dica depende de la intenci\u00f3n, las muertes por accidentes de tr\u00e1nsito s\u00f3lo ser\u00edan punibles cuando exista mala intenci\u00f3n. Solo pretendo defender el derecho de todos, sin distinci\u00f3n. ADS\/560\/31\/10\/2024<\/p>\n","protected":false},"excerpt":{"rendered":"<p>diariodominicano.com Por\u2002Arismendi Diaz Santana Santo Domingo, R. D.,\u200231 de octubre, 2024.-\u2002Si la muerte de un paciente s\u00f3lo ser\u00eda penalizada cuando exista una mala intenci\u00f3n del m\u00e9dico, entonces tambi\u00e9n habr\u00eda que liberar a un conductor que mata en un accidente involuntario Ha causado muchos comentarios y controversias el dep\u00f3sito del Colegio M\u00e9dico Dominicano (CMD) en el [&hellip;]<\/p>\n","protected":false},"author":5,"featured_media":511495,"comment_status":"closed","ping_status":"closed","sticky":true,"template":"","format":"standard","meta":{"footnotes":""},"categories":[19,16,27],"tags":[],"class_list":["post-570865","post","type-post","status-publish","format-standard","has-post-thumbnail","hentry","category-mi-voz","category-opiniones","category-portada"],"_links":{"self":[{"href":"https:\/\/diariodominicano.com\/index.php?rest_route=\/wp\/v2\/posts\/570865","targetHints":{"allow":["GET"]}}],"collection":[{"href":"https:\/\/diariodominicano.com\/index.php?rest_route=\/wp\/v2\/posts"}],"about":[{"href":"https:\/\/diariodominicano.com\/index.php?rest_route=\/wp\/v2\/types\/post"}],"author":[{"embeddable":true,"href":"https:\/\/diariodominicano.com\/index.php?rest_route=\/wp\/v2\/users\/5"}],"replies":[{"embeddable":true,"href":"https:\/\/diariodominicano.com\/index.php?rest_route=%2Fwp%2Fv2%2Fcomments&post=570865"}],"version-history":[{"count":1,"href":"https:\/\/diariodominicano.com\/index.php?rest_route=\/wp\/v2\/posts\/570865\/revisions"}],"predecessor-version":[{"id":570892,"href":"https:\/\/diariodominicano.com\/index.php?rest_route=\/wp\/v2\/posts\/570865\/revisions\/570892"}],"wp:featuredmedia":[{"embeddable":true,"href":"https:\/\/diariodominicano.com\/index.php?rest_route=\/wp\/v2\/media\/511495"}],"wp:attachment":[{"href":"https:\/\/diariodominicano.com\/index.php?rest_route=%2Fwp%2Fv2%2Fmedia&parent=570865"}],"wp:term":[{"taxonomy":"category","embeddable":true,"href":"https:\/\/diariodominicano.com\/index.php?rest_route=%2Fwp%2Fv2%2Fcategories&post=570865"},{"taxonomy":"post_tag","embeddable":true,"href":"https:\/\/diariodominicano.com\/index.php?rest_route=%2Fwp%2Fv2%2Ftags&post=570865"}],"curies":[{"name":"wp","href":"https:\/\/api.w.org\/{rel}","templated":true}]}}