{"id":570765,"date":"2024-10-31T01:16:36","date_gmt":"2024-10-31T05:16:36","guid":{"rendered":"https:\/\/diariodominicano.com\/?p=570765"},"modified":"2024-10-31T02:51:06","modified_gmt":"2024-10-31T06:51:06","slug":"china-expresa-su-desaprobacion-por-decision-arancelaria-de-ue-sobre-vehiculos-electricos-chinos","status":"publish","type":"post","link":"https:\/\/diariodominicano.com\/?p=570765","title":{"rendered":"China expresa su desaprobaci\u00f3n por decisi\u00f3n arancelaria de UE sobre veh\u00edculos el\u00e9ctricos chinos"},"content":{"rendered":"\n<p><em>spanish.news.cn<\/em>|<em>&nbsp;2024-10-30 14:15:16<\/em>|<\/p>\n\n\n\n<p>BEIJING, 30 oct (Xinhua) &#8212; China no aprueba ni acepta la decisi\u00f3n de la Comisi\u00f3n Europea de imponer aranceles adicionales a los veh\u00edculos el\u00e9ctricos fabricados por China, anunci\u00f3 hoy mi\u00e9rcoles un portavoz del Ministerio de Comercio.<\/p>\n\n\n\n<p>El pa\u00eds ha se\u00f1alado en repetidas ocasiones que la investigaci\u00f3n antisubvenciones de la Uni\u00f3n Europea (UE) sobre los veh\u00edculos el\u00e9ctricos chinos es irracional, est\u00e1 plagada de numerosos problemas de incumplimiento y es una medida proteccionista bajo el disfraz de la \u00abcompetencia leal\u00bb, dijo el portavoz en un comunicado publicado en el sitio web del ministerio.<\/p>\n\n\n\n<p>China ya ha apelado ante el mecanismo de soluci\u00f3n de diferencias de la Organizaci\u00f3n Mundial del Comercio (OMC) sobre el tema, y continuar\u00e1 tomando todas las medidas necesarias para salvaguardar los derechos e intereses leg\u00edtimos de las empresas del pa\u00eds.<\/p>\n\n\n\n<p>Al se\u00f1alar que la UE todav\u00eda est\u00e1 dispuesta a continuar las conversaciones acerca de los compromisos de precios para los veh\u00edculos en cuesti\u00f3n, el vocero afirm\u00f3 que China siempre aboga por la resoluci\u00f3n de las disputas comerciales a trav\u00e9s del di\u00e1logo y la consulta, y ha hecho los m\u00e1ximos esfuerzos para este fin.<\/p>\n\n\n\n<p>Actualmente, los equipos t\u00e9cnicos de ambas partes est\u00e1n inmersos en una nueva fase de consultas.<\/p>\n\n\n\n<p>Se espera que la parte europea trabaje de manera constructiva con China, siguiendo los principios de \u00abpragmatismo y equilibrio\u00bb y teniendo en cuenta las preocupaciones fundamentales de cada uno, y se esfuerce por alcanzar una soluci\u00f3n mutuamente aceptable lo antes posible para evitar una escalada de las fricciones comerciales, seg\u00fan la misma fuente.&nbsp;<\/p>\n\n\n\n<p><a href=\"https:\/\/www.facebook.com\/sharer\/sharer.php?u=https:\/\/spanish.xinhuanet.com\/20241030\/fe23b6126a0848be97e313931b991063\/c.html\" target=\"_blank\" rel=\"noreferrer noopener\"><\/a>&nbsp;<a href=\"https:\/\/twitter.com\/intent\/tweet?text=%0A%20%20%20%20%20%20%20%20%20%20%20%20%20%20%20%20%20%20%20%20China%20expresa%20su%20desaprobaci%C3%B3n%20por%20decisi%C3%B3n%20arancelaria%20de%20UE%20sobre%20veh%C3%ADculos%20el%C3%A9ctricos%20chinos%20%0A%20%20%20%20%20%20%20%20%20%20%20%20%20%20%20%20&amp;url=https:\/\/spanish.xinhuanet.com\/20241030\/fe23b6126a0848be97e313931b991063\/c.html\" target=\"_blank\" rel=\"noreferrer noopener\"><\/a>&nbsp;<a target=\"_blank\" href=\"https:\/\/service.weibo.com\/share\/share.php?title=%0A%20%20%20%20%20%20%20%20%20%20%20%20%20%20%20%20%20%20%20%20China%20expresa%20su%20desaprobaci%C3%B3n%20por%20decisi%C3%B3n%20arancelaria%20de%20UE%20sobre%20veh%C3%ADculos%20el%C3%A9ctricos%20chinos%20%0A%20%20%20%20%20%20%20%20%20%20%20%20%20%20%20%20&amp;url=https:\/\/spanish.xinhuanet.com\/20241030\/fe23b6126a0848be97e313931b991063\/c.html\" rel=\"noreferrer noopener\"><\/a>&nbsp;<a><\/a><\/p>\n\n\n\n<figure class=\"wp-block-image\"><img decoding=\"async\" src=\"https:\/\/imgs.news.cn\/res\/xhwimg\/spanish\/20170522\/img\/jc-xfa.png\" alt=\"\"\/><\/figure>\n","protected":false},"excerpt":{"rendered":"<p>spanish.news.cn|&nbsp;2024-10-30 14:15:16| BEIJING, 30 oct (Xinhua) &#8212; China no aprueba ni acepta la decisi\u00f3n de la Comisi\u00f3n Europea de imponer aranceles adicionales a los veh\u00edculos el\u00e9ctricos fabricados por China, anunci\u00f3 hoy mi\u00e9rcoles un portavoz del Ministerio de Comercio. El pa\u00eds ha se\u00f1alado en repetidas ocasiones que la investigaci\u00f3n antisubvenciones de la Uni\u00f3n Europea (UE) sobre [&hellip;]<\/p>\n","protected":false},"author":28,"featured_media":570831,"comment_status":"closed","ping_status":"closed","sticky":true,"template":"","format":"standard","meta":{"footnotes":""},"categories":[18,23],"tags":[],"class_list":["post-570765","post","type-post","status-publish","format-standard","has-post-thumbnail","hentry","category-economia","category-internacional"],"_links":{"self":[{"href":"https:\/\/diariodominicano.com\/index.php?rest_route=\/wp\/v2\/posts\/570765","targetHints":{"allow":["GET"]}}],"collection":[{"href":"https:\/\/diariodominicano.com\/index.php?rest_route=\/wp\/v2\/posts"}],"about":[{"href":"https:\/\/diariodominicano.com\/index.php?rest_route=\/wp\/v2\/types\/post"}],"author":[{"embeddable":true,"href":"https:\/\/diariodominicano.com\/index.php?rest_route=\/wp\/v2\/users\/28"}],"replies":[{"embeddable":true,"href":"https:\/\/diariodominicano.com\/index.php?rest_route=%2Fwp%2Fv2%2Fcomments&post=570765"}],"version-history":[{"count":1,"href":"https:\/\/diariodominicano.com\/index.php?rest_route=\/wp\/v2\/posts\/570765\/revisions"}],"predecessor-version":[{"id":570766,"href":"https:\/\/diariodominicano.com\/index.php?rest_route=\/wp\/v2\/posts\/570765\/revisions\/570766"}],"wp:featuredmedia":[{"embeddable":true,"href":"https:\/\/diariodominicano.com\/index.php?rest_route=\/wp\/v2\/media\/570831"}],"wp:attachment":[{"href":"https:\/\/diariodominicano.com\/index.php?rest_route=%2Fwp%2Fv2%2Fmedia&parent=570765"}],"wp:term":[{"taxonomy":"category","embeddable":true,"href":"https:\/\/diariodominicano.com\/index.php?rest_route=%2Fwp%2Fv2%2Fcategories&post=570765"},{"taxonomy":"post_tag","embeddable":true,"href":"https:\/\/diariodominicano.com\/index.php?rest_route=%2Fwp%2Fv2%2Ftags&post=570765"}],"curies":[{"name":"wp","href":"https:\/\/api.w.org\/{rel}","templated":true}]}}