{"id":570763,"date":"2024-10-31T01:14:56","date_gmt":"2024-10-31T05:14:56","guid":{"rendered":"https:\/\/diariodominicano.com\/?p=570763"},"modified":"2024-10-31T02:51:34","modified_gmt":"2024-10-31T06:51:34","slug":"aranceles-de-ue-a-vehiculos-electricos-chinos-provocan-oposicion-generalizada","status":"publish","type":"post","link":"https:\/\/diariodominicano.com\/?p=570763","title":{"rendered":"Aranceles de UE a veh\u00edculos el\u00e9ctricos chinos provocan oposici\u00f3n generalizada"},"content":{"rendered":"\n<p><em>spanish.news.cn<\/em>|<em>&nbsp;2024-10-31 01:06:45<\/em>|<\/p>\n\n\n\n<p>BEIJING, 30 oct (Xinhua) &#8212; La decisi\u00f3n de la Uni\u00f3n Europea (UE) de imponer derechos compensatorios definitivos a los veh\u00edculos el\u00e9ctricos fabricados en China durante un per\u00edodo de cinco a\u00f1os ha provocado una fuerte oposici\u00f3n y China ha calificado a la medida como \u00abinjusta, irrazonable y poco objetiva\u00bb.<\/p>\n\n\n\n<p>En un comunicado emitido hoy mi\u00e9rcoles, la C\u00e1mara de Comercio de China para la Importaci\u00f3n y Exportaci\u00f3n de Maquinaria y Productos Electr\u00f3nicos (CCCME, siglas en ingl\u00e9s), en nombre de la industria automovil\u00edstica china, expres\u00f3 su \u00abgran pesar\u00bb por la decisi\u00f3n de imponer aranceles antisubsidios a los veh\u00edculos el\u00e9ctricos originarios de China.<\/p>\n\n\n\n<p>A partir de hoy, estos aranceles se aplicar\u00e1n con tasas variables para las distintas empresas: 17 por ciento para BYD, 18,8 por ciento para Geely y 35,3 por ciento para SAIC. Otras empresas cooperantes estar\u00e1n sujetas a un arancel del 20,7 por ciento, mientras que las empresas no cooperantes tendr\u00e1n un arancel del 35,3 por ciento, de acuerdo con la Comisi\u00f3n Europea.<\/p>\n\n\n\n<p>Luego de una solicitud fundamentada de revisi\u00f3n individual, el fabricante estadounidense de veh\u00edculos el\u00e9ctricos Tesla, que tambi\u00e9n fabrica veh\u00edculos en China, enfrentar\u00e1 un arancel del 7,8 por ciento, se\u00f1al\u00f3 la comisi\u00f3n.<\/p>\n\n\n\n<p>La CCCME indic\u00f3 que la Comisi\u00f3n Europea no rectific\u00f3 sus \u00abconclusiones incorrectas\u00bb en la resoluci\u00f3n final sobre la imposici\u00f3n de aranceles definitivos a los veh\u00edculos el\u00e9ctricos chinos, y que hubo una grave falta de transparencia en el procedimiento, y a\u00f1adi\u00f3 que la medida viola gravemente las normas antisubsidios pertinentes de la Organizaci\u00f3n Mundial del Comercio (OMC) y de la UE.<\/p>\n\n\n\n<p>La Asociaci\u00f3n de Fabricantes de Autom\u00f3viles de China (CAAM, siglas en ingl\u00e9s) tambi\u00e9n expres\u00f3 hoy en un comunicado su desacuerdo con la decisi\u00f3n. La decisi\u00f3n, que no es objetiva y es sumamente injusta para las empresas automovil\u00edsticas de China, es considerada inaceptable, expres\u00f3 la CAAM.<\/p>\n\n\n\n<p>La CAAM subray\u00f3 que la imposici\u00f3n de aranceles no s\u00f3lo viola los principios fundamentales del libre comercio y la competencia leal, sino que tambi\u00e9n socava la cooperaci\u00f3n entre las industrias automotrices china y europea, as\u00ed como la transici\u00f3n ecol\u00f3gica y de bajas emisiones de carbono.<\/p>\n\n\n\n<p>Esta ma\u00f1ana, un portavoz del Ministerio de Comercio indic\u00f3 que China no aprueba ni acepta la decisi\u00f3n de la Comisi\u00f3n Europea de imponer aranceles adicionales a los veh\u00edculos el\u00e9ctricos chinos.<\/p>\n\n\n\n<p>China ha se\u00f1alado en repetidas ocasiones que la investigaci\u00f3n antisubsidios de la UE sobre los veh\u00edculos el\u00e9ctricos chinos es irracional, est\u00e1 plagada de numerosos problemas de incumplimiento y es una medida proteccionista bajo el disfraz de la \u00abcompetencia leal\u00bb, dijo el ministerio.<\/p>\n\n\n\n<p>China ya apel\u00f3 al mecanismo de soluci\u00f3n de diferencias de la OMC sobre esta cuesti\u00f3n y seguir\u00e1 tomando todas las medidas necesarias para salvaguardar los derechos e intereses leg\u00edtimos de las empresas chinas, se\u00f1al\u00f3 el portavoz del Ministerio de Comercio.<\/p>\n\n\n\n<p>El fabricante de autos chino SAIC Motor, al que la Comisi\u00f3n Europea impuso una tarifa arancelaria de 35,3 por ciento, dijo que planea presentar una demanda ante el Tribunal de Justicia de la Uni\u00f3n Europea para impugnar la decisi\u00f3n.<\/p>\n\n\n\n<p>El fabricante dijo que la Comisi\u00f3n Europea cometi\u00f3 errores en la identificaci\u00f3n de subsidios durante su investigaci\u00f3n, ignor\u00f3 hechos y argumentos clave presentados por SAIC y supuso tasas subsidiarias con imprecisi\u00f3n respecto a diversos \u00edtems.<\/p>\n\n\n\n<p>La compa\u00f1\u00eda indic\u00f3 que los aranceles adicionales s\u00f3lo elevar\u00e1n los costos para los compradores de autos europeos e impedir\u00e1n la adopci\u00f3n generalizada de veh\u00edculos el\u00e9ctricos, y a\u00f1adi\u00f3 que est\u00e1 tomando medidas para adaptarse a las barreras comerciales, incluyendo la intensificaci\u00f3n de los esfuerzos para introducir al mercado europeo nuevos modelos de autos con diversos sistemas de alimentaci\u00f3n y la expansi\u00f3n de su gama de productos bajo la marca MG.<\/p>\n\n\n\n<p>NUEVA ETAPA DE CONSULTAS<\/p>\n\n\n\n<p>Cuando anunci\u00f3 la imposici\u00f3n de aranceles el martes, la Comisi\u00f3n Europea dijo que la UE y China siguen trabajando para hallar soluciones alternativas y compatibles con la OMC que sean efectivas para abordar los problemas identificados por la investigaci\u00f3n, y a\u00f1adi\u00f3 que permanece abierta a negociaciones sobre compromiso de precios.<\/p>\n\n\n\n<p>El portavoz del Ministerio de Comercio indic\u00f3 que la UE sigue abierta a seguir las discusiones sobre compromisos de precios para los veh\u00edculos el\u00e9ctricos fabricados en China y dijo que China siempre ha abogado por la soluci\u00f3n de las disputas comerciales a trav\u00e9s del di\u00e1logo y de las consultas, y que ha hecho todos los esfuerzos para conseguirlo.<\/p>\n\n\n\n<p>Actualmente, equipos t\u00e9cnicos de ambas partes est\u00e1n sosteniendo una nueva etapa de consultas. Se espera que la parte europea trabaje constructivamente con China, se adhiera a los principios de \u00abpragmatismo y equilibrio\u00bb y tome en cuenta las preocupaciones fundamentales de cada uno, asimismo, que se esfuerce por alcanzar una soluci\u00f3n mutuamente aceptable lo antes posible para evitar una escalada de las fricciones comerciales, indic\u00f3 el Ministerio de Comercio.<\/p>\n\n\n\n<p>La CAAM manifest\u00f3 la esperanza de que ambas partes sigan comprometidas con el di\u00e1logo y las consultas para mantener la estabilidad de las operaciones de las cadenas industrial y de suministro automotrices mundiales.<\/p>\n\n\n\n<p>Por su parte, la CCCME ha expresado la esperanza de que la UE aborde las consultas con el m\u00e1ximo de sinceridad y alcance lo antes posible una soluci\u00f3n equilibrada aceptable para ambas partes.&nbsp;<\/p>\n","protected":false},"excerpt":{"rendered":"<p>spanish.news.cn|&nbsp;2024-10-31 01:06:45| BEIJING, 30 oct (Xinhua) &#8212; La decisi\u00f3n de la Uni\u00f3n Europea (UE) de imponer derechos compensatorios definitivos a los veh\u00edculos el\u00e9ctricos fabricados en China durante un per\u00edodo de cinco a\u00f1os ha provocado una fuerte oposici\u00f3n y China ha calificado a la medida como \u00abinjusta, irrazonable y poco objetiva\u00bb. En un comunicado emitido hoy [&hellip;]<\/p>\n","protected":false},"author":28,"featured_media":570831,"comment_status":"closed","ping_status":"closed","sticky":true,"template":"","format":"standard","meta":{"footnotes":""},"categories":[18],"tags":[],"class_list":["post-570763","post","type-post","status-publish","format-standard","has-post-thumbnail","hentry","category-economia"],"_links":{"self":[{"href":"https:\/\/diariodominicano.com\/index.php?rest_route=\/wp\/v2\/posts\/570763","targetHints":{"allow":["GET"]}}],"collection":[{"href":"https:\/\/diariodominicano.com\/index.php?rest_route=\/wp\/v2\/posts"}],"about":[{"href":"https:\/\/diariodominicano.com\/index.php?rest_route=\/wp\/v2\/types\/post"}],"author":[{"embeddable":true,"href":"https:\/\/diariodominicano.com\/index.php?rest_route=\/wp\/v2\/users\/28"}],"replies":[{"embeddable":true,"href":"https:\/\/diariodominicano.com\/index.php?rest_route=%2Fwp%2Fv2%2Fcomments&post=570763"}],"version-history":[{"count":1,"href":"https:\/\/diariodominicano.com\/index.php?rest_route=\/wp\/v2\/posts\/570763\/revisions"}],"predecessor-version":[{"id":570764,"href":"https:\/\/diariodominicano.com\/index.php?rest_route=\/wp\/v2\/posts\/570763\/revisions\/570764"}],"wp:featuredmedia":[{"embeddable":true,"href":"https:\/\/diariodominicano.com\/index.php?rest_route=\/wp\/v2\/media\/570831"}],"wp:attachment":[{"href":"https:\/\/diariodominicano.com\/index.php?rest_route=%2Fwp%2Fv2%2Fmedia&parent=570763"}],"wp:term":[{"taxonomy":"category","embeddable":true,"href":"https:\/\/diariodominicano.com\/index.php?rest_route=%2Fwp%2Fv2%2Fcategories&post=570763"},{"taxonomy":"post_tag","embeddable":true,"href":"https:\/\/diariodominicano.com\/index.php?rest_route=%2Fwp%2Fv2%2Ftags&post=570763"}],"curies":[{"name":"wp","href":"https:\/\/api.w.org\/{rel}","templated":true}]}}