{"id":570726,"date":"2024-10-30T23:59:50","date_gmt":"2024-10-31T03:59:50","guid":{"rendered":"https:\/\/diariodominicano.com\/?p=570726"},"modified":"2024-10-30T23:59:53","modified_gmt":"2024-10-31T03:59:53","slug":"el-pld-se-prepara-para-la-conmemoracion-del-23-aniversario-del-fallecimiento-del-ex-presidente-de-la-republica-profesor-juan-bosch-lider-historico-de-ese-partido-politico","status":"publish","type":"post","link":"https:\/\/diariodominicano.com\/?p=570726","title":{"rendered":"El PLD se prepara para la conmemoraci\u00f3n del 23 aniversario del fallecimiento \u00a0del ex Presidente de la Rep\u00fablica, Profesor Juan Bosch, l\u00edder hist\u00f3rico de ese partido pol\u00edtico"},"content":{"rendered":"\n<p>En medio de los preparativos finales del X Congreso Ordinario Reinaldo Pared P\u00e9rez, &nbsp;<strong>el Partido de la Liberaci\u00f3n Dominicana se prepara para la conmemoraci\u00f3n del<\/strong>&nbsp;<strong>23 aniversario del fallecimiento de su l\u00edder hist\u00f3rico, el Profesor Juan Bosch.<\/strong><\/p>\n\n\n\n<p>Juan Bosch falleci\u00f3 el primero de noviembre de 2001, arribando este viernes &nbsp;al 23 aniversario de aquella triste noticia dada a conocer en la ma\u00f1ana de aquel d\u00eda.<\/p>\n\n\n\n<p>Los restos del &nbsp;ex presidente de la Rep\u00fablica &nbsp;descansan en un mausoleo ubicado en el Cementerio Ornamental de La Vega, ciudad que le vio nacer en el a\u00f1o 1909, raz\u00f3n por la que en vida solicit\u00f3 ser sepultado all\u00ed.<\/p>\n\n\n\n<p>Para las seis de la tarde del pr\u00f3ximo viernes la Comisi\u00f3n de celebraciones y conmemoraciones del PLD inscribi\u00f3 una misa en la parroquia San Antonio de Padua, templo religioso ubicado en el sector capitalino Gascue, vecino de la sede nacional del Partido de la Liberaci\u00f3n Dominicana.<\/p>\n\n\n\n<p>La dirigencia del Partido de la Liberaci\u00f3n Dominicana ha sido notificada de esta actividad para rendir el tributo correspondiente a su fundador y l\u00edder hist\u00f3rico, el profesor Juan Bosch.<\/p>\n\n\n\n<p>El Comit\u00e9 Provincial del PLD en La Vega prepara una ofrenda floral ante la tumba en el Cementerio Ornamental en horas de la ma\u00f1ana. &nbsp;<\/p>\n\n\n\n<p>&nbsp;En los Comit\u00e9s provinciales y de seccionales tambi\u00e9n se organizan actos de recordaci\u00f3n al fundador del PLD, Juan Bosch, quien defini\u00f3 al Partido morado de la estrella amarilla, como su principal obra pol\u00edtica.<\/p>\n\n\n\n<p><strong>SECRETARIA COMUNICACIONES<\/strong><\/p>\n\n\n\n<p><strong>30 DE OCTUBRE 2024<\/strong><\/p>\n","protected":false},"excerpt":{"rendered":"<p>En medio de los preparativos finales del X Congreso Ordinario Reinaldo Pared P\u00e9rez, &nbsp;el Partido de la Liberaci\u00f3n Dominicana se prepara para la conmemoraci\u00f3n del&nbsp;23 aniversario del fallecimiento de su l\u00edder hist\u00f3rico, el Profesor Juan Bosch. Juan Bosch falleci\u00f3 el primero de noviembre de 2001, arribando este viernes &nbsp;al 23 aniversario de aquella triste noticia [&hellip;]<\/p>\n","protected":false},"author":28,"featured_media":570727,"comment_status":"closed","ping_status":"closed","sticky":true,"template":"","format":"standard","meta":{"footnotes":""},"categories":[26,22],"tags":[],"class_list":["post-570726","post","type-post","status-publish","format-standard","has-post-thumbnail","hentry","category-efemerides","category-politica"],"_links":{"self":[{"href":"https:\/\/diariodominicano.com\/index.php?rest_route=\/wp\/v2\/posts\/570726","targetHints":{"allow":["GET"]}}],"collection":[{"href":"https:\/\/diariodominicano.com\/index.php?rest_route=\/wp\/v2\/posts"}],"about":[{"href":"https:\/\/diariodominicano.com\/index.php?rest_route=\/wp\/v2\/types\/post"}],"author":[{"embeddable":true,"href":"https:\/\/diariodominicano.com\/index.php?rest_route=\/wp\/v2\/users\/28"}],"replies":[{"embeddable":true,"href":"https:\/\/diariodominicano.com\/index.php?rest_route=%2Fwp%2Fv2%2Fcomments&post=570726"}],"version-history":[{"count":1,"href":"https:\/\/diariodominicano.com\/index.php?rest_route=\/wp\/v2\/posts\/570726\/revisions"}],"predecessor-version":[{"id":570728,"href":"https:\/\/diariodominicano.com\/index.php?rest_route=\/wp\/v2\/posts\/570726\/revisions\/570728"}],"wp:featuredmedia":[{"embeddable":true,"href":"https:\/\/diariodominicano.com\/index.php?rest_route=\/wp\/v2\/media\/570727"}],"wp:attachment":[{"href":"https:\/\/diariodominicano.com\/index.php?rest_route=%2Fwp%2Fv2%2Fmedia&parent=570726"}],"wp:term":[{"taxonomy":"category","embeddable":true,"href":"https:\/\/diariodominicano.com\/index.php?rest_route=%2Fwp%2Fv2%2Fcategories&post=570726"},{"taxonomy":"post_tag","embeddable":true,"href":"https:\/\/diariodominicano.com\/index.php?rest_route=%2Fwp%2Fv2%2Ftags&post=570726"}],"curies":[{"name":"wp","href":"https:\/\/api.w.org\/{rel}","templated":true}]}}