{"id":570699,"date":"2024-10-30T23:21:53","date_gmt":"2024-10-31T03:21:53","guid":{"rendered":"https:\/\/diariodominicano.com\/?p=570699"},"modified":"2024-10-30T23:22:58","modified_gmt":"2024-10-31T03:22:58","slug":"evangelicos-convocan-a-oraciones-por-la-paz-y-seguridad-frente-alcaldia-nyc","status":"publish","type":"post","link":"https:\/\/diariodominicano.com\/?p=570699","title":{"rendered":"Evang\u00e9licos convocan a oraciones por la paz y seguridad frente alcald\u00eda NYC"},"content":{"rendered":"\n<p><strong>Por Ram\u00f3n Mercedes<\/strong><\/p>\n\n\n\n<p><strong>NUEVA YORK.-&nbsp;<\/strong>La Organizaci\u00f3n de Ministros Hispanos de Nueva York, que preside el Reverendo Rub\u00e9n D\u00edaz, asistir\u00e1 frente a la escalinata de la Alcald\u00eda de esta ciudad para orar por la unidad, la paz, tranquilidad y los l\u00edderes de la Gran Manzana.<\/p>\n\n\n\n<p>Junto a la organizaci\u00f3n religiosa tambi\u00e9n participar\u00e1n Radio Visi\u00f3n Cristiana Internacional,&nbsp;Radio C\u00e1ntico Nuevo, Aliento Visi\u00f3n T.V. y La Alianza Internacional de Capellanes.<\/p>\n\n\n\n<p>Los religiosos sostienen que se sienten preocupados por la condici\u00f3n de inseguridad y desmoralizaci\u00f3n por la que est\u00e1 atravesando la Metr\u00f3poli.<\/p>\n\n\n\n<p><\/p>\n\n\n\n<p>Entre los organizadores, a parte del Reverendo D\u00edaz, asistir\u00e1n el&nbsp;Obispo Nicol\u00e1s Angustia, vicepresidente; Reverenda Samaris Gross, Byron Castillo, vicepresidenta, Ap\u00f3stol y secretario ejecutiva; Reverenda Lourdes P\u00e9rez, subsecretaria; Obispo Carlos Pichardo, secretario de actas; Reverendo Leopoldo Brisco, tesoro; y Reverendo Andy Torres, primer vicepresidente em\u00e9ritos, todos pertenecientes al Comit\u00e9 Ejecutivo.<\/p>\n\n\n\n<p>Adem\u00e1s, los integrantes del Comit\u00e9 de Relaciones P\u00fablicas, entre ellos Sylvia Soriano, director; los Reverendos P\u00e9rsido Garces, Rosalyn Castillo y Juana Garc\u00eda, y Luz Ventura.<\/p>\n\n\n\n<p>Tambi\u00e9n los consejeros: Reverendos Juan Lal\u00edndez, Martha Chamarro, Luis Quintero, Pura Salom\u00f3n, Juan Castillo, Luis Rodr\u00edguez, Ismael S\u00e1nchez, Oscar Gir\u00f3n, Aurelio Rexach, Virginia Molina y Carmen V. Sanabria.<\/p>\n\n\n\n<p>La actividad se llevar\u00e1 a cabo este viernes a las 10:00 de la ma\u00f1ana en el local municipal, ubicado en Down Town Manhattan. Para m\u00e1s informaci\u00f3n llamar al (718) 924-7318.<\/p>\n","protected":false},"excerpt":{"rendered":"<p>Por Ram\u00f3n Mercedes NUEVA YORK.-&nbsp;La Organizaci\u00f3n de Ministros Hispanos de Nueva York, que preside el Reverendo Rub\u00e9n D\u00edaz, asistir\u00e1 frente a la escalinata de la Alcald\u00eda de esta ciudad para orar por la unidad, la paz, tranquilidad y los l\u00edderes de la Gran Manzana. Junto a la organizaci\u00f3n religiosa tambi\u00e9n participar\u00e1n Radio Visi\u00f3n Cristiana Internacional,&nbsp;Radio [&hellip;]<\/p>\n","protected":false},"author":28,"featured_media":570701,"comment_status":"closed","ping_status":"closed","sticky":true,"template":"","format":"standard","meta":{"footnotes":""},"categories":[25,23],"tags":[],"class_list":["post-570699","post","type-post","status-publish","format-standard","has-post-thumbnail","hentry","category-gente","category-internacional"],"_links":{"self":[{"href":"https:\/\/diariodominicano.com\/index.php?rest_route=\/wp\/v2\/posts\/570699","targetHints":{"allow":["GET"]}}],"collection":[{"href":"https:\/\/diariodominicano.com\/index.php?rest_route=\/wp\/v2\/posts"}],"about":[{"href":"https:\/\/diariodominicano.com\/index.php?rest_route=\/wp\/v2\/types\/post"}],"author":[{"embeddable":true,"href":"https:\/\/diariodominicano.com\/index.php?rest_route=\/wp\/v2\/users\/28"}],"replies":[{"embeddable":true,"href":"https:\/\/diariodominicano.com\/index.php?rest_route=%2Fwp%2Fv2%2Fcomments&post=570699"}],"version-history":[{"count":2,"href":"https:\/\/diariodominicano.com\/index.php?rest_route=\/wp\/v2\/posts\/570699\/revisions"}],"predecessor-version":[{"id":570702,"href":"https:\/\/diariodominicano.com\/index.php?rest_route=\/wp\/v2\/posts\/570699\/revisions\/570702"}],"wp:featuredmedia":[{"embeddable":true,"href":"https:\/\/diariodominicano.com\/index.php?rest_route=\/wp\/v2\/media\/570701"}],"wp:attachment":[{"href":"https:\/\/diariodominicano.com\/index.php?rest_route=%2Fwp%2Fv2%2Fmedia&parent=570699"}],"wp:term":[{"taxonomy":"category","embeddable":true,"href":"https:\/\/diariodominicano.com\/index.php?rest_route=%2Fwp%2Fv2%2Fcategories&post=570699"},{"taxonomy":"post_tag","embeddable":true,"href":"https:\/\/diariodominicano.com\/index.php?rest_route=%2Fwp%2Fv2%2Ftags&post=570699"}],"curies":[{"name":"wp","href":"https:\/\/api.w.org\/{rel}","templated":true}]}}